{"id":225806,"date":"2025-07-04T14:17:10","date_gmt":"2025-07-04T14:17:10","guid":{"rendered":"https:\/\/www.europesays.com\/fr\/225806\/"},"modified":"2025-07-04T14:17:10","modified_gmt":"2025-07-04T14:17:10","slug":"la-baignade-autorisee-sept-jours-sur-sept","status":"publish","type":"post","link":"https:\/\/www.europesays.com\/fr\/225806\/","title":{"rendered":"la baignade autoris\u00e9e sept jours sur sept"},"content":{"rendered":"<p>L\u2019\u00e9t\u00e9 peut commencer\u00a0: la base nautique de Saint-Victor-sur-Loire ouvre ce samedi 5\u00a0juillet. Le feu vert a \u00e9t\u00e9 donn\u00e9 par l\u2019ARS, qui a valid\u00e9 la qualit\u00e9 de l\u2019eau jusqu\u2019au 11\u00a0juillet \u00e0 la suite des derni\u00e8res analyses.<\/p>\n<p>La baignade sera possible tous les jours, car encadr\u00e9e par trois ma\u00eetres-nageurs. \u00ab\u00a0La baignade sera autoris\u00e9e et surveill\u00e9e, dans la zone d\u00e9limit\u00e9e par la ligne d\u2019eau, durant toutes les vacances scolaires, sept jours sur sept de 12 heures \u00e0 18 heures\u00a0\u00bb, confirme la Ville de Saint-\u00c9tienne.<\/p>\n<p>  Des navettes toutes les 30 minutes<\/p>\n<p>Pour rendre la zone accessible \u00e0 tous, la municipalit\u00e9 met en place des navettes Stas en partance de la place Jean-Jaur\u00e8s, toutes les demi-heures. Les plus sportifs ne sont pas en reste \u00ab\u00a0Il existe d\u00e9sormais une piste cyclable, repr\u00e9sentant un tron\u00e7on de 2,8 kilom\u00e8tres, entre le carrefour du Vallon et l\u2019entr\u00e9e du village, offrant aux cyclistes une voie d\u2019acc\u00e8s s\u00e9curis\u00e9e dans les deux sens de circulation\u00a0\u00bb, rappelle la Ville.<\/p>\n<p>Pour les automobilistes, un parking de 42 places \u00e0 Grande Fontaine facilite l\u2019acc\u00e8s pi\u00e9ton jusqu\u2019au village. Un \u00e9t\u00e9 au bord de l\u2019eau, dans un espace sans tabac. \u00c0 vos maillots.<\/p>\n","protected":false},"excerpt":{"rendered":"L\u2019\u00e9t\u00e9 peut commencer\u00a0: la base nautique de Saint-Victor-sur-Loire ouvre ce samedi 5\u00a0juillet. Le feu vert a \u00e9t\u00e9 donn\u00e9&hellip;\n","protected":false},"author":2,"featured_media":225807,"comment_status":"","ping_status":"","sticky":false,"template":"","format":"standard","meta":{"footnotes":""},"categories":[9653],"tags":[1111,11,2430,7539,436,1777,674,1011,27,3367,12,25,4001,29878],"class_list":{"0":"post-225806","1":"post","2":"type-post","3":"status-publish","4":"format-standard","5":"has-post-thumbnail","7":"category-saint-etienne","8":"tag-actu","9":"tag-actualites","10":"tag-auvergne-rhone-alpes","11":"tag-edition-loire-sud","12":"tag-environnement","13":"tag-eu","14":"tag-europe","15":"tag-fr","16":"tag-france","17":"tag-loire","18":"tag-news","19":"tag-republique-francaise","20":"tag-saint-etienne","21":"tag-saint-victor-sur-loire"},"share_on_mastodon":{"url":"https:\/\/pubeurope.com\/@fr\/114795396722024908","error":""},"_links":{"self":[{"href":"https:\/\/www.europesays.com\/fr\/wp-json\/wp\/v2\/posts\/225806","targetHints":{"allow":["GET"]}}],"collection":[{"href":"https:\/\/www.europesays.com\/fr\/wp-json\/wp\/v2\/posts"}],"about":[{"href":"https:\/\/www.europesays.com\/fr\/wp-json\/wp\/v2\/types\/post"}],"author":[{"embeddable":true,"href":"https:\/\/www.europesays.com\/fr\/wp-json\/wp\/v2\/users\/2"}],"replies":[{"embeddable":true,"href":"https:\/\/www.europesays.com\/fr\/wp-json\/wp\/v2\/comments?post=225806"}],"version-history":[{"count":0,"href":"https:\/\/www.europesays.com\/fr\/wp-json\/wp\/v2\/posts\/225806\/revisions"}],"wp:featuredmedia":[{"embeddable":true,"href":"https:\/\/www.europesays.com\/fr\/wp-json\/wp\/v2\/media\/225807"}],"wp:attachment":[{"href":"https:\/\/www.europesays.com\/fr\/wp-json\/wp\/v2\/media?parent=225806"}],"wp:term":[{"taxonomy":"category","embeddable":true,"href":"https:\/\/www.europesays.com\/fr\/wp-json\/wp\/v2\/categories?post=225806"},{"taxonomy":"post_tag","embeddable":true,"href":"https:\/\/www.europesays.com\/fr\/wp-json\/wp\/v2\/tags?post=225806"}],"curies":[{"name":"wp","href":"https:\/\/api.w.org\/{rel}","templated":true}]}}