{"id":225810,"date":"2025-07-04T14:19:10","date_gmt":"2025-07-04T14:19:10","guid":{"rendered":"https:\/\/www.europesays.com\/fr\/225810\/"},"modified":"2025-07-04T14:19:10","modified_gmt":"2025-07-04T14:19:10","slug":"871-dadmis-dans-lacademie-nancy-metz","status":"publish","type":"post","link":"https:\/\/www.europesays.com\/fr\/225810\/","title":{"rendered":"87,1 % d\u2019admis dans l\u2019acad\u00e9mie Nancy-Metz"},"content":{"rendered":"<p>Avec <a href=\"https:\/\/www.republicain-lorrain.fr\/education\/2024\/07\/08\/baccalaureat-2024-87-1-d-admis-dans-l-academie-nancy-metz\" target=\"_blank\" rel=\"noopener\">un taux de r\u00e9ussite global \u00e0 l\u2019issue des \u00e9preuves du premier groupe identique \u00e0 celui de l\u2019an pass\u00e9, , \u00e0 87,1 %<\/a> le mill\u00e9sime 2025 de l\u2019examen du baccalaur\u00e9at (g\u00e9n\u00e9ral, techno et pro) dans l\u2019acad\u00e9mie Nancy-Metz est l\u2019un des meilleurs, <a href=\"https:\/\/www.republicain-lorrain.fr\/education\/2025\/07\/04\/bac-2025-jour-de-verdict-pour-les-lyceens-de-terminale\" target=\"_blank\" rel=\"noopener\">en avance sur les performances nationales (85,75 %)<\/a> , ce qui est une sp\u00e9cialit\u00e9 r\u00e9gionale. En effet, l\u2019acad\u00e9mie obtient des r\u00e9sultats sup\u00e9rieurs \u00e0 ceux du niveau national dans tous les baccalaur\u00e9ats : 92,1 % au bac g\u00e9n\u00e9ral, 84,7 % au baccalaur\u00e9at technologique et 80,7 % au baccalaur\u00e9at professionnel. Au total, 19 638 candidats lorrains sont d\u2019ores et d\u00e9j\u00e0 admis d\u00e9finitivement \u00e0 l\u2019issue du premier groupe d\u2019\u00e9preuves.<\/p>\n<p>Dans le d\u00e9tail, pour le bac g\u00e9n\u00e9ral, 10 299 candidats sont admis d\u00e9finitivement \u00e0 l\u2019issue du premier groupe. Un taux de r\u00e9ussite en tr\u00e8s l\u00e9g\u00e8re baisse par rapport \u00e0 juin 2024 pour le bac g\u00e9n\u00e9ral (- 0,4 %). Fait remarquable : ils sont pr\u00e8s des trois quarts cette ann\u00e9e encore \u00e0 avoir obtenu une mention (74,1 %). C\u2019est en Meuse que les r\u00e9sultats sont les plus flatteurs (94 % de r\u00e9ussite), suivie des Vosges (92,3 %) puis de la Meurthe-et-Moselle (92,2 %) et enfin de la Moselle (91,7 %).<\/p>\n<p>  Techno : toujours plus de mentions<\/p>\n<p>En ce qui concerne les s\u00e9ries technologiques, 3 791 des 4 474 candidats pr\u00e9sents ont \u00e9t\u00e9 admis \u00e0 l\u2019issue des \u00e9preuves du premier groupe, ce qui \u00e9tablit le taux de r\u00e9ussite global \u00e0 84,7 %, soit + 2,9 points par rapport \u00e0 2024. Plus de la moiti\u00e9 des candidats (55,5 %) s\u2019offrent une mention cette ann\u00e9e, une performance encore en progression par rapport \u00e0 2024. <\/p>\n<p>La s\u00e9rie S2TMD (Sciences et techniques du th\u00e9\u00e2tre, de la musique et de la danse) s\u2019offre de nouveau le carton plein de l\u2019ann\u00e9e avec 100 % de r\u00e9ussite, tout comme la s\u00e9rie STD2A (Sciences et technologies du design et des arts appliqu\u00e9s). Derri\u00e8re, la s\u00e9rie STHR (Sciences et techniques de l\u2019h\u00f4tellerie et de la restauration) cartonne avec 95,6 % de r\u00e9ussite, suivie de STL (Sciences et technologies de laboratoire) avec 91,7 % et, enfin, STMG (Sciences et technologies du management et de la gestion) avec 82,3 % de r\u00e9ussite. Au palmar\u00e8s d\u00e9partemental toutes s\u00e9ries confondues, c\u2019est cette fois la Meurthe-et-Moselle (85,9 %) qui devance la Meuse (85,5 %), les Vosges (85,4 %) puis et enfin la Moselle (83,6 %).<\/p>\n<p> Pro : les services gardent la t\u00eate <\/p>\n<p>Enfin, concernant les s\u00e9ries professionnelles, 5 548 lyc\u00e9ens empochent leur bac parmi les 6 878 candidats qui se sont pr\u00e9sent\u00e9s, soit un taux de r\u00e9ussite de 80,7 % (- 0,9 % par rapport \u00e0 l\u2019an pass\u00e9) ; 68,9 % des candidats obtiennent une mention (+0,3 % par rapport \u00e0 2024).<\/p>\n<p>Les candidats \u00e0 des bacs pro dans le domaine des services s\u2019en sont mieux sorti que ceux du domaine de la production, avec un taux de r\u00e9ussite global de 82,9 % contre 77,5 %. Le palmar\u00e8s territorial sourit une fois encore \u00e0 la Meuse (82,2 %), devant la Meurthe-et-Moselle (80,7 %), la Moselle (80,5 %) et enfin les Vosges (80,3 %) qui ferment la marche.<\/p>\n<p>Les \u00e9preuves du second groupe, dites d\u2019oral de contr\u00f4le, se d\u00e9rouleront jusqu\u2019au mercredi 9 juillet inclus.<\/p>\n<p class=\"note\">Tous les r\u00e9sultats sont ici : <a href=\"https:\/\/www.republicain-lorrain.fr\/education\/resultats-examens\" target=\"_blank\" rel=\"noopener\">https:\/\/www.republicain-lorrain.fr\/education\/resultats-examens<\/a><\/p>\n","protected":false},"excerpt":{"rendered":"Avec un taux de r\u00e9ussite global \u00e0 l\u2019issue des \u00e9preuves du premier groupe identique \u00e0 celui de l\u2019an&hellip;\n","protected":false},"author":2,"featured_media":225811,"comment_status":"","ping_status":"","sticky":false,"template":"","format":"standard","meta":{"footnotes":""},"categories":[9635],"tags":[1111,11,3599,5598,1057,1777,674,10961,107,1011,27,775,6212,6213,5599,1702,12,3456,25],"class_list":{"0":"post-225810","1":"post","2":"type-post","3":"status-publish","4":"format-standard","5":"has-post-thumbnail","7":"category-nancy","8":"tag-actu","9":"tag-actualites","10":"tag-college-lycee","11":"tag-edition-metz-et-agglomeration","12":"tag-education","13":"tag-eu","14":"tag-europe","15":"tag-examen-diplome","16":"tag-fil-info","17":"tag-fr","18":"tag-france","19":"tag-grand-est","20":"tag-metz","21":"tag-metz-ville-57b","22":"tag-moselle","23":"tag-nancy","24":"tag-news","25":"tag-region-lorraine","26":"tag-republique-francaise"},"share_on_mastodon":{"url":"https:\/\/pubeurope.com\/@fr\/114795404615781878","error":""},"_links":{"self":[{"href":"https:\/\/www.europesays.com\/fr\/wp-json\/wp\/v2\/posts\/225810","targetHints":{"allow":["GET"]}}],"collection":[{"href":"https:\/\/www.europesays.com\/fr\/wp-json\/wp\/v2\/posts"}],"about":[{"href":"https:\/\/www.europesays.com\/fr\/wp-json\/wp\/v2\/types\/post"}],"author":[{"embeddable":true,"href":"https:\/\/www.europesays.com\/fr\/wp-json\/wp\/v2\/users\/2"}],"replies":[{"embeddable":true,"href":"https:\/\/www.europesays.com\/fr\/wp-json\/wp\/v2\/comments?post=225810"}],"version-history":[{"count":0,"href":"https:\/\/www.europesays.com\/fr\/wp-json\/wp\/v2\/posts\/225810\/revisions"}],"wp:featuredmedia":[{"embeddable":true,"href":"https:\/\/www.europesays.com\/fr\/wp-json\/wp\/v2\/media\/225811"}],"wp:attachment":[{"href":"https:\/\/www.europesays.com\/fr\/wp-json\/wp\/v2\/media?parent=225810"}],"wp:term":[{"taxonomy":"category","embeddable":true,"href":"https:\/\/www.europesays.com\/fr\/wp-json\/wp\/v2\/categories?post=225810"},{"taxonomy":"post_tag","embeddable":true,"href":"https:\/\/www.europesays.com\/fr\/wp-json\/wp\/v2\/tags?post=225810"}],"curies":[{"name":"wp","href":"https:\/\/api.w.org\/{rel}","templated":true}]}}