{"id":225812,"date":"2025-07-04T14:20:18","date_gmt":"2025-07-04T14:20:18","guid":{"rendered":"https:\/\/www.europesays.com\/fr\/225812\/"},"modified":"2025-07-04T14:20:18","modified_gmt":"2025-07-04T14:20:18","slug":"handball-angers-encore-repeche-en-proligue-nancy-toujours-dans-lattente","status":"publish","type":"post","link":"https:\/\/www.europesays.com\/fr\/225812\/","title":{"rendered":"Handball. Angers (encore) rep\u00each\u00e9 en Proligue, Nancy toujours dans l\u2019attente"},"content":{"rendered":"<p>Pour la troisi\u00e8me fois depuis\u2026 2021, Angers va donc b\u00e9n\u00e9ficier des mansu\u00e9tudes de la LNH. R\u00e9uni, vendredi matin, le Comit\u00e9 directeur de la Ligue Nationale de Handball vient en effet de prononcer le rep\u00eachage du \u00ab SCO \u00bb.<\/p>\n<p>Bon dernier et rel\u00e9gu\u00e9 sportivement \u00e0 l\u2019issue de la saison 2024-2025, le club du Maine-et-Loire avait, une fois de plus, d\u00e9pos\u00e9 un dossier en vue d\u2019un \u00e9ventuel rep\u00eachage. Non sans une certaine confiance en l\u2019avenir puisqu\u2019il s\u2019est r\u00e9cemment attach\u00e9 (pour trois ans) les services de Jo\u00ebl Da Silva, l\u2019ex-entra\u00eeneur de Toulouse, Tremblay ou encore Saint-Rapha\u00ebl (formation avec laquelle il a atteint la finale de la Coupe EHF en 2018).<\/p>\n<p>  Et un de plus\u2026 qui fait quatorze !<\/p>\n<p>\u00ab Apr\u00e8s avis favorable de la CNACG, le Comit\u00e9 directeur a jug\u00e9 que le dossier d\u2019Angers SCO remplissait les conditions n\u00e9cessaires pour son maintien en Proligue \u00bb, annonce &#8211; <a href=\"https:\/\/www.lnh.fr\/proligue\/news\/2025-07-04\/angers-sco-repeche-en-proligue-pour-saison-2025-2026\" target=\"_blank\" rel=\"noopener\">via un communiqu\u00e9 de presse<\/a> &#8211; l\u2019instance dirigeante du handball professionnel, qui vient ainsi de cr\u00e9er (au moins provisoirement) les conditions d\u2019un championnat de D2 \u00e0 quatorze (*). Tout en rappelant, au passage, sa l\u00e9gitimit\u00e9 \u00e0 \u00ab compl\u00e9ter les divisions si des clubs initialement qualifi\u00e9s (voyaient) leur participation refus\u00e9e pour des raisons r\u00e9glementaires, administratives ou budg\u00e9taires \u00bb\u2026<\/p>\n<p>Ce contenu est bloqu\u00e9 car vous n&rsquo;avez pas accept\u00e9 les cookies et autres traceurs.<\/p>\n<p>En cliquant sur \u00ab J\u2019accepte \u00bb, les cookies et autres traceurs seront d\u00e9pos\u00e9s et vous pourrez visualiser les contenus  (<a href=\"\" class=\"consentModule_policy\" target=\"_blank\" title=\"Consulter la politique de protection des donn\u00e9es du fournisseur\">plus d&rsquo;informations<\/a>).<\/p>\n<p>En cliquant sur \u00ab J\u2019accepte tous les cookies \u00bb, vous autorisez des d\u00e9p\u00f4ts de cookies et autres traceurs pour le stockage de vos donn\u00e9es sur nos sites et applications \u00e0 des fins de personnalisation et de ciblage publicitaire.<\/p>\n<p class=\"consentModule_secondaryText\">Vous gardez la possibilit\u00e9 de retirer votre consentement \u00e0 tout moment en consultant notre <a href=\"https:\/\/www.estrepublicain.fr\/protection-des-donnees\" target=\"_blank\" title=\"Consulter notre politique de protection des donn\u00e9es\" rel=\"noopener\">politique de protection des donn\u00e9es<\/a>. <br \/>&#13;<br \/>\n            <a href=\"https:\/\/www.estrepublicain.fr\/sport\/2025\/07\/04\/javascript:Didomi.notice.show()\" class=\"consentModule_cmp\" target=\"_blank\" rel=\"noopener\">G\u00e9rer mes choix<\/a>&#13;\n        <\/p>\n<p>&#13;<br \/>\n                        J&rsquo;accepte&#13;<br \/>\n            J&rsquo;accepte tous les cookies&#13;\n        <\/p>\n<p>Pr\u00e9cis\u00e9ment le cas de Saintes (N1) et <a href=\"https:\/\/www.estrepublicain.fr\/sport\/2025\/06\/17\/le-nancy-handball-exclu-du-championnat-de-proligue\" target=\"_blank\" rel=\"noopener\">du Nancy Handball<\/a> , qui ont tous les deux introduit un recours aupr\u00e8s de la F\u00e9d\u00e9ration fran\u00e7aise. Entendus, vendredi dernier, par les membres du jury d\u2019appel de la FFHB, les dirigeants nanc\u00e9iens ne devraient d\u2019ailleurs plus tarder \u00e0 \u00eatre fix\u00e9s sur leur sort. Tr\u00e8s probablement en d\u00e9but de semaine prochaine\u2026<\/p>\n<p>(*) \u00c0 ce jour, quatorze clubs (sur seize pr\u00e9vus) sont donc autoris\u00e9s \u00e0 \u00e9voluer en Proligue la saison prochaine : Angers, Besan\u00e7on, Caen, Cherbourg, Cournon, Cr\u00e9teil, Frontignan, Ivry, Massy, Pau-Bill\u00e8re, Pontault-Combault, Saran, Sarrebourg et Valence.<\/p>\n","protected":false},"excerpt":{"rendered":"Pour la troisi\u00e8me fois depuis\u2026 2021, Angers va donc b\u00e9n\u00e9ficier des mansu\u00e9tudes de la LNH. R\u00e9uni, vendredi matin,&hellip;\n","protected":false},"author":2,"featured_media":225813,"comment_status":"","ping_status":"","sticky":false,"template":"","format":"standard","meta":{"footnotes":""},"categories":[9635],"tags":[1111,11,1704,1777,674,107,1701,1795,1011,27,775,1792,10634,3457,11209,1702,13622,1703,12,10422,25,517,1700,14984,5711],"class_list":{"0":"post-225812","1":"post","2":"type-post","3":"status-publish","4":"format-standard","5":"has-post-thumbnail","7":"category-nancy","8":"tag-actu","9":"tag-actualites","10":"tag-edition-nancy-et-agglomeration","11":"tag-eu","12":"tag-europe","13":"tag-fil-info","14":"tag-fil-info-sport","15":"tag-fil-web","16":"tag-fr","17":"tag-france","18":"tag-grand-est","19":"tag-handball","20":"tag-luneville","21":"tag-meurthe-et-moselle","22":"tag-meuse","23":"tag-nancy","24":"tag-nancy-handball","25":"tag-nancy-ville-54b","26":"tag-news","27":"tag-pont-a-mousson","28":"tag-republique-francaise","29":"tag-sport","30":"tag-sport-lorrain","31":"tag-toul","32":"tag-vandoeuvre-les-nancy"},"share_on_mastodon":{"url":"https:\/\/pubeurope.com\/@fr\/114795408451343456","error":""},"_links":{"self":[{"href":"https:\/\/www.europesays.com\/fr\/wp-json\/wp\/v2\/posts\/225812","targetHints":{"allow":["GET"]}}],"collection":[{"href":"https:\/\/www.europesays.com\/fr\/wp-json\/wp\/v2\/posts"}],"about":[{"href":"https:\/\/www.europesays.com\/fr\/wp-json\/wp\/v2\/types\/post"}],"author":[{"embeddable":true,"href":"https:\/\/www.europesays.com\/fr\/wp-json\/wp\/v2\/users\/2"}],"replies":[{"embeddable":true,"href":"https:\/\/www.europesays.com\/fr\/wp-json\/wp\/v2\/comments?post=225812"}],"version-history":[{"count":0,"href":"https:\/\/www.europesays.com\/fr\/wp-json\/wp\/v2\/posts\/225812\/revisions"}],"wp:featuredmedia":[{"embeddable":true,"href":"https:\/\/www.europesays.com\/fr\/wp-json\/wp\/v2\/media\/225813"}],"wp:attachment":[{"href":"https:\/\/www.europesays.com\/fr\/wp-json\/wp\/v2\/media?parent=225812"}],"wp:term":[{"taxonomy":"category","embeddable":true,"href":"https:\/\/www.europesays.com\/fr\/wp-json\/wp\/v2\/categories?post=225812"},{"taxonomy":"post_tag","embeddable":true,"href":"https:\/\/www.europesays.com\/fr\/wp-json\/wp\/v2\/tags?post=225812"}],"curies":[{"name":"wp","href":"https:\/\/api.w.org\/{rel}","templated":true}]}}