{"id":225816,"date":"2025-07-04T14:22:08","date_gmt":"2025-07-04T14:22:08","guid":{"rendered":"https:\/\/www.europesays.com\/fr\/225816\/"},"modified":"2025-07-04T14:22:08","modified_gmt":"2025-07-04T14:22:08","slug":"maa-nonu-la-legende-des-all-blacks-va-prolonger-dune-saison-a-toulon","status":"publish","type":"post","link":"https:\/\/www.europesays.com\/fr\/225816\/","title":{"rendered":"Ma\u2019a Nonu, la l\u00e9gende des All Blacks, va prolonger d\u2019une saison \u00e0 Toulon"},"content":{"rendered":"<p>Le centre double champion du monde avec la Nouvelle-Z\u00e9lande (2011 et 2015) \u00e9tait sorti de sa retraite, la saison derni\u00e8re, pour rejouer une troisi\u00e8me fois avec le club varois.<\/p>\n<p class=\"fig-paragraph\">La belle aventure continue. \u00c2g\u00e9 de 43 ans, l\u2019ancien centre All Black aux 103 s\u00e9lections\u00a0<a href=\"http:\/\/www.lefigaro.fr\/sports\/rugby\/top-14\/top-14-toulon-ressort-nonu-face-a-bayonne-20250606\" data-fig-type=\"NewsFlash\" data-gtm-custom-categorie=\"navigation\" data-gtm-custom-action=\"crossclick\" data-gtm-custom-label=\"Contextuel\" data-gtm-event=\"customEventSPE\" data-fig-domain=\"LEFIGARO\" target=\"_blank\" rel=\"noopener\">Ma\u2019a Nonu<\/a>\u00a0\u00e9tait sorti de sa retraite la saison derni\u00e8re en signant fin f\u00e9vrier comme joker m\u00e9dical au\u00a0<a href=\"http:\/\/www.lefigaro.fr\/sports\/rugby\/top-14\/top-14-cela-nous-laisse-un-gout-amer-regrette-mignoni-apres-la-defaite-de-toulon-contre-l-ubb-20250621\" data-fig-type=\"NewsFlash\" data-gtm-custom-categorie=\"navigation\" data-gtm-custom-action=\"crossclick\" data-gtm-custom-label=\"Contextuel\" data-gtm-event=\"customEventSPE\" data-fig-domain=\"LEFIGARO\" target=\"_blank\" rel=\"noopener\">RC Toulon<\/a>, o\u00f9 il avait d\u00e9j\u00e0 \u00e9volu\u00e9 \u00e0 deux reprises (de 2015 \u00e0 2018 puis en 2020-2021). Pour son retour \u00e0 la comp\u00e9tition, il avait particip\u00e9 cette saison \u00e0 quatre matches avec le club varois (une titularisation contre Bayonne lors de la 26e journ\u00e9e) et marqu\u00e9 un essai lors de sa derni\u00e8re apparition lors du\u00a0<a href=\"http:\/\/www.lefigaro.fr\/sports\/rugby\/top-14\/toulon-castres-wainiqolo-sur-puissant-jaminet-splendide-nonu-pour-l-histoire-les-tops-flops-du-barrage-20250615\" data-fig-type=\"NewsFlash\" data-gtm-custom-categorie=\"navigation\" data-gtm-custom-action=\"crossclick\" data-gtm-custom-label=\"Contextuel\" data-gtm-event=\"customEventSPE\" data-fig-domain=\"LEFIGARO\" target=\"_blank\" rel=\"noopener\">barrage remport\u00e9 \u00e0 Mayol contre Castres<\/a>.<\/p>\n<p class=\"fig-paragraph\">Selon\u00a0<a href=\"https:\/\/www.lequipe.fr\/Rugby\/Actualites\/Arrive-en-fevrier-ma-a-nonu-a-seduit-tout-le-monde-et-va-rester-a-toulon\/1575306\" target=\"_blank\" rel=\"nofollow noopener\" data-gtm-custom-categorie=\"navigation\" data-gtm-custom-action=\"crossclick\" data-gtm-custom-label=\"Contextuel\" data-gtm-event=\"customEventSPE\">les informations de L\u2019\u00c9quipe<\/a>, le N\u00e9o-Z\u00e9landais va prolonger d\u2019une saison avec le club entra\u00een\u00e9 par Pierre Mignoni. \u00c0 l\u2019issue de l<a href=\"http:\/\/www.lefigaro.fr\/sports\/rugby\/top-14\/ubb-toulon-l-acceleration-du-champion-lamothe-casque-d-or-les-coups-de-coeur-et-coups-de-griffe-de-notre-envoye-special-20250622\" data-fig-type=\"NewsFlash\" data-gtm-custom-categorie=\"navigation\" data-gtm-custom-action=\"crossclick\" data-gtm-custom-label=\"Contextuel\" data-gtm-event=\"customEventSPE\" data-fig-domain=\"LEFIGARO\" target=\"_blank\" rel=\"noopener\">a demi-finale de Top 14 perdue contre l\u2019UBB \u00e0 Lyon<\/a>, le technicien varois avait d\u00e9clar\u00e9\u00a0: \u00abIl nous am\u00e8ne exactement ce qu\u2019on cherchait. Il transpire le rugby et impacte les autres joueurs dans le vestiaire. Notre groupe avait besoin de quelqu\u2019un comme \u00e7a\u00a0: qu\u2019il soit sur le terrain, c\u2019est une bonne chose, mais qu\u2019il n\u2019y soit pas, c\u2019est une bonne chose aussi. Je me r\u00e9gale \u00e0 le coacher. J\u2019aime beaucoup l\u2019homme et le joueur.\u00bb<\/p>\n<p>                                    <a class=\"fig-a11y-skip a11y-hidden\" href=\"#fig-a11y-skip-main-inarticle\"><br \/>\n        Passer la publicit\u00e9<br \/>\n    <\/a><\/p>\n<p class=\"fig-paragraph\">Double champion du monde avec les All Blacks (2011, 2015), Nonu avait \u00e9t\u00e9 titulaire aux c\u00f4t\u00e9s de\u00a0<a href=\"http:\/\/www.lefigaro.fr\/sports\/cyclisme\/paris-roubaix-quand-l-ancienne-star-du-rugby-mathieu-bastareaud-s-essaye-sur-le-mythique-trace-en-video-20250413\" data-fig-type=\"NewsFlash\" data-gtm-custom-categorie=\"navigation\" data-gtm-custom-action=\"crossclick\" data-gtm-custom-label=\"Contextuel\" data-gtm-event=\"customEventSPE\" data-fig-domain=\"LEFIGARO\" target=\"_blank\" rel=\"noopener\">Mathieu Bastareaud<\/a>\u00a0&#8211; dont il est rest\u00e9 tr\u00e8s proche et qui est d\u00e9sormais team manager du RCT &#8211; lors de la finale de Top 14 perdue contre Clermont en 2017. Reparti en Nouvelle-Z\u00e9lande puis aux \u00c9tats-Unis apr\u00e8s 2018, il \u00e9tait ensuite revenu sur la Rade lors de la saison 2020-2021, avant d\u2019\u00e9voluer sous le maillot des San Diego Legion dans le championnat am\u00e9ricain.<\/p>\n<p class=\"fig-body-link\">\n            \u00c0 lire aussi<br \/>\n        <a class=\"fig-body-link__link\" href=\"http:\/\/www.lefigaro.fr\/sports\/rugby\/top-14\/top-14-c-est-un-moteur-pour-le-groupe-le-retour-en-force-de-ma-a-nonu-l-inoxydable-guerrier-de-toulon-20250616\" data-fig-type=\"NewsFlash\" data-gtm-custom-categorie=\"navigation\" data-gtm-custom-action=\"crossclick\" data-gtm-custom-label=\"Contextuel\" data-gtm-event=\"customEventSPE\" data-fig-domain=\"LEFIGARO\" target=\"_blank\" rel=\"noopener\">Top 14\u00a0: \u00abIl commence \u00e0 avoir faim\u00bb, le retour en force de Ma\u2019a Nonu, l\u2019inoxydable guerrier de Toulon<br \/>\n    <\/a>\n<\/p>\n<p class=\"fig-paragraph\">Cette ann\u00e9e, Ma\u2019a Nonu \u00e9tait devenu (et il le restera) le doyen du championnat de France de rugby, devant le pilier argentin du Stade Fran\u00e7ais Paris, Francisco Gomez Kodela (39 ans). \u00c0 Toulon, le N\u00e9o-Z\u00e9landais \u00e9tait venu pallier les absences de Setariki Tuicuvu, Gabin Villi\u00e8re et Antoine Frisch, tous trois bless\u00e9s.<\/p>\n","protected":false},"excerpt":{"rendered":"Le centre double champion du monde avec la Nouvelle-Z\u00e9lande (2011 et 2015) \u00e9tait sorti de sa retraite, la&hellip;\n","protected":false},"author":2,"featured_media":225817,"comment_status":"","ping_status":"","sticky":false,"template":"","format":"standard","meta":{"footnotes":""},"categories":[9619],"tags":[1111,11,2305,1777,674,1011,27,12,882,3461,25,10405,2310],"class_list":{"0":"post-225816","1":"post","2":"type-post","3":"status-publish","4":"format-standard","5":"has-post-thumbnail","7":"category-toulon","8":"tag-actu","9":"tag-actualites","10":"tag-all-blacks","11":"tag-eu","12":"tag-europe","13":"tag-fr","14":"tag-france","15":"tag-news","16":"tag-provence-alpes-cote-dazur","17":"tag-rct","18":"tag-republique-francaise","19":"tag-rugby-club-toulonnais","20":"tag-toulon"},"share_on_mastodon":{"url":"https:\/\/pubeurope.com\/@fr\/114795416359141888","error":""},"_links":{"self":[{"href":"https:\/\/www.europesays.com\/fr\/wp-json\/wp\/v2\/posts\/225816","targetHints":{"allow":["GET"]}}],"collection":[{"href":"https:\/\/www.europesays.com\/fr\/wp-json\/wp\/v2\/posts"}],"about":[{"href":"https:\/\/www.europesays.com\/fr\/wp-json\/wp\/v2\/types\/post"}],"author":[{"embeddable":true,"href":"https:\/\/www.europesays.com\/fr\/wp-json\/wp\/v2\/users\/2"}],"replies":[{"embeddable":true,"href":"https:\/\/www.europesays.com\/fr\/wp-json\/wp\/v2\/comments?post=225816"}],"version-history":[{"count":0,"href":"https:\/\/www.europesays.com\/fr\/wp-json\/wp\/v2\/posts\/225816\/revisions"}],"wp:featuredmedia":[{"embeddable":true,"href":"https:\/\/www.europesays.com\/fr\/wp-json\/wp\/v2\/media\/225817"}],"wp:attachment":[{"href":"https:\/\/www.europesays.com\/fr\/wp-json\/wp\/v2\/media?parent=225816"}],"wp:term":[{"taxonomy":"category","embeddable":true,"href":"https:\/\/www.europesays.com\/fr\/wp-json\/wp\/v2\/categories?post=225816"},{"taxonomy":"post_tag","embeddable":true,"href":"https:\/\/www.europesays.com\/fr\/wp-json\/wp\/v2\/tags?post=225816"}],"curies":[{"name":"wp","href":"https:\/\/api.w.org\/{rel}","templated":true}]}}