{"id":225822,"date":"2025-07-04T14:29:10","date_gmt":"2025-07-04T14:29:10","guid":{"rendered":"https:\/\/www.europesays.com\/fr\/225822\/"},"modified":"2025-07-04T14:29:10","modified_gmt":"2025-07-04T14:29:10","slug":"jarrie-un-rassemblement-pour-reclamer-une-piste-cyclable","status":"publish","type":"post","link":"https:\/\/www.europesays.com\/fr\/225822\/","title":{"rendered":"Jarrie. Un rassemblement pour r\u00e9clamer une piste cyclable"},"content":{"rendered":"<p>Le groupe \u201cUrgence piste cyclable\u201d organise un rassemblement d\u2019information et de sensibilisation ce samedi 5\u00a0juillet \u00e0 10\u00a0h, en bordure du CD 112, entre Tavernolles et Haute-Jarrie, sur le parking o\u00f9 se trouvent les containers \u00e0 d\u00e9chets, non loin de l\u2019entr\u00e9e du Golf international de Bresson-Jarrie.<\/p>\n<p>Le collectif a \u00e9t\u00e9 cr\u00e9\u00e9 en d\u00e9cembre\u00a02024 pour alerter les pouvoirs publics, notamment les communes de Grenoble Alpes M\u00e9tropole, sur l\u2019urgence de r\u00e9aliser la piste cyclable pr\u00e9vue sur le plateau de Haute-Jarrie, de Tavernolles \u00e0 \u00c9chirolles, et en particulier sur l\u2019urgence de r\u00e9aliser, dans un d\u00e9lai le plus court possible, le tron\u00e7on de piste entre Tavernolles et Haute-Jarrie.<\/p>\n<p>Cette portion permettrait d\u2019\u00e9viter les risques d\u2019accident pour les cyclistes sur le CD 112, tr\u00e8s dangereux \u00e0 cet endroit.<\/p>\n<p class=\"note\">Samedi 5\u00a0juillet \u00e0 10\u00a0h, en bordure du CD 112.<\/p>\n","protected":false},"excerpt":{"rendered":"Le groupe \u201cUrgence piste cyclable\u201d organise un rassemblement d\u2019information et de sensibilisation ce samedi 5\u00a0juillet \u00e0 10\u00a0h, en&hellip;\n","protected":false},"author":2,"featured_media":225823,"comment_status":"","ping_status":"","sticky":false,"template":"","format":"standard","meta":{"footnotes":""},"categories":[9566],"tags":[1111,11,2430,3542,113,1777,674,1011,27,2731,17480,12,25,17481,104],"class_list":{"0":"post-225822","1":"post","2":"type-post","3":"status-publish","4":"format-standard","5":"has-post-thumbnail","7":"category-grenoble","8":"tag-actu","9":"tag-actualites","10":"tag-auvergne-rhone-alpes","11":"tag-circulation","12":"tag-edition-gresivaudan-oisans","13":"tag-eu","14":"tag-europe","15":"tag-fr","16":"tag-france","17":"tag-grenoble","18":"tag-jarrie","19":"tag-news","20":"tag-republique-francaise","21":"tag-romanche","22":"tag-societe"},"share_on_mastodon":{"url":"https:\/\/pubeurope.com\/@fr\/114795443837820471","error":""},"_links":{"self":[{"href":"https:\/\/www.europesays.com\/fr\/wp-json\/wp\/v2\/posts\/225822","targetHints":{"allow":["GET"]}}],"collection":[{"href":"https:\/\/www.europesays.com\/fr\/wp-json\/wp\/v2\/posts"}],"about":[{"href":"https:\/\/www.europesays.com\/fr\/wp-json\/wp\/v2\/types\/post"}],"author":[{"embeddable":true,"href":"https:\/\/www.europesays.com\/fr\/wp-json\/wp\/v2\/users\/2"}],"replies":[{"embeddable":true,"href":"https:\/\/www.europesays.com\/fr\/wp-json\/wp\/v2\/comments?post=225822"}],"version-history":[{"count":0,"href":"https:\/\/www.europesays.com\/fr\/wp-json\/wp\/v2\/posts\/225822\/revisions"}],"wp:featuredmedia":[{"embeddable":true,"href":"https:\/\/www.europesays.com\/fr\/wp-json\/wp\/v2\/media\/225823"}],"wp:attachment":[{"href":"https:\/\/www.europesays.com\/fr\/wp-json\/wp\/v2\/media?parent=225822"}],"wp:term":[{"taxonomy":"category","embeddable":true,"href":"https:\/\/www.europesays.com\/fr\/wp-json\/wp\/v2\/categories?post=225822"},{"taxonomy":"post_tag","embeddable":true,"href":"https:\/\/www.europesays.com\/fr\/wp-json\/wp\/v2\/tags?post=225822"}],"curies":[{"name":"wp","href":"https:\/\/api.w.org\/{rel}","templated":true}]}}