{"id":225838,"date":"2025-07-04T14:38:14","date_gmt":"2025-07-04T14:38:14","guid":{"rendered":"https:\/\/www.europesays.com\/fr\/225838\/"},"modified":"2025-07-04T14:38:14","modified_gmt":"2025-07-04T14:38:14","slug":"braquage-avec-arme-coup-de-crosse-a-nantes-la-nuit-cauchemardesque-de-deux-automobilistes-agresses-par-un-etrange-duo","status":"publish","type":"post","link":"https:\/\/www.europesays.com\/fr\/225838\/","title":{"rendered":"Braquage avec arme, coup de crosse&#8230; \u00c0 Nantes, la nuit cauchemardesque de deux automobilistes agress\u00e9s par un \u00e9trange duo"},"content":{"rendered":"<p>Dans la nuit de dimanche \u00e0 lundi, \u00e0 quelques heures d\u2019intervalle, ils ont \u00e9t\u00e9 victimes d\u2019un duo tr\u00e8s violent. Le plus jeune s\u2019est fait voler sa voiture. Les agresseurs ont \u00e9t\u00e9 retrouv\u00e9s le lendemain par la police.<\/p>\n<p class=\"fig-paragraph\">Un apprenti cuisinier de 18 ans et un coiffeur de 20 ans ont \u00e9t\u00e9 arr\u00eat\u00e9s par la police \u00e0\u00a0<a href=\"http:\/\/www.lefigaro.fr\/nantes\/saint-nazaire-un-suspect-mis-en-examen-dans-l-affaire-de-la-noyade-d-un-jeune-en-2022-20250702\" target=\"_blank\" data-fig-type=\"NewsFlash\" rel=\"noopener\" data-gtm-custom-categorie=\"navigation\" data-gtm-custom-action=\"crossclick\" data-gtm-custom-label=\"Contextuel\" data-gtm-event=\"customEventSPE\" data-fig-domain=\"LEFIGARO\">Nantes<\/a>, apr\u00e8s avoir fait vivre un calvaire \u00e0 deux conducteurs dans la nuit de dimanche \u00e0 lundi. L\u2019enqu\u00eate a \u00e9t\u00e9 r\u00e9solue par la brigade d\u2019atteintes aux biens. Gr\u00e2ce \u00e0\u00a0<a href=\"http:\/\/www.lefigaro.fr\/nantes\/videosurveillance-a-nantes-le-deploiement-de-nouvelles-cameras-par-la-mairie-socialiste-irrite-ses-allies-ecologistes-20250212\" target=\"_blank\" data-fig-type=\"NewsFlash\" rel=\"noopener\" data-gtm-custom-categorie=\"navigation\" data-gtm-custom-action=\"crossclick\" data-gtm-custom-label=\"Contextuel\" data-gtm-event=\"customEventSPE\" data-fig-domain=\"LEFIGARO\">la vid\u00e9osurveillance<\/a>\u00a0et aux t\u00e9moignages, les enqu\u00eateurs ont pu interpeller les jeunes malfrats en milieu de semaine.<\/p>\n<p class=\"fig-paragraph\">La premi\u00e8re victime est un mineur de 17 ans, rentrant d\u2019une promenade sur les bords de l\u2019Erdre. En pleine nuit, ce jeune conducteur d\u2019une Peugeot 208, accompagn\u00e9 de deux amis \u00e0 bord, sent qu\u2019il est suivi mais ne s\u2019inqui\u00e8te pas particuli\u00e8rement. Apr\u00e8s avoir d\u00e9pos\u00e9 ces derniers, la DS3 qui le colle depuis une vingtaine de minutes le percute rue du Port des Charrettes, quartier\u00a0<a href=\"http:\/\/www.lefigaro.fr\/nantes\/un-quartier-paisible-de-nantes-trouble-par-une-etrange-serie-de-coups-de-feu-20240503\" target=\"_blank\" data-fig-type=\"NewsFlash\" rel=\"noopener\" data-gtm-custom-categorie=\"navigation\" data-gtm-custom-action=\"crossclick\" data-gtm-custom-label=\"Contextuel\" data-gtm-event=\"customEventSPE\" data-fig-domain=\"LEFIGARO\">Saint-Joseph-de-Porterie<\/a>. L\u2019automobiliste sort de la voiture. \u00abLe conducteur de la DS3 lui ass\u00e8ne des coups de pied et des coups de poing. Un passager sort \u00e0 son tour et le braque avec une arme de poing\u00bb, confie au Figaro une source polici\u00e8re. Pendant que l\u2019adolescent, en \u00e9tat de choc, tente de se mettre \u00e0 l\u2019abri, les agresseurs lui volent son v\u00e9hicule.<\/p>\n<p>                                    <a class=\"fig-a11y-skip a11y-hidden\" href=\"#fig-a11y-skip-main-inarticle\"><br \/>\n        Passer la publicit\u00e9<br \/>\n    <\/a><\/p>\n<p>Arr\u00eat\u00e9s apr\u00e8s une s\u00e9ance de sport<\/p>\n<p class=\"fig-paragraph\">Quelques heures plus tard, \u00e0 3h30, le duo fait de nouveau rage. Alors qu\u2019un chauffeur VTC de 45 ans s\u2019appr\u00eate \u00e0 ranger des affaires dans le coffre de sa Toyota, place de la petite Hollande, dans le centre-ville, il re\u00e7oit brutalement des coups de crosse derri\u00e8re la t\u00eate et des coups de poing de personnes au visage dissimul\u00e9. Recroquevill\u00e9, il tente de se d\u00e9fendre et parvient \u00e0 conserver la cl\u00e9 de sa voiture.<\/p>\n<p class=\"fig-paragraph\">Alert\u00e9e, la police commence une enqu\u00eate et fait rapidement le lien entre les deux agressions. La Peugeot 208 est rep\u00e9r\u00e9e sur les cam\u00e9ras de surveillance, pr\u00e8s du lieu de l\u2019agression du chauffeur VTC. Ce v\u00e9hicule est donc plac\u00e9 sous surveillance. Mardi soir, lorsqu\u2019elle se d\u00e9place, un \u00e9quipage se rend sur place pour suivre les individus. Les int\u00e9ress\u00e9s sont interpell\u00e9s \u00e0 la sortie de leur s\u00e9ance de sport, quartier de la Beaujoire. Lors des auditions, le jeune homme d\u2019une vingtaine d\u2019ann\u00e9es a ni\u00e9 toute responsabilit\u00e9, tandis que celui de 18 ans, un Tunisien ancien mineur isol\u00e9, \u00aba fini par reconna\u00eetre les faits\u00bb, indique un proche de l\u2019enqu\u00eate.<\/p>\n<p class=\"fig-paragraph\">Les mis en cause ont \u00e9t\u00e9 conduits en garde \u00e0 vue puis plac\u00e9s sous contr\u00f4le judiciaire, en attendant leur comparution imm\u00e9diate pr\u00e9vue ce vendredi apr\u00e8s-midi devant le tribunal correctionnel de Nantes. L\u2019un \u00e9tait connu des autorit\u00e9s pour un d\u00e9faut d\u2019assurance, l\u2019autre pour une histoire de rixe. Lors des perquisitions \u00e0 domicile, les enqu\u00eateurs sont tomb\u00e9s sur un fusil \u00e0 pompe. L\u2019arme utilis\u00e9e lors de ces deux agressions s\u2019est toutefois r\u00e9v\u00e9l\u00e9e factice. Les deux victimes, choqu\u00e9es, ont re\u00e7u cinq et 10 jours d\u2019ITT.<\/p>\n","protected":false},"excerpt":{"rendered":"Dans la nuit de dimanche \u00e0 lundi, \u00e0 quelques heures d\u2019intervalle, ils ont \u00e9t\u00e9 victimes d\u2019un duo tr\u00e8s&hellip;\n","protected":false},"author":2,"featured_media":225839,"comment_status":"","ping_status":"","sticky":false,"template":"","format":"standard","meta":{"footnotes":""},"categories":[2818],"tags":[1111,11,6941,1777,674,1011,27,303,766,12,2636,25],"class_list":{"0":"post-225838","1":"post","2":"type-post","3":"status-publish","4":"format-standard","5":"has-post-thumbnail","7":"category-nantes","8":"tag-actu","9":"tag-actualites","10":"tag-braquage","11":"tag-eu","12":"tag-europe","13":"tag-fr","14":"tag-france","15":"tag-justice","16":"tag-nantes","17":"tag-news","18":"tag-pays-de-la-loire","19":"tag-republique-francaise"},"share_on_mastodon":{"url":"https:\/\/pubeurope.com\/@fr\/114795480163298877","error":""},"_links":{"self":[{"href":"https:\/\/www.europesays.com\/fr\/wp-json\/wp\/v2\/posts\/225838","targetHints":{"allow":["GET"]}}],"collection":[{"href":"https:\/\/www.europesays.com\/fr\/wp-json\/wp\/v2\/posts"}],"about":[{"href":"https:\/\/www.europesays.com\/fr\/wp-json\/wp\/v2\/types\/post"}],"author":[{"embeddable":true,"href":"https:\/\/www.europesays.com\/fr\/wp-json\/wp\/v2\/users\/2"}],"replies":[{"embeddable":true,"href":"https:\/\/www.europesays.com\/fr\/wp-json\/wp\/v2\/comments?post=225838"}],"version-history":[{"count":0,"href":"https:\/\/www.europesays.com\/fr\/wp-json\/wp\/v2\/posts\/225838\/revisions"}],"wp:featuredmedia":[{"embeddable":true,"href":"https:\/\/www.europesays.com\/fr\/wp-json\/wp\/v2\/media\/225839"}],"wp:attachment":[{"href":"https:\/\/www.europesays.com\/fr\/wp-json\/wp\/v2\/media?parent=225838"}],"wp:term":[{"taxonomy":"category","embeddable":true,"href":"https:\/\/www.europesays.com\/fr\/wp-json\/wp\/v2\/categories?post=225838"},{"taxonomy":"post_tag","embeddable":true,"href":"https:\/\/www.europesays.com\/fr\/wp-json\/wp\/v2\/tags?post=225838"}],"curies":[{"name":"wp","href":"https:\/\/api.w.org\/{rel}","templated":true}]}}