{"id":22584,"date":"2025-04-13T16:19:12","date_gmt":"2025-04-13T16:19:12","guid":{"rendered":"https:\/\/www.europesays.com\/fr\/22584\/"},"modified":"2025-04-13T16:19:12","modified_gmt":"2025-04-13T16:19:12","slug":"le-10-avril-1981-lorient-express-rameutait-une-foule-de-marseillais-a-saint-charles","status":"publish","type":"post","link":"https:\/\/www.europesays.com\/fr\/22584\/","title":{"rendered":"Le 10 avril 1981, l&rsquo;Orient-Express rameutait une foule de Marseillais \u00e0 Saint-Charles"},"content":{"rendered":"<p>Les Marseillais se pressaient devant les wagons. Noir de monde, le quai accueillait le mythique Orient-Express. En cette matin\u00e9e d\u2019avril 1981, 9 000 Marseillais se bousculaient autour du train aux neuf voitures qui faisait escale \u00e0 la gare Saint-Charles. Venant de Lyon, l\u2019Orient-Express marquait l\u2019arr\u00eat \u00e0 Marseille le temps d\u2019une journ\u00e9e avant de partir pour la capitale pour un Paris-Istanbul \u00ab\u00a0en passant par Venise, Belgrade, Sofia, Edirne, Salonique [\u2026] Et 102 personnes \u00e9taient pr\u00e9sentes\u00a0\u00bb, rapportait Le Proven\u00e7al.<\/p>\n<p>\u00ab\u00a0Ressusciter l\u2019Orient Express\u00a0\u00bb<\/p>\n<p>Fauteuils en cuir, wagon-bar avec piano, voiture-restaurant de 45 places\u2026\u00a0\u00bbCette ann\u00e9e, nous avons d\u00e9cid\u00e9 de ressusciter l\u2019Orient-Express\u00a0\u00bb, soulignait M. Bezin, chef de la publicit\u00e9, sponsor de l\u2019op\u00e9ration dans Le Proven\u00e7al.\u00a0L\u2019Orient-Express assure la liaison entre Paris et Vienne depuis\u00a01883 et entre Paris et Istanbul depuis\u00a01919.<\/p>\n<p>\u00ab\u00a0Aujourd\u2019hui, on nous a offert du r\u00eave \u00e0 la gare Saint-Charles\u00a0!\u00a0\u00bb, confiait une Marseillaise pr\u00e9sente pour l\u2019occasion. \u00c9voqu\u00e9 par de nombreux \u00e9crivains comme Agatha Christie avec Le crime de l\u2019Orient-Express, publi\u00e9 en\u00a01934, ce train est ancr\u00e9 dans l\u2019imaginaire collectif.<\/p>\n","protected":false},"excerpt":{"rendered":"Les Marseillais se pressaient devant les wagons. Noir de monde, le quai accueillait le mythique Orient-Express. En cette&hellip;\n","protected":false},"author":2,"featured_media":22585,"comment_status":"","ping_status":"","sticky":false,"template":"","format":"standard","meta":{"footnotes":""},"categories":[2814],"tags":[8380,17,1111,11,1777,674,8383,1011,27,8381,761,884,12,882,8382,16,25,1178,96],"class_list":{"0":"post-22584","1":"post","2":"type-post","3":"status-publish","4":"format-standard","5":"has-post-thumbnail","7":"category-marseille","8":"tag-10-avril-1981","9":"tag-17","10":"tag-actu","11":"tag-actualites","12":"tag-eu","13":"tag-europe","14":"tag-foule","15":"tag-fr","16":"tag-france","17":"tag-lorient-express","18":"tag-marseillais","19":"tag-marseille","20":"tag-news","21":"tag-provence-alpes-cote-dazur","22":"tag-rameutait","23":"tag-region","24":"tag-republique-francaise","25":"tag-saint-charles","26":"tag-une"},"share_on_mastodon":{"url":"https:\/\/pubeurope.com\/@fr\/114331570880451881","error":""},"_links":{"self":[{"href":"https:\/\/www.europesays.com\/fr\/wp-json\/wp\/v2\/posts\/22584","targetHints":{"allow":["GET"]}}],"collection":[{"href":"https:\/\/www.europesays.com\/fr\/wp-json\/wp\/v2\/posts"}],"about":[{"href":"https:\/\/www.europesays.com\/fr\/wp-json\/wp\/v2\/types\/post"}],"author":[{"embeddable":true,"href":"https:\/\/www.europesays.com\/fr\/wp-json\/wp\/v2\/users\/2"}],"replies":[{"embeddable":true,"href":"https:\/\/www.europesays.com\/fr\/wp-json\/wp\/v2\/comments?post=22584"}],"version-history":[{"count":0,"href":"https:\/\/www.europesays.com\/fr\/wp-json\/wp\/v2\/posts\/22584\/revisions"}],"wp:featuredmedia":[{"embeddable":true,"href":"https:\/\/www.europesays.com\/fr\/wp-json\/wp\/v2\/media\/22585"}],"wp:attachment":[{"href":"https:\/\/www.europesays.com\/fr\/wp-json\/wp\/v2\/media?parent=22584"}],"wp:term":[{"taxonomy":"category","embeddable":true,"href":"https:\/\/www.europesays.com\/fr\/wp-json\/wp\/v2\/categories?post=22584"},{"taxonomy":"post_tag","embeddable":true,"href":"https:\/\/www.europesays.com\/fr\/wp-json\/wp\/v2\/tags?post=22584"}],"curies":[{"name":"wp","href":"https:\/\/api.w.org\/{rel}","templated":true}]}}