{"id":225858,"date":"2025-07-04T14:48:14","date_gmt":"2025-07-04T14:48:14","guid":{"rendered":"https:\/\/www.europesays.com\/fr\/225858\/"},"modified":"2025-07-04T14:48:14","modified_gmt":"2025-07-04T14:48:14","slug":"a-lyon-qui-bat-les-records-dalertes-canicule-la-bataille-pour-calmer-le-thermometre","status":"publish","type":"post","link":"https:\/\/www.europesays.com\/fr\/225858\/","title":{"rendered":"A Lyon, qui bat les records d&rsquo;alertes canicule, la bataille pour calmer le thermom\u00e8tre"},"content":{"rendered":"<p>Apr\u00e8s deux semaines de fournaise, Lyon est enfin sorti vendredi de l&rsquo;alerte orange, une vigilance que la m\u00e9tropole conna\u00eet plus souvent que le reste de la France, malgr\u00e9 les mesures des \u00e9lus \u00e9cologistes pour limiter la surchauffe.<\/p>\n<p>Le Rh\u00f4ne est le d\u00e9partement \u00ab\u00a0le plus concern\u00e9 par le nombre de vigilance canicule\u00a0\u00bb, selon M\u00e9t\u00e9o-France: en vingt ans, ses habitants ont connu 34 \u00e9pisodes de vigilance orange et un passage en vigilance rouge, pendant quatre jours en ao\u00fbt 2023.<\/p>\n<p>\u00ab\u00a0Les vigilances canicule sont plus nombreuses\u00a0\u00bb qu&rsquo;ailleurs, et \u00ab\u00a0elles durent en g\u00e9n\u00e9ral plus longtemps, comme en ce moment\u00a0\u00bb, note Thibault Montagnon, m\u00e9t\u00e9orologiste \u00e0 M\u00e9t\u00e9o-France.<\/p>\n<p>Depuis le 20 juin, le d\u00e9partement \u00e9tait en vigilance orange, \u00e0 l&rsquo;exception d&rsquo;un \u00ab\u00a0r\u00e9pit\u00a0\u00bb en jaune \u00a0pendant deux jours. Apr\u00e8s avoir endur\u00e9 des pics \u00e0 39\u00b0C et des nuits \u00e9touffantes, ses plus de 1,8 million d&rsquo;habitants appr\u00e9cient vendredi le retour d&rsquo;un l\u00e9ger vent frais.<\/p>\n<p>Apr\u00e8s avoir surv\u00e9cu \u00ab\u00a0en mode survie, on profite \u00e0 nouveau de l&rsquo;ext\u00e9rieur,\u00a0\u00bb se r\u00e9jouit Sara Saitta, 43 ans, crois\u00e9e \u00e0 l&rsquo;ombre d&rsquo;un arbre dans le centre-ville.<\/p>\n<p>Le Rh\u00f4ne souffre parce qu&rsquo;il est coinc\u00e9 \u00e0 l&rsquo;int\u00e9rieur des terres entre le Massif Central, le Bugey et les Alpes, loin de l&rsquo;Atlantique et de la mer du Nord, et b\u00e9n\u00e9ficie moins des masses d&rsquo;air frais, explique le m\u00e9t\u00e9orologiste.<\/p>\n<p>Au contraire, il est \u00ab\u00a0bien expos\u00e9 aux flux du Sud, limitant la baisse des temp\u00e9ratures nocturnes lorsqu&rsquo;ils soufflent\u00a0\u00bb, ajoute M. Montagnon.<\/p>\n<p>Et le Rh\u00f4ne est moins acclimat\u00e9 que les d\u00e9partements m\u00e9diterran\u00e9ens, dont les villes ont \u00e9t\u00e9 d&rsquo;avantage pens\u00e9es pour faire face aux fortes chaleurs: ses seuils de vigilance canicule sont donc plus bas et plus r\u00e9guli\u00e8rement d\u00e9pass\u00e9s.<\/p>\n<p>&#8211; Ilots de chaleur &#8211;<\/p>\n<p>Le d\u00e9partement est aussi tr\u00e8s urbanis\u00e9, avec trois quarts de ses habitants dans l&rsquo;agglom\u00e9ration lyonnaise. Ses \u00eelots de chaleur urbains (ICU), o\u00f9 les surfaces artificielles stockent la chaleur, peuvent amplifier la temp\u00e9rature de 3\u00b0C selon M\u00e9t\u00e9o-France.<\/p>\n<p>Quand il fait 33\u00b0C sur les collines arbor\u00e9es de l&rsquo;ouest lyonnais, le quartier ultra-b\u00e9tonn\u00e9 de la Part-Dieu, avec ses grandes tours, enregistre 37,5\u00b0C, selon une \u00e9tude scientifique de 2022.<\/p>\n<p>Alors que le changement climatique provoque des canicules plus intenses, longues, pr\u00e9coces et tardives, la situation risque d&#8217;empirer: Lyon pourrait compter jusqu&rsquo;\u00e0 11 jours au-dessus de 35\u00b0C et 47 nuits au-dessus de 20\u00b0C en 2050 avec le sc\u00e9nario d&rsquo;un r\u00e9chauffement de 2,7\u00b0C \u00e9labor\u00e9 par M\u00e9t\u00e9o-France.<\/p>\n<p>A l&rsquo;instar d&rsquo;autres grandes villes de gauche comme Paris ou Marseille, les \u00e9lus \u00e9cologistes locaux multiplient les mesures pour tenter de calmer le thermom\u00e8tre.<\/p>\n<p>Financements de l&rsquo;isolation thermique des b\u00e2timents, climatisation collective gr\u00e2ce au d\u00e9veloppement de grands r\u00e9seaux froids, et v\u00e9g\u00e9talisation des espaces: la m\u00e9tropole a allou\u00e9 \u00e0 l&rsquo;environnement un budget de 472,7 millions d&rsquo;euros en 2025.<\/p>\n<p>\u00ab\u00a0Je pense qu&rsquo;on va plus vite que n&rsquo;importe o\u00f9, par rapport aux autres agglom\u00e9rations fran\u00e7aises\u00a0\u00bb, assure Bruno Bernard, pr\u00e9sident de la m\u00e9tropole.<\/p>\n<p>&#8211; \u00ab\u00a0Climatiseur naturel\u00a0\u00bb &#8211;<\/p>\n<p>Pilier de la strat\u00e9gie \u00e9cologiste, la v\u00e9g\u00e9tation gagne du terrain dans les rues de l&rsquo;agglom\u00e9ration: depuis 2020, 180.000 arbres et arbustes ont \u00e9t\u00e9 plant\u00e9s, rempla\u00e7ant peu \u00e0 peu les places de parking, au grand dam de certains usagers.<\/p>\n<p>Les r\u00e9sultats sont l\u00e0, assure Bruno Bernard: la rue Garibaldi, r\u00e9cemment v\u00e9g\u00e9talis\u00e9e et souvent prise en exemple par les \u00e9cologistes, a vu sa temp\u00e9rature baisser de 7 \u00b0C en p\u00e9riode de canicule. Car Lyon ne se contente pas de planter des arbres dans les all\u00e9es: les agents multiplient les strates v\u00e9g\u00e9tales et d\u00e9perm\u00e9abilisent les sols en arrachant le bitume au profit de bandes de terres.<\/p>\n<p>\u00ab\u00a0Aujourd&rsquo;hui, on v\u00e9g\u00e9talise beaucoup plus et beaucoup mieux\u00a0\u00bb, avance le pr\u00e9sident de la m\u00e9tropole, pr\u00f4nant une \u00ab\u00a0vision globale\u00a0\u00bb pour faire de la future canop\u00e9e urbaine un \u00ab\u00a0climatiseur naturel\u00a0\u00bb.<\/p>\n<p>Malgr\u00e9 ces efforts et des solutions \u00e0 court terme \u2014 installation de fontaines, parcs ouverts plus tard, baignade dans le Rh\u00f4ne \u2014 la derni\u00e8re canicule a r\u00e9v\u00e9l\u00e9 des failles: la climatisation manque dans plusieurs rames de m\u00e9tro, l&rsquo;ombri\u00e8re de la place Bellecour peine \u00e0 rafra\u00eechir l&rsquo;espace, et les files d\u2019attente devant les piscines municipales s&rsquo;allongent.<\/p>\n<p>Et d&rsquo;ici une semaine, le mercure devrait \u00e0 nouveau s&rsquo;affoler avec des maximales pr\u00e9vues au dessus de 35\u00b0C.<\/p>\n<p>mli\/chp\/mpm\/swi<\/p>\n","protected":false},"excerpt":{"rendered":"Apr\u00e8s deux semaines de fournaise, Lyon est enfin sorti vendredi de l&rsquo;alerte orange, une vigilance que la m\u00e9tropole&hellip;\n","protected":false},"author":2,"featured_media":225859,"comment_status":"","ping_status":"","sticky":false,"template":"","format":"standard","meta":{"footnotes":""},"categories":[1889],"tags":[1111,11,2430,1777,674,1011,27,26776,36454,2428,2357,12,25,36453,27202],"class_list":{"0":"post-225858","1":"post","2":"type-post","3":"status-publish","4":"format-standard","5":"has-post-thumbnail","7":"category-lyon","8":"tag-actu","9":"tag-actualites","10":"tag-auvergne-rhone-alpes","11":"tag-eu","12":"tag-europe","13":"tag-fr","14":"tag-france","15":"tag-la-temperature","16":"tag-le-rhone","17":"tag-lyon","18":"tag-meteo-france","19":"tag-news","20":"tag-republique-francaise","21":"tag-vigilance-canicule","22":"tag-vigilance-orange"},"share_on_mastodon":{"url":"https:\/\/pubeurope.com\/@fr\/114795519309620838","error":""},"_links":{"self":[{"href":"https:\/\/www.europesays.com\/fr\/wp-json\/wp\/v2\/posts\/225858","targetHints":{"allow":["GET"]}}],"collection":[{"href":"https:\/\/www.europesays.com\/fr\/wp-json\/wp\/v2\/posts"}],"about":[{"href":"https:\/\/www.europesays.com\/fr\/wp-json\/wp\/v2\/types\/post"}],"author":[{"embeddable":true,"href":"https:\/\/www.europesays.com\/fr\/wp-json\/wp\/v2\/users\/2"}],"replies":[{"embeddable":true,"href":"https:\/\/www.europesays.com\/fr\/wp-json\/wp\/v2\/comments?post=225858"}],"version-history":[{"count":0,"href":"https:\/\/www.europesays.com\/fr\/wp-json\/wp\/v2\/posts\/225858\/revisions"}],"wp:featuredmedia":[{"embeddable":true,"href":"https:\/\/www.europesays.com\/fr\/wp-json\/wp\/v2\/media\/225859"}],"wp:attachment":[{"href":"https:\/\/www.europesays.com\/fr\/wp-json\/wp\/v2\/media?parent=225858"}],"wp:term":[{"taxonomy":"category","embeddable":true,"href":"https:\/\/www.europesays.com\/fr\/wp-json\/wp\/v2\/categories?post=225858"},{"taxonomy":"post_tag","embeddable":true,"href":"https:\/\/www.europesays.com\/fr\/wp-json\/wp\/v2\/tags?post=225858"}],"curies":[{"name":"wp","href":"https:\/\/api.w.org\/{rel}","templated":true}]}}