{"id":225860,"date":"2025-07-04T14:49:14","date_gmt":"2025-07-04T14:49:14","guid":{"rendered":"https:\/\/www.europesays.com\/fr\/225860\/"},"modified":"2025-07-04T14:49:14","modified_gmt":"2025-07-04T14:49:14","slug":"canicule-en-ile-de-france-la-prefecture-declenche-le-plan-orsec","status":"publish","type":"post","link":"https:\/\/www.europesays.com\/fr\/225860\/","title":{"rendered":"Canicule en Ile-de-France\u00a0: la pr\u00e9fecture d\u00e9clenche le plan Orsec"},"content":{"rendered":"<p><a href=\"https:\/\/94.citoyens.com\/2025\/orages-en-ile-de-france-alerte-meteo-orange,13-06-2025.html\" title=\"Orages en Ile-de-France\u00a0: alerte m\u00e9t\u00e9o orange\" class=\"visuel\" rel=\"nofollow noopener\" target=\"_blank\"> <img decoding=\"async\" src=\"https:\/\/www.europesays.com\/fr\/wp-content\/uploads\/2025\/06\/orage-pixabay-umkreisel-app-380x173.jpg\"  class=\"attachment-home-article wp-post-image lazyload\" alt=\"Orages en Ile-de-France\u00a0: alerte m\u00e9t\u00e9o orange\"\/>  \u00a9 Umkreisel App\t <\/a> <a href=\"https:\/\/94.citoyens.com\/2025\/orages-en-ile-de-france-alerte-meteo-orange,13-06-2025.html\" title=\"Orages en Ile-de-France\u00a0: alerte m\u00e9t\u00e9o orange\" rel=\"nofollow noopener\" target=\"_blank\"> Orages en Ile-de-France\u00a0: alerte m\u00e9t\u00e9o orange\t<\/a><\/p>\n<p>Jaune ce matin, l\u2019alerte vigilance de M\u00e9t\u00e9o France a vir\u00e9 au orange d\u00e8s 10 heures ce matin. Alors que le temps s\u2019est subitement alourdi et r\u00e9chauff\u00e9, de violents orages sont pr\u00e9vus ce vendredi 13 au soir, dans toute l\u2019agglom\u00e9ration parisienne (Paris, Hauts-de-Seine, Val-de-Marne et Seine-Saint-Denis) ainsi que dans les Yvelines et en Val d\u2019Oise. Seine-et-Marne\u2026<\/p>\n<p><a href=\"https:\/\/94.citoyens.com\/2025\/orages-en-ile-de-france-alerte-meteo-orange-ce-mercredi-25-juin-2025-en-soiree,25-06-2025.html\" title=\"Orages en Ile-de-France\u00a0: alerte m\u00e9t\u00e9o orange ce mercredi 25 juin 2025 en soir\u00e9e\" class=\"visuel\" rel=\"nofollow noopener\" target=\"_blank\"> <img decoding=\"async\" src=\"https:\/\/www.europesays.com\/fr\/wp-content\/uploads\/2025\/06\/orage-pixabay-umkreisel-app-380x173.jpg\"  class=\"attachment-home-article wp-post-image lazyload\" alt=\"Orages en Ile-de-France\u00a0: alerte m\u00e9t\u00e9o orange ce mercredi 25 juin 2025 en soir\u00e9e\"\/>  \u00a9 Umkreisel App\t <\/a> <a href=\"https:\/\/94.citoyens.com\/2025\/orages-en-ile-de-france-alerte-meteo-orange-ce-mercredi-25-juin-2025-en-soiree,25-06-2025.html\" title=\"Orages en Ile-de-France\u00a0: alerte m\u00e9t\u00e9o orange ce mercredi 25 juin 2025 en soir\u00e9e\" rel=\"nofollow noopener\" target=\"_blank\"> Orages en Ile-de-France\u00a0: alerte m\u00e9t\u00e9o orange ce mercredi 25 juin 2025 en soir\u00e9e\t<\/a><\/p>\n<p>M\u00e9t\u00e9o France pr\u00e9voit de violents orages ce mercredi 25 juin au soir dans toute l\u2019Ile-de-France (Paris, Hauts-de-Seine, Val-de-Marne, Seine-Saint-Denis, Yvelines, Seine-et-Marne, Essonne, Val d\u2019Oise) et a \u00e9mis une alerte orange. Le point.<\/p>\n<p><a href=\"https:\/\/94.citoyens.com\/2025\/alertes-rouges-canicule-et-pollution-a-lozone-en-ile-de-france-ce-mardi-1er-juillet,30-06-2025.html\" title=\"Alertes rouges canicule et pollution \u00e0 l\u2019ozone en Ile-de-France ce mardi 1er juillet\" class=\"visuel\" rel=\"nofollow noopener\" target=\"_blank\"> <img decoding=\"async\" src=\"https:\/\/www.europesays.com\/fr\/wp-content\/uploads\/2025\/07\/canicule-canvapro-alancadr-380x173.jpg\"  class=\"attachment-home-article wp-post-image lazyload\" alt=\"Alertes rouges canicule et pollution \u00e0 l\u2019ozone en Ile-de-France ce mardi 1er juillet\"\/>  \u00a9 Alankadr\t <\/a> <a href=\"https:\/\/94.citoyens.com\/2025\/alertes-rouges-canicule-et-pollution-a-lozone-en-ile-de-france-ce-mardi-1er-juillet,30-06-2025.html\" title=\"Alertes rouges canicule et pollution \u00e0 l\u2019ozone en Ile-de-France ce mardi 1er juillet\" rel=\"nofollow noopener\" target=\"_blank\"> Alertes rouges canicule et pollution \u00e0 l\u2019ozone en Ile-de-France ce mardi 1er juillet\t<\/a><\/p>\n<p>M\u00e9t\u00e9o France et Airparif ont chacun d\u00e9clench\u00e9 une alerte rouge pour ce mardi 1er juillet en Ile-de-France. M\u00e9t\u00e9o France annonce ainsi des temp\u00e9ratures pouvant aller jusqu\u2019\u00e0 41 degr\u00e9s\u2026 \u00e0 l\u2019ombre, tandis qu\u2019Airparif pr\u00e9voit une pollution \u00e0 l\u2019ozone. Le point sur la situation et les restrictions de circulation.<\/p>\n<p><a href=\"https:\/\/94.citoyens.com\/2025\/bilan-des-orages-en-ile-de-france-un-mort-et-une-blessee-grave,15-06-2025.html\" title=\"Les orages en Ile-de-France\u00a0ont fait deux morts\" class=\"visuel\" rel=\"nofollow noopener\" target=\"_blank\"> <img decoding=\"async\" src=\"https:\/\/www.europesays.com\/fr\/wp-content\/uploads\/2025\/07\/pompiers-380x173.jpg\"  class=\"attachment-home-article wp-post-image lazyload\" alt=\"Les orages en Ile-de-France\u00a0ont fait deux morts\"\/>  \u00a9 CD\t <\/a> <a href=\"https:\/\/94.citoyens.com\/2025\/bilan-des-orages-en-ile-de-france-un-mort-et-une-blessee-grave,15-06-2025.html\" title=\"Les orages en Ile-de-France\u00a0ont fait deux morts\" rel=\"nofollow noopener\" target=\"_blank\"> Les orages en Ile-de-France\u00a0ont fait deux morts\t<\/a><\/p>\n<p>Un homme est d\u00e9c\u00e9d\u00e9 \u00e0 Grandchamp, dans les Yvelines, et une femme a \u00e9t\u00e9 gri\u00e8vement bless\u00e9e \u00e0 Paris dans la nuit de vendredi \u00e0 samedi, en raison des orages. La femme a \u00e9t\u00e9 transport\u00e9e en urgence absolue \u00e0 l\u2019h\u00f4pital Henri Mondor et est d\u00e9c\u00e9d\u00e9e sur place.<\/p>\n","protected":false},"excerpt":{"rendered":"\u00a9 Umkreisel App Orages en Ile-de-France\u00a0: alerte m\u00e9t\u00e9o orange Jaune ce matin, l\u2019alerte vigilance de M\u00e9t\u00e9o France a&hellip;\n","protected":false},"author":2,"featured_media":225861,"comment_status":"","ping_status":"","sticky":false,"template":"","format":"standard","meta":{"footnotes":""},"categories":[1592],"tags":[1111,11,34240,6698,1777,674,1011,27,662,2487,2357,12,4594,9640,626,25],"class_list":{"0":"post-225860","1":"post","2":"type-post","3":"status-publish","4":"format-standard","5":"has-post-thumbnail","7":"category-ile-de-france","8":"tag-actu","9":"tag-actualites","10":"tag-alerte-orange","11":"tag-canicule","12":"tag-eu","13":"tag-europe","14":"tag-fr","15":"tag-france","16":"tag-ile-de-france","17":"tag-meteo","18":"tag-meteo-france","19":"tag-news","20":"tag-orages","21":"tag-organisation","22":"tag-paris","23":"tag-republique-francaise"},"share_on_mastodon":{"url":"https:\/\/pubeurope.com\/@fr\/114795522665809263","error":""},"_links":{"self":[{"href":"https:\/\/www.europesays.com\/fr\/wp-json\/wp\/v2\/posts\/225860","targetHints":{"allow":["GET"]}}],"collection":[{"href":"https:\/\/www.europesays.com\/fr\/wp-json\/wp\/v2\/posts"}],"about":[{"href":"https:\/\/www.europesays.com\/fr\/wp-json\/wp\/v2\/types\/post"}],"author":[{"embeddable":true,"href":"https:\/\/www.europesays.com\/fr\/wp-json\/wp\/v2\/users\/2"}],"replies":[{"embeddable":true,"href":"https:\/\/www.europesays.com\/fr\/wp-json\/wp\/v2\/comments?post=225860"}],"version-history":[{"count":0,"href":"https:\/\/www.europesays.com\/fr\/wp-json\/wp\/v2\/posts\/225860\/revisions"}],"wp:featuredmedia":[{"embeddable":true,"href":"https:\/\/www.europesays.com\/fr\/wp-json\/wp\/v2\/media\/225861"}],"wp:attachment":[{"href":"https:\/\/www.europesays.com\/fr\/wp-json\/wp\/v2\/media?parent=225860"}],"wp:term":[{"taxonomy":"category","embeddable":true,"href":"https:\/\/www.europesays.com\/fr\/wp-json\/wp\/v2\/categories?post=225860"},{"taxonomy":"post_tag","embeddable":true,"href":"https:\/\/www.europesays.com\/fr\/wp-json\/wp\/v2\/tags?post=225860"}],"curies":[{"name":"wp","href":"https:\/\/api.w.org\/{rel}","templated":true}]}}