{"id":225864,"date":"2025-07-04T14:51:09","date_gmt":"2025-07-04T14:51:09","guid":{"rendered":"https:\/\/www.europesays.com\/fr\/225864\/"},"modified":"2025-07-04T14:51:09","modified_gmt":"2025-07-04T14:51:09","slug":"laetitia-avia-ex-deputee-de-paris-condamnee-en-appel-pour-harcelement-moral","status":"publish","type":"post","link":"https:\/\/www.europesays.com\/fr\/225864\/","title":{"rendered":"Laetitia Avia, ex-d\u00e9put\u00e9e de Paris, condamn\u00e9e en appel pour harc\u00e8lement moral"},"content":{"rendered":"<p>            Par<br \/>\n        <strong><br \/>\n            <a href=\"https:\/\/actu.fr\/auteur\/redaction-paris\" title=\"Consulter tous les articles de R\u00e9daction Paris\" rel=\"nofollow noopener\" target=\"_blank\">R\u00e9daction Paris<\/a><br \/>\n        <\/strong><\/p>\n<p>        Publi\u00e9 le<\/p>\n<p>            4 juil. 2025 \u00e0 13h50        <\/p>\n<p>Condamnation confirm\u00e9e. La cour d\u2019appel de Paris a valid\u00e9e vendredi 4 juillet 2025 la peine prononc\u00e9e en <a href=\"https:\/\/actu.fr\/ile-de-france\/paris_75056\/paris-l-ex-deputee-macroniste-laetitia-avia-condamnee-a-six-mois-de-prison-pour-harcelement-moral_59820605.html\" rel=\"nofollow noopener\" target=\"_blank\">premi\u00e8re instance<\/a> \u00e0 l\u2019encontre de l\u2019ancienne d\u00e9put\u00e9e LREM <strong>Laetitia Avia<\/strong>, de six mois d\u2019emprisonnement avec sursis et deux ans d\u2019in\u00e9ligibilit\u00e9 pour le <a href=\"https:\/\/actu.fr\/ile-de-france\/paris_75056\/laetitia-avia-ancienne-deputee-lrem-de-paris-bientot-jugee-pour-harcelement-moral_52718258.html\" rel=\"nofollow noopener\" target=\"_blank\">harc\u00e8lement moral<\/a> de quatre assistants parlementaires.<\/p>\n<p>Des propos jug\u00e9s sexistes, racistes ou homophobes<\/p>\n<p class=\" wall-content\">En revanche, les <strong>dommages et int\u00e9r\u00eats<\/strong> \u00e0 verser aux parties civiles par l\u2019ancienne d\u00e9put\u00e9e de Paris ont \u00e9t\u00e9 augment\u00e9e. Dans un article de Mediapart publi\u00e9 en mai 2020, cinq anciens assistants parlementaires l\u2019accusaient de faire subir \u00e0 ses collaborateurs humiliations, harc\u00e8lements et abus de pouvoir.<\/p>\n<p class=\" wall-content\">Les t\u00e9moignages \u00e9voquaient \u00e9galement des propos jug\u00e9s sexistes, racistes ou homophobes que tenait Laetitia Avia dans des \u00e9changes avec son \u00e9quipe. L\u2019ex d\u00e9put\u00e9e, <strong>macroniste<\/strong> de la premi\u00e8re heure, portait alors au Parlement un projet de loi contre la haine en ligne, qui a \u00e9t\u00e9 censur\u00e9 en grande partie le mois suivant par le Conseil constitutionnel.<\/p>\n<p class=\" wall-content\">Apr\u00e8s plusieurs plaintes, une enqu\u00eate avait \u00e9t\u00e9 ouverte en juillet 2020 et, deux ans plus tard, l\u2019\u00e9lue avait \u00e9t\u00e9 cit\u00e9e \u00e0 compara\u00eetre devant le tribunal.\u00a0Lors du proc\u00e8s en premi\u00e8re instance, sept anciens salari\u00e9s, qui n\u2019avaient pas tous port\u00e9 plainte, avaient longuement t\u00e9moign\u00e9, d\u00e9crivant la<strong> \u00ab\u00a0violence verbale\u00a0\u00bb<\/strong> et <strong>\u00ab\u00a0l\u2019agressivit\u00e9\u00a0\u00bb<\/strong> de leur ancienne patronne, parfois via des remarques et surnoms sur leurs origines.<\/p>\n<p class=\" wall-content\">Avec AFP.<\/p>\n<p>Vid\u00e9os : en ce moment sur Actu<\/p>\n<p class=\" wall-content\">Suivez toute l\u2019actualit\u00e9 de vos villes et m\u00e9dias favoris en vous inscrivant \u00e0 <a href=\"https:\/\/moncompte.actu.fr\" title=\"D\u00e9couvez Mon Actu\" rel=\"nofollow noopener\" data-trk=\"{&quot;cta&quot;:{&quot;action&quot;:&quot;https:\\\/\\\/moncompte.actu.fr&quot;,&quot;category&quot;:&quot;mon compte&quot;,&quot;from&quot;:&quot;article footer&quot;,&quot;name&quot;:&quot;Mon actu&quot;,&quot;type&quot;:&quot;cta&quot;}}\" target=\"_blank\">Mon Actu<\/a>.<\/p>\n","protected":false},"excerpt":{"rendered":"Par R\u00e9daction Paris Publi\u00e9 le 4 juil. 2025 \u00e0 13h50 Condamnation confirm\u00e9e. La cour d\u2019appel de Paris a&hellip;\n","protected":false},"author":2,"featured_media":225865,"comment_status":"","ping_status":"","sticky":false,"template":"","format":"standard","meta":{"footnotes":""},"categories":[1888],"tags":[1111,1928,11,1927,1777,674,1011,27,303,12,1926,626,1925,316,25],"class_list":{"0":"post-225864","1":"post","2":"type-post","3":"status-publish","4":"format-standard","5":"has-post-thumbnail","7":"category-paris","8":"tag-actu","9":"tag-actu-paris","10":"tag-actualites","11":"tag-actualites-paris","12":"tag-eu","13":"tag-europe","14":"tag-fr","15":"tag-france","16":"tag-justice","17":"tag-news","18":"tag-news-paris","19":"tag-paris","20":"tag-paris-news","21":"tag-politique","22":"tag-republique-francaise"},"share_on_mastodon":{"url":"https:\/\/pubeurope.com\/@fr\/114795530327369485","error":""},"_links":{"self":[{"href":"https:\/\/www.europesays.com\/fr\/wp-json\/wp\/v2\/posts\/225864","targetHints":{"allow":["GET"]}}],"collection":[{"href":"https:\/\/www.europesays.com\/fr\/wp-json\/wp\/v2\/posts"}],"about":[{"href":"https:\/\/www.europesays.com\/fr\/wp-json\/wp\/v2\/types\/post"}],"author":[{"embeddable":true,"href":"https:\/\/www.europesays.com\/fr\/wp-json\/wp\/v2\/users\/2"}],"replies":[{"embeddable":true,"href":"https:\/\/www.europesays.com\/fr\/wp-json\/wp\/v2\/comments?post=225864"}],"version-history":[{"count":0,"href":"https:\/\/www.europesays.com\/fr\/wp-json\/wp\/v2\/posts\/225864\/revisions"}],"wp:featuredmedia":[{"embeddable":true,"href":"https:\/\/www.europesays.com\/fr\/wp-json\/wp\/v2\/media\/225865"}],"wp:attachment":[{"href":"https:\/\/www.europesays.com\/fr\/wp-json\/wp\/v2\/media?parent=225864"}],"wp:term":[{"taxonomy":"category","embeddable":true,"href":"https:\/\/www.europesays.com\/fr\/wp-json\/wp\/v2\/categories?post=225864"},{"taxonomy":"post_tag","embeddable":true,"href":"https:\/\/www.europesays.com\/fr\/wp-json\/wp\/v2\/tags?post=225864"}],"curies":[{"name":"wp","href":"https:\/\/api.w.org\/{rel}","templated":true}]}}