{"id":225879,"date":"2025-07-04T15:01:17","date_gmt":"2025-07-04T15:01:17","guid":{"rendered":"https:\/\/www.europesays.com\/fr\/225879\/"},"modified":"2025-07-04T15:01:17","modified_gmt":"2025-07-04T15:01:17","slug":"une-campagne-daffichage-provoque-une-polemique","status":"publish","type":"post","link":"https:\/\/www.europesays.com\/fr\/225879\/","title":{"rendered":"une campagne d\u2019affichage provoque une pol\u00e9mique"},"content":{"rendered":"\n<p class=\"c-chapo \">\n  \u00c0 B\u00fcren, dans l\u2019ouest de l&rsquo;Allemagne, une campagne d\u2019information contre le harc\u00e8lement sexuel suscite la controverse. Certains d\u00e9noncent le fait qu&rsquo;elle mette en sc\u00e8ne des agresseurs blancs qui s&rsquo;en prennent \u00e0 des victimes noires.\n<\/p>\n<p>    <img loading=\"lazy\" decoding=\"async\" class=\"signature__image lazyload\" width=\"100\" height=\"100\" data- alt=\"\" src=\"https:\/\/www.europesays.com\/fr\/wp-content\/uploads\/2025\/05\/portrait-sebastien-baer-66e562ffa6d95599212395.png\"\/><\/p>\n<p>    Publi\u00e9 le 04\/07\/2025 16:38<\/p>\n<p>        Temps de lecture : 2min<\/p>\n<p>    <img decoding=\"async\"  alt=\"L'une des affiches cr\u00e9\u00e9e par la municipalit\u00e9 de B\u00fcren, en Allemagne. (FRANCEINFO \/ RADIO FRANCE)\" width=\"432\" height=\"243\" src=\"https:\/\/www.europesays.com\/fr\/wp-content\/uploads\/2025\/07\/whatsapp-image-2025-07-04-at-14-53-03-6867cf3543156935400761.jpg\" fetchpriority=\"high\"\/><\/p>\n<p>      L&rsquo;une des affiches cr\u00e9\u00e9e par la municipalit\u00e9 de B\u00fcren, en Allemagne. (FRANCEINFO \/ RADIO FRANCE)<\/p>\n<p>Pour sensibiliser les enfants et adolescents au harc\u00e8lement sexuel, une piscine en plein air de Rh\u00e9nanie-du-Nord-Westphalie a lanc\u00e9 une campagne d&rsquo;information baptis\u00e9e \u00ab\u00a0Et\u00e9-soleil-s\u00e9curit\u00e9\u00a0\u00bb. Mais le choix des affiches n&rsquo;est pas du go\u00fbt de tout le monde.\u00a0<\/p>\n<p>Sur l&rsquo;une des affiches, on voit une femme blanche toucher les fesses d&rsquo;un petit gar\u00e7on noir et qui porte une proth\u00e8se \u00e0 la jambe, avec ce slogan\u00a0: \u00ab\u00a0Stop\u00a0! Interdiction de toucher\u00a0!\u00a0\u00bb\u00a0Sur une autre affiche, un homme blanc force la porte du vestiaire dans lequel une femme noire est en train de se changer. Les victimes sont invit\u00e9es \u00e0 prononcer le mot \u00ab\u00a0Tiki\u00a0\u00bb\u00a0pour donner l&rsquo;alerte en cas d&rsquo;agression sexuelle et un message rappelle que \u00ab\u00a0personne n&rsquo;a le droit de te toucher sans ton consentement\u00a0\u00bb. <\/p>\n<p>Sur les r\u00e9seaux sociaux, une internaute d\u00e9nonce \u00ab\u00a0une campagne absurde contre le harc\u00e8lement sexuel\u00a0\u00bb. Un autre s&rsquo;interroge\u00a0: \u00ab\u00a0Quel esprit pervers peut inventer de telles inepties\u00a0?\u00a0\u00bb\u00a0Certains reprochent \u00e0 la municipalit\u00e9 de fausser la r\u00e9alit\u00e9. \u00ab\u00a0En d\u00e9formant les faits, on ridiculise la bonne volont\u00e9\u00a0\u00bb. <\/p>\n<p>Le 22 juin, plusieurs jeunes Syriens ont agress\u00e9 sexuellement huit adolescentes de 11 \u00e0 17 ans dans une piscine en plein air de Gelnhausen, pr\u00e8s de Francfort. Cit\u00e9 par le journal Bild, un ministre de la r\u00e9gion de Hesse ne cache pas son incr\u00e9dulit\u00e9. \u00ab\u00a0Apr\u00e8s les incidents que nous avons connus r\u00e9cemment, cette repr\u00e9sentation est une moquerie envers les personnes concern\u00e9es\u00a0\u00bb, d\u00e9nonce-t-il.\u00a0<\/p>\n<p>L&rsquo;\u00e9t\u00e9 dernier, une campagne similaire avait d\u00e9j\u00e0 \u00e9t\u00e9 lanc\u00e9e dans les piscines municipales de la ville de Cologne. Le vice-pr\u00e9sident du syndicat allemand de la police, Manuel Ostermann, avait critiqu\u00e9 des visuels tr\u00e8s \u00e9loign\u00e9s de la r\u00e9alit\u00e9 et qui renvoient une image erron\u00e9e des agresseurs. \u00ab\u00a0Appelons un chat un chat\u00a0: il s&rsquo;agit principalement d&rsquo;hommes originaires des principaux pays des demandeurs d&rsquo;asile\u00a0\u00bb, a-t-il \u00e9crit sur la plateforme X.<\/p>\n<p>Dans un communiqu\u00e9 publi\u00e9 sur le site internet de la commune de B\u00fcren, la mairie affirme prendre tr\u00e8s au s\u00e9rieux les critiques et se d\u00e9fend\u00a0: \u00ab\u00a0Nous n&rsquo;avons jamais eu l&rsquo;intention de discriminer des personnes ou de rejeter la faute sur elles. Si telle a \u00e9t\u00e9 l&rsquo;impression, nous tenons \u00e0 pr\u00e9senter nos excuses\u00a0\u00bb. Burkhard Schwuchow, le maire conservateur (CDU), explique encore avoir voulu \u00ab\u00a0mettre en \u00e9vidence la diversit\u00e9 et \u00e9viter de mani\u00e8re cibl\u00e9e les st\u00e9r\u00e9otypes\u00a0\u00bb. Apr\u00e8s la pol\u00e9mique, la ville promet \u00e0 l&rsquo;avenir de r\u00e9\u00e9valuer ses campagnes d&rsquo;information.<\/p>\n","protected":false},"excerpt":{"rendered":"\u00c0 B\u00fcren, dans l\u2019ouest de l&rsquo;Allemagne, une campagne d\u2019information contre le harc\u00e8lement sexuel suscite la controverse. Certains d\u00e9noncent&hellip;\n","protected":false},"author":2,"featured_media":225880,"comment_status":"","ping_status":"","sticky":false,"template":"","format":"standard","meta":{"footnotes":""},"categories":[1587],"tags":[11,672,1804,1805,1803,1777,674,1801,12,1802],"class_list":{"0":"post-225879","1":"post","2":"type-post","3":"status-publish","4":"format-standard","5":"has-post-thumbnail","7":"category-allemagne","8":"tag-actualites","9":"tag-allemagne","10":"tag-bundesrepublik-deutschland","11":"tag-de","12":"tag-deutschland","13":"tag-eu","14":"tag-europe","15":"tag-germany","16":"tag-news","17":"tag-republique-federale-dallemagne"},"share_on_mastodon":{"url":"https:\/\/pubeurope.com\/@fr\/114795569773868854","error":""},"_links":{"self":[{"href":"https:\/\/www.europesays.com\/fr\/wp-json\/wp\/v2\/posts\/225879","targetHints":{"allow":["GET"]}}],"collection":[{"href":"https:\/\/www.europesays.com\/fr\/wp-json\/wp\/v2\/posts"}],"about":[{"href":"https:\/\/www.europesays.com\/fr\/wp-json\/wp\/v2\/types\/post"}],"author":[{"embeddable":true,"href":"https:\/\/www.europesays.com\/fr\/wp-json\/wp\/v2\/users\/2"}],"replies":[{"embeddable":true,"href":"https:\/\/www.europesays.com\/fr\/wp-json\/wp\/v2\/comments?post=225879"}],"version-history":[{"count":0,"href":"https:\/\/www.europesays.com\/fr\/wp-json\/wp\/v2\/posts\/225879\/revisions"}],"wp:featuredmedia":[{"embeddable":true,"href":"https:\/\/www.europesays.com\/fr\/wp-json\/wp\/v2\/media\/225880"}],"wp:attachment":[{"href":"https:\/\/www.europesays.com\/fr\/wp-json\/wp\/v2\/media?parent=225879"}],"wp:term":[{"taxonomy":"category","embeddable":true,"href":"https:\/\/www.europesays.com\/fr\/wp-json\/wp\/v2\/categories?post=225879"},{"taxonomy":"post_tag","embeddable":true,"href":"https:\/\/www.europesays.com\/fr\/wp-json\/wp\/v2\/tags?post=225879"}],"curies":[{"name":"wp","href":"https:\/\/api.w.org\/{rel}","templated":true}]}}