{"id":22588,"date":"2025-04-13T16:21:07","date_gmt":"2025-04-13T16:21:07","guid":{"rendered":"https:\/\/www.europesays.com\/fr\/22588\/"},"modified":"2025-04-13T16:21:07","modified_gmt":"2025-04-13T16:21:07","slug":"lyon-un-festival-de-cinema-gratuit-en-plein-air-va-sinstaller-dans-cette-magnifique-cour","status":"publish","type":"post","link":"https:\/\/www.europesays.com\/fr\/22588\/","title":{"rendered":"Lyon. Un festival de cin\u00e9ma gratuit en plein air va s&rsquo;installer dans cette magnifique cour"},"content":{"rendered":"<p>            Par<br \/>\n        <strong><br \/>\n            <a href=\"https:\/\/actu.fr\/auteur\/ludivine-caporal\" title=\"Consulter tous les articles de Ludivine Caporal\" target=\"_blank\" rel=\"noopener\">Ludivine Caporal<\/a><br \/>\n        <\/strong><\/p>\n<p>        Publi\u00e9 le<\/p>\n<p>            13 avr. 2025 \u00e0 6h28        <\/p>\n<p>Une vue incroyable sur la cath\u00e9drale Saint-Jean, une cour au calme de la foule et de grands films : c\u2019est l\u2019exp\u00e9rience que souhaite proposer <strong>gratuitement<\/strong> l\u2019association Argaya aux Lyonnais.<\/p>\n<p class=\" wall-content\">Elle projette ainsi d\u2019organiser la premi\u00e8re \u00e9dition du <strong>Festival du film europ\u00e9en<\/strong> dans la cour du Palais Saint-Jean, situ\u00e9e au c\u0153ur du mythique quartier du <a href=\"https:\/\/actu.fr\/tag\/vieux-lyon\" target=\"_blank\" rel=\"noopener\">Vieux-Lyon<\/a>, <strong>du 19 au 23 juillet 2025. <\/strong><\/p>\n<p class=\" wall-content\">Un \u00e9v\u00e9nement qui a pratiquement tous les feux verts mais pour lequel il manque encore un petit coup de pouce financier.<\/p>\n<p>Une cagnotte en ligne<\/p>\n<p class=\" wall-content\">Pour boucler son budget et assurer l\u2019organisation de cette premi\u00e8re \u00e9dition, l\u2019association Argaya a effectivement besoin de <strong>quelques milliers d\u2019euros suppl\u00e9mentaires<\/strong> en plus des contributions des m\u00e9c\u00e8nes, collectivit\u00e9s et\/ou partenaires d\u00e9j\u00e0 r\u00e9colt\u00e9es.<\/p>\n<p class=\" wall-content\">Elle se tourne donc aujourd\u2019hui directement vers les Lyonnais avec la mise \u00e0 disposition d\u2019une <a href=\"https:\/\/www.helloasso.com\/associations\/argaya\/collectes\/festival-europeen-du-vieux-lyon-cinema-photographie-2025\" target=\"_blank\" rel=\"noopener\">cagnotte en ligne<\/a>, en esp\u00e9rant que ces derniers souhaitent bien participer \u00e0 l\u2019\u00e9laboration de ce grand projet, dont Roland Stevenot est \u00e0 l\u2019origine.<\/p>\n<p>Vid\u00e9os : en ce moment sur ActuLes films pr\u00e9vus \u00e0 l&rsquo;affiche :\u00a0<\/p>\n<p>Simone, le Voyage du Si\u00e8cle de Olivier Dahan<br \/>The Commitments de Alan Parker<br \/>Les Ailes du D\u00e9sir de Wim Wenders<br \/>La Vie est Belle de Roberto Benigni<br \/>Tout sur ma M\u00e8re de P\u00e9dro Almodovar<\/p>\n<p>\u00ab\u00a0Un rendez-vous singulier\u00a0\u00bb<\/p>\n<p class=\" wall-content\">Habitant du Vieux-Lyon \u00ab\u00a0depuis longtemps\u00a0\u00bb, ce dernier a en effet la\u00a0\u00ab\u00a0volont\u00e9 de faire vivre la fabuleuse aventure culturelle du cin\u00e9ma en plein air (\u2026) au c\u0153ur du site historique de Lyon, ville du cin\u00e9ma\u00a0\u00bb, et d\u2019en faire \u00ab\u00a0un rendez-vous singulier\u00a0\u00bb.<\/p>\n<p class=\" wall-content\">Si elles ont bien lieu, ces cinq soir\u00e9es \u00e0 la belle \u00e9toile promettent en tout cas d\u2019\u00eatre inoubliables.<\/p>\n<p class=\" wall-content\">Suivez toute l\u2019actualit\u00e9 de vos villes et m\u00e9dias favoris en vous inscrivant \u00e0 <a href=\"https:\/\/moncompte.actu.fr\" title=\"D\u00e9couvez Mon Actu\" rel=\"nofollow noopener\" data-trk=\"{&quot;cta&quot;:{&quot;action&quot;:&quot;https:\\\/\\\/moncompte.actu.fr&quot;,&quot;category&quot;:&quot;mon compte&quot;,&quot;from&quot;:&quot;article footer&quot;,&quot;name&quot;:&quot;Mon actu&quot;,&quot;type&quot;:&quot;cta&quot;}}\" target=\"_blank\">Mon Actu<\/a>.<\/p>\n","protected":false},"excerpt":{"rendered":"Par Ludivine Caporal Publi\u00e9 le 13 avr. 2025 \u00e0 6h28 Une vue incroyable sur la cath\u00e9drale Saint-Jean, une&hellip;\n","protected":false},"author":2,"featured_media":22589,"comment_status":"","ping_status":"","sticky":false,"template":"","format":"standard","meta":{"footnotes":""},"categories":[1889],"tags":[1111,11,2430,650,1777,674,1011,27,1652,2428,12,25,5287],"class_list":{"0":"post-22588","1":"post","2":"type-post","3":"status-publish","4":"format-standard","5":"has-post-thumbnail","7":"category-lyon","8":"tag-actu","9":"tag-actualites","10":"tag-auvergne-rhone-alpes","11":"tag-cinema","12":"tag-eu","13":"tag-europe","14":"tag-fr","15":"tag-france","16":"tag-loisirs-culture","17":"tag-lyon","18":"tag-news","19":"tag-republique-francaise","20":"tag-vieux-lyon"},"share_on_mastodon":{"url":"https:\/\/pubeurope.com\/@fr\/114331574903634065","error":""},"_links":{"self":[{"href":"https:\/\/www.europesays.com\/fr\/wp-json\/wp\/v2\/posts\/22588","targetHints":{"allow":["GET"]}}],"collection":[{"href":"https:\/\/www.europesays.com\/fr\/wp-json\/wp\/v2\/posts"}],"about":[{"href":"https:\/\/www.europesays.com\/fr\/wp-json\/wp\/v2\/types\/post"}],"author":[{"embeddable":true,"href":"https:\/\/www.europesays.com\/fr\/wp-json\/wp\/v2\/users\/2"}],"replies":[{"embeddable":true,"href":"https:\/\/www.europesays.com\/fr\/wp-json\/wp\/v2\/comments?post=22588"}],"version-history":[{"count":0,"href":"https:\/\/www.europesays.com\/fr\/wp-json\/wp\/v2\/posts\/22588\/revisions"}],"wp:featuredmedia":[{"embeddable":true,"href":"https:\/\/www.europesays.com\/fr\/wp-json\/wp\/v2\/media\/22589"}],"wp:attachment":[{"href":"https:\/\/www.europesays.com\/fr\/wp-json\/wp\/v2\/media?parent=22588"}],"wp:term":[{"taxonomy":"category","embeddable":true,"href":"https:\/\/www.europesays.com\/fr\/wp-json\/wp\/v2\/categories?post=22588"},{"taxonomy":"post_tag","embeddable":true,"href":"https:\/\/www.europesays.com\/fr\/wp-json\/wp\/v2\/tags?post=22588"}],"curies":[{"name":"wp","href":"https:\/\/api.w.org\/{rel}","templated":true}]}}