{"id":225885,"date":"2025-07-04T15:04:11","date_gmt":"2025-07-04T15:04:11","guid":{"rendered":"https:\/\/www.europesays.com\/fr\/225885\/"},"modified":"2025-07-04T15:04:11","modified_gmt":"2025-07-04T15:04:11","slug":"lunion-des-lr-et-des-macronistes-lancee","status":"publish","type":"post","link":"https:\/\/www.europesays.com\/fr\/225885\/","title":{"rendered":"l\u2019union des LR et des macronistes lanc\u00e9e"},"content":{"rendered":"<p>La ministre de la Culture Rachida Dati a affirm\u00e9 vendredi, au c\u00f4t\u00e9 de son coll\u00e8gue Benjamin Haddad, son souhait d\u2019unir la droite et le clan macroniste en vue des \u00e9lections municipales 2026 \u00e0 Paris.<\/p>\n<p class=\"fig-paragraph\">Une union est-elle possible entre LR et Renaissance\u00a0? C\u2019est le souhait de la ministre de la Culture et candidate aux \u00e9lections municipales 2026,\u00a0<a href=\"http:\/\/www.lefigaro.fr\/politique\/rachida-dati-s-oppose-aux-republicains-en-affirmant-que-le-macronisme-existe-20250526\" target=\"_blank\" data-fig-type=\"NewsFlash\" rel=\"noopener nofollow\" data-gtm-custom-categorie=\"navigation\" data-gtm-custom-action=\"crossclick\" data-gtm-custom-label=\"Contextuel\" data-gtm-event=\"customEventSPE\" data-fig-domain=\"LEFIGARO\">Rachida Dati<\/a>. Elle a affirm\u00e9 devant plusieurs dizaines de militants que \u00ables Parisiens ont envie d\u2019alternance, ils veulent que \u00e7a change. Alors si on perd demain, ce sera de notre faute car on se sera sabot\u00e9\u00bb. \u00abOn a une responsabilit\u00e9 d\u2019union. On a un socle id\u00e9ologique commun\u00bb, a-t-elle insist\u00e9.<\/p>\n<p class=\"fig-paragraph\">L\u2019ex-ministre de Nicolas Sarkozy jure \u00abloyaut\u00e9 et reconnaissance\u00bb \u00e9ternelles \u00e0\u00a0<a href=\"http:\/\/www.lefigaro.fr\/politique\/emmanuel-macron-pose-officiellement-aux-cotes-du-gouvernement-pour-la-premiere-fois-depuis-trois-ans-20250702\" target=\"_blank\" data-fig-type=\"Article\" rel=\"noopener nofollow\" data-gtm-custom-categorie=\"navigation\" data-gtm-custom-action=\"crossclick\" data-gtm-custom-label=\"Contextuel\" data-gtm-event=\"customEventSPE\" data-fig-domain=\"LEFIGARO\">Emmanuel Macron<\/a>, qu\u2019elle a rejoint d\u00e9but 2024. \u00c0 ses c\u00f4t\u00e9s, le ministre des Affaires europ\u00e9ennes,\u00a0<a href=\"http:\/\/www.lefigaro.fr\/vox\/politique\/benjamin-haddad-seul-le-projet-d-emmanuel-macron-defend-les-interets-et-la-securite-de-la-france-20220412\" data-fig-type=\"Article\" data-gtm-custom-categorie=\"navigation\" data-gtm-custom-action=\"crossclick\" data-gtm-custom-label=\"Contextuel\" data-gtm-event=\"customEventSPE\" data-fig-domain=\"LEFIGARO\" rel=\"nofollow noopener\" target=\"_blank\">Benjamin Haddad<\/a>\u00a0acquiesce, martelant deux mots\u00a0: \u00abrassemblement\u00bb et \u00abunit\u00e9\u00bb. \u00abRachida (Dati) est une warrior (combattante, NDLR)\u00bb, observe M. Haddad pour qui celle qui a \u00e9t\u00e9 \u00e9lue \u00e0 trois reprises maire du VIIe arrondissement \u00abest la mieux plac\u00e9e\u00bb pour 2026.<\/p>\n<p>                                    <a class=\"fig-a11y-skip a11y-hidden\" href=\"#fig-a11y-skip-main-inarticle\"><br \/>\n        Passer la publicit\u00e9<br \/>\n    <\/a><\/p>\n<p>Une d\u00e9cision \u00e0 venir chez Renaissance<\/p>\n<p class=\"fig-paragraph\">\u00c0 neuf mois des municipales, il n\u2019est cependant pas acquis que les macronistes se rangent derri\u00e8re Rachida Dati. Renaissance n\u2019a pas encore tranch\u00e9 sa strat\u00e9gie pour Paris, bien que flotte l\u2019id\u00e9e que Mme Dati a d\u00e9j\u00e0 obtenu l\u2019aval d\u2019Emmanuel Macron: dans des extraits sonores diffus\u00e9s d\u00e9but juin par France 2, la ministre de la Culture affirme \u00e0 des \u00e9lus parisiens LR avoir eu \u00abl\u2019assurance\u00bb du pr\u00e9sident d\u2019\u00eatre le \u00abcandidat unique\u00bb \u00e0 Paris.<\/p>\n<p class=\"fig-paragraph\">En revanche, une frange des militants Renaissance, notamment dans le noyau historique, pourrait soutenir le candidat Horizons Pierre-Yves Bournazel, qui a lanc\u00e9 sa campagne d\u00e9but juin. Une d\u00e9cision doit \u00eatre prise d\u2019ici \u00e0 la fin de l\u2019\u00e9t\u00e9 sur le sujet.<\/p>\n<p class=\"fig-paragraph\">La ministre a plut\u00f4t r\u00e9serv\u00e9 ses banderilles pour un autre LR: le s\u00e9nateur Francis Szpiner, candidat \u00e0 l\u2019investiture des LR pour les municipales. \u00abIl est f\u00e9brile\u00bb, \u00abdans l\u2019attaque et la surr\u00e9action\u00bb, a raill\u00e9 Mme Dati.<\/p>\n","protected":false},"excerpt":{"rendered":"La ministre de la Culture Rachida Dati a affirm\u00e9 vendredi, au c\u00f4t\u00e9 de son coll\u00e8gue Benjamin Haddad, son&hellip;\n","protected":false},"author":2,"featured_media":225886,"comment_status":"","ping_status":"","sticky":false,"template":"","format":"standard","meta":{"footnotes":""},"categories":[2],"tags":[11,4188,1011,27,12,626,417,25],"class_list":{"0":"post-225885","1":"post","2":"type-post","3":"status-publish","4":"format-standard","5":"has-post-thumbnail","7":"category-actualites","8":"tag-actualites","9":"tag-elections-municipales","10":"tag-fr","11":"tag-france","12":"tag-news","13":"tag-paris","14":"tag-rachida-dati","15":"tag-republique-francaise"},"share_on_mastodon":{"url":"https:\/\/pubeurope.com\/@fr\/114795581672328530","error":""},"_links":{"self":[{"href":"https:\/\/www.europesays.com\/fr\/wp-json\/wp\/v2\/posts\/225885","targetHints":{"allow":["GET"]}}],"collection":[{"href":"https:\/\/www.europesays.com\/fr\/wp-json\/wp\/v2\/posts"}],"about":[{"href":"https:\/\/www.europesays.com\/fr\/wp-json\/wp\/v2\/types\/post"}],"author":[{"embeddable":true,"href":"https:\/\/www.europesays.com\/fr\/wp-json\/wp\/v2\/users\/2"}],"replies":[{"embeddable":true,"href":"https:\/\/www.europesays.com\/fr\/wp-json\/wp\/v2\/comments?post=225885"}],"version-history":[{"count":0,"href":"https:\/\/www.europesays.com\/fr\/wp-json\/wp\/v2\/posts\/225885\/revisions"}],"wp:featuredmedia":[{"embeddable":true,"href":"https:\/\/www.europesays.com\/fr\/wp-json\/wp\/v2\/media\/225886"}],"wp:attachment":[{"href":"https:\/\/www.europesays.com\/fr\/wp-json\/wp\/v2\/media?parent=225885"}],"wp:term":[{"taxonomy":"category","embeddable":true,"href":"https:\/\/www.europesays.com\/fr\/wp-json\/wp\/v2\/categories?post=225885"},{"taxonomy":"post_tag","embeddable":true,"href":"https:\/\/www.europesays.com\/fr\/wp-json\/wp\/v2\/tags?post=225885"}],"curies":[{"name":"wp","href":"https:\/\/api.w.org\/{rel}","templated":true}]}}