{"id":225891,"date":"2025-07-04T15:09:09","date_gmt":"2025-07-04T15:09:09","guid":{"rendered":"https:\/\/www.europesays.com\/fr\/225891\/"},"modified":"2025-07-04T15:09:09","modified_gmt":"2025-07-04T15:09:09","slug":"diplome-en-chirurgie-dentaire-christian-lio-willie-va-feter-sa-premiere-selection-avec-les-all-blacks-a-la-france","status":"publish","type":"post","link":"https:\/\/www.europesays.com\/fr\/225891\/","title":{"rendered":"dipl\u00f4m\u00e9 en chirurgie dentaire, Christian Lio-Willie va f\u00eater sa premi\u00e8re s\u00e9lection avec les All Blacks \u00e0 la France"},"content":{"rendered":"\n<p>\n            Rugby,\n        <\/p>\n<p>\n            Tests,\n        <\/p>\n<p>\n            Nouvelle-Z\u00e9lande\n        <\/p>\n<p> abonn\u00e9<\/p>\n<p>\u00ab\u00a0Les joueurs pros qui ont suivi des \u00e9tudes sont devenus si rares\u00a0\u00bb\u00a0: dipl\u00f4m\u00e9 en chirurgie dentaire, Christian Lio-Willie va f\u00eater sa premi\u00e8re s\u00e9lection avec les All Blacks \u00e0 la France<\/p>\n<p>Christian Lio-Willie a un parcours singulier dans le rugby moderne\u00a0: num\u00e9ro\u00a08 des Crusaders r\u00e9cents vainqueurs du Super Rugby, dipl\u00f4m\u00e9 en chirurgie dentaire, il fera ses grands d\u00e9buts avec le mythique maillot des All Blacks, ce samedi (9h05, heure fran\u00e7aise) en test-match face aux Bleus.<\/p>\n","protected":false},"excerpt":{"rendered":"Rugby, Tests, Nouvelle-Z\u00e9lande abonn\u00e9 \u00ab\u00a0Les joueurs pros qui ont suivi des \u00e9tudes sont devenus si rares\u00a0\u00bb\u00a0: dipl\u00f4m\u00e9 en&hellip;\n","protected":false},"author":2,"featured_media":225892,"comment_status":"","ping_status":"","sticky":false,"template":"","format":"standard","meta":{"footnotes":""},"categories":[1416],"tags":[1011,27,479,1468,60],"class_list":{"0":"post-225891","1":"post","2":"type-post","3":"status-publish","4":"format-standard","5":"has-post-thumbnail","7":"category-rugby","8":"tag-fr","9":"tag-france","10":"tag-rugby","11":"tag-rugby-football","12":"tag-sports"},"share_on_mastodon":{"url":"https:\/\/pubeurope.com\/@fr\/114795601190801160","error":""},"_links":{"self":[{"href":"https:\/\/www.europesays.com\/fr\/wp-json\/wp\/v2\/posts\/225891","targetHints":{"allow":["GET"]}}],"collection":[{"href":"https:\/\/www.europesays.com\/fr\/wp-json\/wp\/v2\/posts"}],"about":[{"href":"https:\/\/www.europesays.com\/fr\/wp-json\/wp\/v2\/types\/post"}],"author":[{"embeddable":true,"href":"https:\/\/www.europesays.com\/fr\/wp-json\/wp\/v2\/users\/2"}],"replies":[{"embeddable":true,"href":"https:\/\/www.europesays.com\/fr\/wp-json\/wp\/v2\/comments?post=225891"}],"version-history":[{"count":0,"href":"https:\/\/www.europesays.com\/fr\/wp-json\/wp\/v2\/posts\/225891\/revisions"}],"wp:featuredmedia":[{"embeddable":true,"href":"https:\/\/www.europesays.com\/fr\/wp-json\/wp\/v2\/media\/225892"}],"wp:attachment":[{"href":"https:\/\/www.europesays.com\/fr\/wp-json\/wp\/v2\/media?parent=225891"}],"wp:term":[{"taxonomy":"category","embeddable":true,"href":"https:\/\/www.europesays.com\/fr\/wp-json\/wp\/v2\/categories?post=225891"},{"taxonomy":"post_tag","embeddable":true,"href":"https:\/\/www.europesays.com\/fr\/wp-json\/wp\/v2\/tags?post=225891"}],"curies":[{"name":"wp","href":"https:\/\/api.w.org\/{rel}","templated":true}]}}