{"id":22590,"date":"2025-04-13T16:22:09","date_gmt":"2025-04-13T16:22:09","guid":{"rendered":"https:\/\/www.europesays.com\/fr\/22590\/"},"modified":"2025-04-13T16:22:09","modified_gmt":"2025-04-13T16:22:09","slug":"rassembleur-ou-pas-fait-pour-ca-et-si-jean-michel-aulas-etait-le-prochain-maire","status":"publish","type":"post","link":"https:\/\/www.europesays.com\/fr\/22590\/","title":{"rendered":"\u00ab Rassembleur \u00bb ou \u00ab pas fait pour \u00e7a \u00bb\u2026 Et si Jean-Michel Aulas \u00e9tait le prochain maire ?"},"content":{"rendered":"<p><strong>ELECTIONS &#8211; \u00ab 20 Minutes \u00bb a interrog\u00e9 des observateurs de la vie politique lyonnaise sur la potentielle candidature de l\u2019ex-patron de l\u2019Olympique lyonnais de 76 ans, Jean-Michel Aulas<\/strong><\/p>\n<p><a href=\"https:\/\/www.20minutes.fr\/societe\/4051586-20230905-lyon-pourquoi-jean-michel-aulas-va-prendre-place-maire-gregory-doucet\" rel=\"nofollow noopener\" target=\"_blank\" data-ylk=\"slk:En septembre 2023, Jean-Michel Aulas avait \u00ab pris la place du maire de Lyon \u00bb;elm:context_link;itc:0;sec:content-canvas\" class=\"link \">En septembre 2023, Jean-Michel Aulas avait \u00ab pris la place du maire de Lyon \u00bb <\/a>le temps d\u2019une soir\u00e9e, pour les <a href=\"https:\/\/www.20minutes.fr\/societe\/4108037-20240908-lyon-pourquoi-allez-entendre-coups-canon-dimanche-fin-apres-midi\" rel=\"nofollow noopener\" target=\"_blank\" data-ylk=\"slk:v\u0153ux des \u00e9chevins;elm:context_link;itc:0;sec:content-canvas\" class=\"link \">v\u0153ux des \u00e9chevins<\/a>. Un an et demi plus tard, l\u2019ancien patron de l\u2019<a href=\"https:\/\/www.20minutes.fr\/sport\/ol\/\" rel=\"nofollow noopener\" target=\"_blank\" data-ylk=\"slk:Olympique lyonnais;elm:context_link;itc:0;sec:content-canvas\" class=\"link \">Olympique lyonnais<\/a> envisage s\u00e9rieusement de la prendre pour de bon, au moins pour six ans. <a href=\"https:\/\/www.20minutes.fr\/lyon\/4139042-20250216-municipales-2026-lyon-reflechis-sollicitations-tres-nombreuses-si-aulas-presentait\" rel=\"nofollow noopener\" target=\"_blank\" data-ylk=\"slk:Mi-f\u00e9vrier;elm:context_link;itc:0;sec:content-canvas\" class=\"link \">Mi-f\u00e9vrier<\/a>, il a indiqu\u00e9 songer \u00e0 se pr\u00e9senter aux prochaines <a href=\"https:\/\/www.20minutes.fr\/municipales\/\" rel=\"nofollow noopener\" target=\"_blank\" data-ylk=\"slk:\u00e9lections municipales;elm:context_link;itc:0;sec:content-canvas\" class=\"link \">\u00e9lections municipales<\/a>. Et ses messages sur X laissent peu de place au doute. \u00ab Progressivement un cap et un chemin se dessinent \u00bb, \u00e9crivait-il le 1er avril, affirmant vouloir \u00ab rendre \u00e0 Lyon son honneur, son \u00e9nergie, la fiert\u00e9 et le plaisir d\u2019y vivre \u00bb.<\/p>\n<p>Dans son entourage, on est convaincu qu\u2019il ne fait pas \u00e7a pour le symbole. \u00ab Va falloir qu\u2019il le confirme bient\u00f4t, sinon il va d\u00e9cevoir plein de monde. Il ne peut plus faire machine arri\u00e8re \u00bb, souffle l\u2019un d\u2019eux \u00e0 20 Minutes. Car l\u2019id\u00e9e n\u2019est pas n\u00e9e hier. \u00ab C\u2019est dans sa t\u00eate depuis un moment. Il r\u00e9fl\u00e9chit beaucoup parce qu\u2019il ne fait jamais les choses \u00e0 moiti\u00e9. C\u2019est d\u2019ailleurs ce qui fera de lui un super maire de <a href=\"https:\/\/www.20minutes.fr\/magazine\/foire-de-lyon-mag\/\" rel=\"nofollow noopener\" target=\"_blank\" data-ylk=\"slk:Lyon;elm:context_link;itc:0;sec:content-canvas\" class=\"link \">Lyon<\/a>. S\u2019il y va, il va se donner \u00e0 fond, comme tous les projets qu\u2019il a entrepris. \u00bb<\/p>\n<p>\u00ab Il remplit toutes les cases pour \u00eatre un super maire \u00bb<\/p>\n<p>Mais alors, pourquoi maintenant ? \u00ab C\u2019est sa d\u00e9ception de voir la ville dans l\u2019\u00e9tat dans laquelle elle est, poursuit l\u2019un de ses amis. Il en est amoureux et il se dit qu\u2019il ne peut pas la laisser comme \u00e7a. \u00bb \u00c0 76 ans, l\u2019ex-dirigeant embl\u00e9matique de l\u2019OL n\u2019a plus le club \u00e0 g\u00e9rer, ni l\u2019entreprise de logiciels Cegid. \u00ab Tant qu\u2019il avait l\u2019OL, c\u2019\u00e9tait impossi(&#8230;)<\/p>\n<p><a href=\"https:\/\/www.20minutes.fr\/politique\/4148137-20250413-municipales-2026-lyon-rassembleur-fait-ca-si-jean-michel-aulas-prochain-maire\" rel=\"nofollow noopener\" target=\"_blank\" data-ylk=\"slk:Lire la suite sur 20minutes;elm:context_link;itc:0;sec:content-canvas\" class=\"link \">Lire la suite sur 20minutes<\/a><\/p>\n<p>\u00c0 lire aussi :<br \/><a href=\"https:\/\/www.20minutes.fr\/lyon\/4139042-20250216-municipales-2026-lyon-reflechis-sollicitations-tres-nombreuses-si-aulas-presentait\" rel=\"nofollow noopener\" target=\"_blank\" data-ylk=\"slk:Municipales 2026 \u00e0 Lyon : \u00ab J\u2019y r\u00e9fl\u00e9chis, les sollicitations sont tr\u00e8s nombreuses \u00bb\u2026 Et si Aulas se pr\u00e9sentait ?;elm:context_link;itc:0;sec:content-canvas\" class=\"link \">Municipales 2026 \u00e0 Lyon : \u00ab J\u2019y r\u00e9fl\u00e9chis, les sollicitations sont tr\u00e8s nombreuses \u00bb\u2026 Et si Aulas se pr\u00e9sentait ?<\/a><br \/><a href=\"https:\/\/www.20minutes.fr\/politique\/4142801-20250320-municipales-2026-lyon-chefs-cuisiniers-entreprise-parti-presente-etre-maire\" rel=\"nofollow noopener\" target=\"_blank\" data-ylk=\"slk:Municipales 2026 \u00e0 Lyon : Des chefs cuisiniers ou d\u2019entreprise mais pas de parti\u2026 Qui se pr\u00e9sente pour \u00eatre maire ?;elm:context_link;itc:0;sec:content-canvas\" class=\"link \">Municipales 2026 \u00e0 Lyon : Des chefs cuisiniers ou d\u2019entreprise mais pas de parti\u2026 Qui se pr\u00e9sente pour \u00eatre maire ?<\/a><\/p>\n","protected":false},"excerpt":{"rendered":"ELECTIONS &#8211; \u00ab 20 Minutes \u00bb a interrog\u00e9 des observateurs de la vie politique lyonnaise sur la potentielle&hellip;\n","protected":false},"author":2,"featured_media":22591,"comment_status":"","ping_status":"","sticky":false,"template":"","format":"standard","meta":{"footnotes":""},"categories":[1889],"tags":[642,1111,11,2430,1777,674,1011,27,5227,3279,2428,12,25],"class_list":{"0":"post-22590","1":"post","2":"type-post","3":"status-publish","4":"format-standard","5":"has-post-thumbnail","7":"category-lyon","8":"tag-20-minutes","9":"tag-actu","10":"tag-actualites","11":"tag-auvergne-rhone-alpes","12":"tag-eu","13":"tag-europe","14":"tag-fr","15":"tag-france","16":"tag-jean-michel-aulas","17":"tag-lolympique-lyonnais","18":"tag-lyon","19":"tag-news","20":"tag-republique-francaise"},"share_on_mastodon":{"url":"https:\/\/pubeurope.com\/@fr\/114331578682848237","error":""},"_links":{"self":[{"href":"https:\/\/www.europesays.com\/fr\/wp-json\/wp\/v2\/posts\/22590","targetHints":{"allow":["GET"]}}],"collection":[{"href":"https:\/\/www.europesays.com\/fr\/wp-json\/wp\/v2\/posts"}],"about":[{"href":"https:\/\/www.europesays.com\/fr\/wp-json\/wp\/v2\/types\/post"}],"author":[{"embeddable":true,"href":"https:\/\/www.europesays.com\/fr\/wp-json\/wp\/v2\/users\/2"}],"replies":[{"embeddable":true,"href":"https:\/\/www.europesays.com\/fr\/wp-json\/wp\/v2\/comments?post=22590"}],"version-history":[{"count":0,"href":"https:\/\/www.europesays.com\/fr\/wp-json\/wp\/v2\/posts\/22590\/revisions"}],"wp:featuredmedia":[{"embeddable":true,"href":"https:\/\/www.europesays.com\/fr\/wp-json\/wp\/v2\/media\/22591"}],"wp:attachment":[{"href":"https:\/\/www.europesays.com\/fr\/wp-json\/wp\/v2\/media?parent=22590"}],"wp:term":[{"taxonomy":"category","embeddable":true,"href":"https:\/\/www.europesays.com\/fr\/wp-json\/wp\/v2\/categories?post=22590"},{"taxonomy":"post_tag","embeddable":true,"href":"https:\/\/www.europesays.com\/fr\/wp-json\/wp\/v2\/tags?post=22590"}],"curies":[{"name":"wp","href":"https:\/\/api.w.org\/{rel}","templated":true}]}}