{"id":225903,"date":"2025-07-04T15:16:10","date_gmt":"2025-07-04T15:16:10","guid":{"rendered":"https:\/\/www.europesays.com\/fr\/225903\/"},"modified":"2025-07-04T15:16:10","modified_gmt":"2025-07-04T15:16:10","slug":"en-pleine-strategie-de-reconquete-stephane-plaza-sadresse-en-video-a-ses-franchises","status":"publish","type":"post","link":"https:\/\/www.europesays.com\/fr\/225903\/","title":{"rendered":"En pleine strat\u00e9gie de reconqu\u00eate, St\u00e9phane Plaza s\u2019adresse en vid\u00e9o \u00e0 ses franchis\u00e9s"},"content":{"rendered":"<p>Quatre mois apr\u00e8s sa condamnation pour violences conjugales sur une ex-compagne, St\u00e9phane Plaza veut aller de l\u2019avant. Apr\u00e8s avoir fait appel de sa condamnation, l\u2019animateur de Maison \u00e0 vendre a d\u00e9cid\u00e9 d\u2019assigner l\u2019Etat pour \u00ab\u00a0faute grave\u00a0\u00bb, estimant que le parquet de Paris a tent\u00e9 de \u00ab\u00a0<a href=\"https:\/\/www.20minutes.fr\/faits_divers\/faits-divers-paris\/4157174-20250605-impression-avoir-enterre-vivant-stephane-plaza-accuse-parquet-paris-avoir-detruit-vie\" rel=\"nofollow noopener\" target=\"_blank\" class=\"color-ultramarine c-link\">d\u00e9truire (sa) vie<\/a>\u00a0\u00bb.<\/p>\n<p>C\u00f4t\u00e9 professionnel, celui qui a \u00e9t\u00e9 <a href=\"https:\/\/www.20minutes.fr\/arts-stars\/medias\/4139459-20250218-m6-annonce-deprogrammation-emissions-stephane-plaza-apres-condamnation-violences-conjugales\" rel=\"nofollow noopener\" target=\"_blank\" class=\"color-ultramarine c-link\">l\u00e2ch\u00e9 par M6<\/a> se consacre \u00e0 pr\u00e9sent \u00e0 son r\u00e9seau d\u2019agences immobili\u00e8res. Mais il a du pain sur la planche. Ses d\u00e9m\u00eal\u00e9s avec la justice ont en effet terni l\u2019image de St\u00e9phane Plaza Immobilier, et des <a href=\"https:\/\/www.20minutes.fr\/justice\/4133478-20250113-stephane-plaza-juge-violences-agences-immobilieres-entament-demarches-quitter-franchise\" rel=\"nofollow noopener\" target=\"_blank\" class=\"color-ultramarine c-link\">franchis\u00e9s<\/a> ont quitt\u00e9 le navire.<\/p>\n<p>\u00ab\u00a0Plus d\u00e9termin\u00e9 que jamais\u00a0\u00bb<\/p>\n<p>Mais comme il l\u2019a annonc\u00e9 sur Instagram le 3\u00a0juillet, \u00ab\u00a0Un capitaine ne quitte jamais son \u00e9quipage\u00a0\u00bb. Dans une vid\u00e9o adress\u00e9e \u00e0 ses franchis\u00e9s, <a href=\"https:\/\/www.20minutes.fr\/justice\/4152282-20250507-stephane-plaza-doit-payer-contribution-citoyenne-usage-stupefiants\" rel=\"nofollow noopener\" target=\"_blank\" class=\"color-ultramarine c-link\">l\u2019ex-animateur<\/a>, tir\u00e9 \u00e0 quatre \u00e9pingles et un brin exalt\u00e9, a <a href=\"https:\/\/www.instagram.com\/reel\/DLnQ1wLtAIZ\/?utm_source=ig_embed\" rel=\"nofollow noopener\" target=\"_blank\" class=\"color-ultramarine c-link\">assur\u00e9<\/a> \u00ab\u00a0\u00eatre l\u00e0, plus d\u00e9termin\u00e9 que jamais\u00a0\u00bb et en pleine forme\u00a0\u00bb. \u00ab\u00a0Je suis n\u00e9 pour faire de l\u2019immobilier, un point c\u2019est tout\u00a0\u00bb d\u00e9clare-t-il avec force. Entrant dans une v\u00e9ritable op\u00e9ration s\u00e9duction, il rappelle que \u00ab\u00a0\u00e7a fait au moins 37 ans\u00a0\u00bb qu\u2019il est \u00ab\u00a0sur le terrain, au c\u00f4t\u00e9 des clients, au c\u0153ur des agences, au c\u0153ur du march\u00e9\u00a0\u00bb.<\/p>\n<p>Pour remotiver ses troupes, celui qui arborait un tee-shirt \u00ab\u00a0The Boss\u00a0\u00bb a tenu \u00e0 remercier \u00ab\u00a0du fond du c\u0153ur\u00a0\u00bb son \u00ab\u00a0r\u00e9seau vivant, ambitieux, humain et tourn\u00e9 vers l\u2019avenir\u00a0\u00bb. \u00ab\u00a0Parce que je crois profond\u00e9ment en vous, en ce qu\u2019on a construit tous ensemble\u00a0\u00bb, appuie-t-il. \u00ab\u00a0Ensemble, on avance, ensemble, on grandit, ensemble, on construit un r\u00e9seau durable, cr\u00e9dible et inspirant. Et ce n\u2019est que le d\u00e9but\u00a0\u00bb promet-il.<\/p>\n<p><script async src=\"\/\/www.instagram.com\/embed.js\"><\/script><\/p>\n","protected":false},"excerpt":{"rendered":"Quatre mois apr\u00e8s sa condamnation pour violences conjugales sur une ex-compagne, St\u00e9phane Plaza veut aller de l\u2019avant. Apr\u00e8s&hellip;\n","protected":false},"author":2,"featured_media":225904,"comment_status":"","ping_status":"","sticky":false,"template":"","format":"standard","meta":{"footnotes":""},"categories":[1359],"tags":[58,59,1011,27,2440,494,10857,973,7221,133],"class_list":{"0":"post-225903","1":"post","2":"type-post","3":"status-publish","4":"format-standard","5":"has-post-thumbnail","7":"category-people","8":"tag-divertissement","9":"tag-entertainment","10":"tag-fr","11":"tag-france","12":"tag-instagram","13":"tag-m6","14":"tag-parquet-de-paris","15":"tag-people","16":"tag-stephane-plaza","17":"tag-video"},"share_on_mastodon":{"url":"https:\/\/pubeurope.com\/@fr\/114795628724276006","error":""},"_links":{"self":[{"href":"https:\/\/www.europesays.com\/fr\/wp-json\/wp\/v2\/posts\/225903","targetHints":{"allow":["GET"]}}],"collection":[{"href":"https:\/\/www.europesays.com\/fr\/wp-json\/wp\/v2\/posts"}],"about":[{"href":"https:\/\/www.europesays.com\/fr\/wp-json\/wp\/v2\/types\/post"}],"author":[{"embeddable":true,"href":"https:\/\/www.europesays.com\/fr\/wp-json\/wp\/v2\/users\/2"}],"replies":[{"embeddable":true,"href":"https:\/\/www.europesays.com\/fr\/wp-json\/wp\/v2\/comments?post=225903"}],"version-history":[{"count":0,"href":"https:\/\/www.europesays.com\/fr\/wp-json\/wp\/v2\/posts\/225903\/revisions"}],"wp:featuredmedia":[{"embeddable":true,"href":"https:\/\/www.europesays.com\/fr\/wp-json\/wp\/v2\/media\/225904"}],"wp:attachment":[{"href":"https:\/\/www.europesays.com\/fr\/wp-json\/wp\/v2\/media?parent=225903"}],"wp:term":[{"taxonomy":"category","embeddable":true,"href":"https:\/\/www.europesays.com\/fr\/wp-json\/wp\/v2\/categories?post=225903"},{"taxonomy":"post_tag","embeddable":true,"href":"https:\/\/www.europesays.com\/fr\/wp-json\/wp\/v2\/tags?post=225903"}],"curies":[{"name":"wp","href":"https:\/\/api.w.org\/{rel}","templated":true}]}}