{"id":225905,"date":"2025-07-04T15:17:11","date_gmt":"2025-07-04T15:17:11","guid":{"rendered":"https:\/\/www.europesays.com\/fr\/225905\/"},"modified":"2025-07-04T15:17:11","modified_gmt":"2025-07-04T15:17:11","slug":"le-luxembourg-achete-le-clair-de-lune","status":"publish","type":"post","link":"https:\/\/www.europesays.com\/fr\/225905\/","title":{"rendered":"Le Luxembourg ach\u00e8te le clair de lune"},"content":{"rendered":"<p>4\/7\/2025 &#8211; <strong> Acquisition &#8211; Luxembourg, Mus\u00e9e national d\u2019Arch\u00e9ologie, d\u2019Histoire et d\u2019Art <\/strong> &#8211; La composition presque abstraite de la toile fait penser au symbole du yin et du yang\u00a0; elle est en effet travers\u00e9e par deux lignes sinueuses, l\u2019une blanche, l\u2019autre noire, chacune associ\u00e9e \u00e0 une touche de la m\u00eame couleur dans la partie sup\u00e9rieure. L\u2019interruption soudaine, \u00e0 l\u2019arri\u00e8re-plan, de ces deux tra\u00een\u00e9es, marque la fronti\u00e8re entre le ciel et la mer. Cette marine peinte par le Danois Laurits Tuxen en 1909 aurait pu figurer dans l\u2019exposition que le Mus\u00e9e de Caen consacre actuellement \u00e0 l\u2019Horizon (voir <a href=\"https:\/\/www.latribunedelart.com\/l-horizon-sans-fin-de-la-renaissance-a-nos-jours\" class=\"spip_in\" rel=\"nofollow noopener\" target=\"_blank\">l\u2019article<\/a>).<\/p>\n<dl class=\"spip_document_75420 spip_documents spip_documents_center\" itemprop=\"image\" itemscope=\"\" itemtype=\"http:\/\/schema.org\/ImageObject\">\n<dt>\n\t\t<a href=\"https:\/\/www.latribunedelart.com\/IMG\/jpg\/tuxen_clair_de_lune.jpg?75420\/da65c148103e99c1babbd9bbccdda2eaa3ca16decb737726c42742d69b5e7657\" title=\"\" type=\"image\/jpeg\" rel=\"nofollow noopener\" target=\"_blank\"><br \/>\n\t\t\t<img loading=\"lazy\" decoding=\"async\" src=\"https:\/\/www.europesays.com\/fr\/wp-content\/uploads\/2025\/07\/tuxen_clair_de_lune-00de8.jpg\" width=\"500\" height=\"407\" alt=\"\" itemprop=\"contentUrl\"\/><br \/>\n\t\t<\/a>\n\t<\/dt>\n<dd class=\"crayon document-descriptif-75420 spip_doc_descriptif\" style=\"width:350px;\" itemprop=\"description\">Laurits Tuxen (1853-1927)<br class=\"autobr\"\/><br \/>\nClair de lune, 1909<br class=\"autobr\"\/><br \/>\nHuile sur toile &#8211; 45 x 61 cm<br class=\"autobr\"\/><br \/>\nLuxembourg, Mus\u00e9e national d\u2019Arch\u00e9ologie, d\u2019Histoire et d\u2019Art<br class=\"autobr\"\/><br \/>\nPhoto\u00a0: MNAHA\n<\/dd>\n<dd class=\"spip_doc_lien-galerie\">\n\t\t<a href=\"https:\/\/www.latribunedelart.com\/spip.php?page=docbig&amp;id_document=75420&amp;id_article=12714\" rel=\"nofollow noopener\" target=\"_blank\">Voir l\u00b4image\u2026<\/a><\/dd>\n<\/dl>\n<p>Pour avoir acc\u00e8s \u00e0 ce contenu, vous devez vous abonner \u00e0 La Tribune de l\u2019Art. Les avantages et les conditions de cet abonnement, qui vous permettra par ailleurs de soutenir La Tribune de l\u2019Art, sont d\u00e9crits sur <a href=\"https:\/\/www.latribunedelart.com\/s-abonner\" rel=\"nofollow noopener\" target=\"_blank\">la page d\u2019abonnement<\/a>.<\/p>\n","protected":false},"excerpt":{"rendered":"4\/7\/2025 &#8211; Acquisition &#8211; Luxembourg, Mus\u00e9e national d\u2019Arch\u00e9ologie, d\u2019Histoire et d\u2019Art &#8211; La composition presque abstraite de la&hellip;\n","protected":false},"author":2,"featured_media":225906,"comment_status":"","ping_status":"","sticky":false,"template":"","format":"standard","meta":{"footnotes":""},"categories":[1358],"tags":[1348,1384,1385,1386,58,59,1011,27],"class_list":{"0":"post-225905","1":"post","2":"type-post","3":"status-publish","4":"format-standard","5":"has-post-thumbnail","7":"category-arts-et-design","8":"tag-arts","9":"tag-arts-and-design","10":"tag-arts-et-design","11":"tag-design","12":"tag-divertissement","13":"tag-entertainment","14":"tag-fr","15":"tag-france"},"share_on_mastodon":{"url":"https:\/\/pubeurope.com\/@fr\/114795632777204202","error":""},"_links":{"self":[{"href":"https:\/\/www.europesays.com\/fr\/wp-json\/wp\/v2\/posts\/225905","targetHints":{"allow":["GET"]}}],"collection":[{"href":"https:\/\/www.europesays.com\/fr\/wp-json\/wp\/v2\/posts"}],"about":[{"href":"https:\/\/www.europesays.com\/fr\/wp-json\/wp\/v2\/types\/post"}],"author":[{"embeddable":true,"href":"https:\/\/www.europesays.com\/fr\/wp-json\/wp\/v2\/users\/2"}],"replies":[{"embeddable":true,"href":"https:\/\/www.europesays.com\/fr\/wp-json\/wp\/v2\/comments?post=225905"}],"version-history":[{"count":0,"href":"https:\/\/www.europesays.com\/fr\/wp-json\/wp\/v2\/posts\/225905\/revisions"}],"wp:featuredmedia":[{"embeddable":true,"href":"https:\/\/www.europesays.com\/fr\/wp-json\/wp\/v2\/media\/225906"}],"wp:attachment":[{"href":"https:\/\/www.europesays.com\/fr\/wp-json\/wp\/v2\/media?parent=225905"}],"wp:term":[{"taxonomy":"category","embeddable":true,"href":"https:\/\/www.europesays.com\/fr\/wp-json\/wp\/v2\/categories?post=225905"},{"taxonomy":"post_tag","embeddable":true,"href":"https:\/\/www.europesays.com\/fr\/wp-json\/wp\/v2\/tags?post=225905"}],"curies":[{"name":"wp","href":"https:\/\/api.w.org\/{rel}","templated":true}]}}