{"id":225909,"date":"2025-07-04T15:19:10","date_gmt":"2025-07-04T15:19:10","guid":{"rendered":"https:\/\/www.europesays.com\/fr\/225909\/"},"modified":"2025-07-04T15:19:10","modified_gmt":"2025-07-04T15:19:10","slug":"a-stephane-plaza-comme-a-cauet-quitte-a-choquer-isabelle-morini-bosc-dit-tout-haut-ce-quelle-pense","status":"publish","type":"post","link":"https:\/\/www.europesays.com\/fr\/225909\/","title":{"rendered":"\u00ab\u00a0A St\u00e9phane Plaza comme \u00e0 Cauet\u00a0\u00bb : quitte \u00e0 choquer, Isabelle Morini-Bosc dit tout haut ce qu&rsquo;elle pense"},"content":{"rendered":"<p>Une chose est s\u00fbre : si <a href=\"https:\/\/www.closermag.fr\/people\/brigitte-macron-avait-ete-sideree-isabelle-morini-bosc-ne-tient-pas-sa-langue-ca-va-gener-mireille-mathieu-3560839\" target=\"_blank\" rel=\"noopener\"><br \/>\nIsabelle Morini-Bosc<\/a> doit recevoir une palme, ce ne sera pas<br \/>\ncelle du f\u00e9minisme. Quelques mois apr\u00e8s <a href=\"https:\/\/www.telestar.fr\/people\/on-la-fait-durer-son-mari-mort-dune-leucemie-isabelle-morini-bosc-met-les-points-sur-les-i-1720746\" target=\"_blank\" rel=\"noopener\"><br \/>\nla mort tragique de son mari<\/a>, <strong>la chroniqueuse de TPMP<br \/>\ns&rsquo;est rendue dans le Jet de Luxe de Jordan de Luxe.<\/strong> Apr\u00e8s<br \/>\ndu journaliste people, elle a \u00e9voqu\u00e9 le cas de St\u00e9phane Plaza,<br \/>\ncondamn\u00e9 \u00e0 douze mois de prison avec sursis pour violences<br \/>\nconjugales, et de <a href=\"https:\/\/www.closermag.fr\/people\/cauet-accuse-de-viol-cyril-hanouna-debarque-dans-les-accusations-3559497\" target=\"_blank\" rel=\"noopener\"><br \/>\nCauet<\/a>, mis en examen depuis mai 2024 apr\u00e8s par cinq plaintes<br \/>\npour des faits de \u00ab\u00a0viols\u00a0\u00bb et d'\u00a0\u00bbagression sexuelle\u00a0\u00bb survenus entre<br \/>\n1997 et 2022.<\/p>\n<p>Isabelle Morini s&rsquo;est d&rsquo;abord dite <strong>\u00ab\u00a0fi\u00e8re\u00a0\u00bb de<br \/>\nl&rsquo;attitude de M6<\/strong> vis-\u00e0-vis de la gestion de ladite<br \/>\n\u00ab\u00a0affaire Plaza\u00a0\u00bb. Elle a ensuite eu une petite pens\u00e9e pour les<br \/>\nfamilles des accus\u00e9s, qui \u00ab\u00a0quelle que soit le fond de<br \/>\nl&rsquo;histoire\u00a0\u00bb, ne devraient pas \u00ab\u00a0avoir du chagrin\u00a0\u00bb \u00e0<br \/>\ncause d&rsquo;une \u00ab\u00a0situation donn\u00e9e, quoi que cette situation<br \/>\nsoit\u00a0\u00bb.\u00a0<\/p>\n<p>Isabelle Morini-Bosc a envoy\u00e9 des \u00ab\u00a0messages amicaux\u00a0\u00bb aux deux<br \/>\npr\u00e9sentateurs<\/p>\n<p>Ne souhaitant pas \u00ab\u00a0entrer dans une conversation de<br \/>\nfond\u00a0\u00bb sur la pr\u00e9somption d&rsquo;innocence et le fait que <a href=\"https:\/\/www.closermag.fr\/people\/stephane-plaza-condamne-pour-eteindre-lincendie-financier-il-emploie-les-tres-grands-moyens-3560247\" target=\"_blank\" rel=\"noopener\"><br \/>\nSt\u00e9phane Plaza<\/a> ait disparu des \u00e9crans depuis deux ans, Isabelle<br \/>\nMorini-Bosc a quand m\u00eame tenu \u00e0 partager le fond de sa pens\u00e9e.<br \/>\n\u00ab\u00a0Moi, <strong>je sais que j&rsquo;ai de l&rsquo;amiti\u00e9 pour<br \/>\nSt\u00e9phane<\/strong>, et que je lui ai envoy\u00e9, avant mes propres<br \/>\nsoucis personnels o\u00f9 j&rsquo;\u00e9tais moins disponible, \u00e0 lui comme \u00e0 Cauet,<br \/>\ndes messages amicaux\u00a0\u00bb, a-t-elle assum\u00e9, au del\u00e0 des<br \/>\ncontroverses.<\/p>\n<p>La femme de radio et de t\u00e9l\u00e9 a ensuite tenu \u00e0 pr\u00e9ciser ses liens<br \/>\navec les deux hommes. \u00ab\u00a0Cauet, j&rsquo;ai boss\u00e9 avec lui, il a \u00e9t\u00e9<br \/>\nparfaitement correct de bout en bout\u00a0\u00bb, a-t-elle avanc\u00e9,<br \/>\nstipulant qu&rsquo;elle l&rsquo;avait aussi <strong>\u00ab\u00a0aim\u00e9 sur le plateau de<br \/>\nTPMP\u00a0\u00bb.<\/strong><\/p>\n<p>La chroniqueuse de TPMP \u00e0 fond derri\u00e8re<br \/>\nSt\u00e9phane Plaza et Cauet<\/p>\n<p>La journaliste de 68 ans s&rsquo;est estim\u00e9e <strong>\u00ab\u00a0ravie<br \/>\nqu&rsquo;Europe 2 l&rsquo;ait repris\u00a0\u00bb<\/strong>. \u00ab\u00a0Je souhaite que \u00e7a<br \/>\nmarche, qu&rsquo;il retrouve un \u00e9quilibre, que son entourage retrouve un<br \/>\n\u00e9quilibre, que ses enfants retrouvent un \u00e9quilibre\u00a0\u00bb, a-t-elle<br \/>\nesp\u00e9r\u00e9.<\/p>\n<p>Quant \u00e0 St\u00e9phane Plaza, <strong>elle a souhait\u00e9 \u00ab\u00a0de tout<br \/>\ncoeur\u00a0\u00bb que \u00ab\u00a0son cadre de vie soit davantage cadr\u00e9 et qu&rsquo;il<br \/>\nait une nouvelle carri\u00e8re\u00a0\u00bb.<\/strong> Pour conclure, elle a dit<br \/>\n\u00ab\u00a0trouver bien que des gens ne le l\u00e2chent pas\u00a0\u00bb.<\/p>\n","protected":false},"excerpt":{"rendered":"Une chose est s\u00fbre : si Isabelle Morini-Bosc doit recevoir une palme, ce ne sera pas celle du&hellip;\n","protected":false},"author":2,"featured_media":225910,"comment_status":"","ping_status":"","sticky":false,"template":"","format":"standard","meta":{"footnotes":""},"categories":[1356],"tags":[548,58,59,1011,27,16182,10082,7221,252,1364,729],"class_list":{"0":"post-225909","1":"post","2":"type-post","3":"status-publish","4":"format-standard","5":"has-post-thumbnail","7":"category-television","8":"tag-article-simple","9":"tag-divertissement","10":"tag-entertainment","11":"tag-fr","12":"tag-france","13":"tag-isabelle-morini-bosc","14":"tag-sebastien-cauet","15":"tag-stephane-plaza","16":"tag-television","17":"tag-tv","18":"tag-yout_video"},"share_on_mastodon":{"url":"https:\/\/pubeurope.com\/@fr\/114795640611213698","error":""},"_links":{"self":[{"href":"https:\/\/www.europesays.com\/fr\/wp-json\/wp\/v2\/posts\/225909","targetHints":{"allow":["GET"]}}],"collection":[{"href":"https:\/\/www.europesays.com\/fr\/wp-json\/wp\/v2\/posts"}],"about":[{"href":"https:\/\/www.europesays.com\/fr\/wp-json\/wp\/v2\/types\/post"}],"author":[{"embeddable":true,"href":"https:\/\/www.europesays.com\/fr\/wp-json\/wp\/v2\/users\/2"}],"replies":[{"embeddable":true,"href":"https:\/\/www.europesays.com\/fr\/wp-json\/wp\/v2\/comments?post=225909"}],"version-history":[{"count":0,"href":"https:\/\/www.europesays.com\/fr\/wp-json\/wp\/v2\/posts\/225909\/revisions"}],"wp:featuredmedia":[{"embeddable":true,"href":"https:\/\/www.europesays.com\/fr\/wp-json\/wp\/v2\/media\/225910"}],"wp:attachment":[{"href":"https:\/\/www.europesays.com\/fr\/wp-json\/wp\/v2\/media?parent=225909"}],"wp:term":[{"taxonomy":"category","embeddable":true,"href":"https:\/\/www.europesays.com\/fr\/wp-json\/wp\/v2\/categories?post=225909"},{"taxonomy":"post_tag","embeddable":true,"href":"https:\/\/www.europesays.com\/fr\/wp-json\/wp\/v2\/tags?post=225909"}],"curies":[{"name":"wp","href":"https:\/\/api.w.org\/{rel}","templated":true}]}}