{"id":225911,"date":"2025-07-04T15:20:13","date_gmt":"2025-07-04T15:20:13","guid":{"rendered":"https:\/\/www.europesays.com\/fr\/225911\/"},"modified":"2025-07-04T15:20:13","modified_gmt":"2025-07-04T15:20:13","slug":"aux-ardentes-2025-la-prestation-de-damso-a-commence-avec-des-cris-une-scene-presque-horrifique","status":"publish","type":"post","link":"https:\/\/www.europesays.com\/fr\/225911\/","title":{"rendered":"Aux Ardentes 2025, la prestation de Damso a commenc\u00e9 avec des cris: une sc\u00e8ne presque horrifique"},"content":{"rendered":"<p><img loading=\"lazy\" decoding=\"async\" class=\"w-full lazyload lazyload--opacity object-contain\" style=\"aspect-ratio:150 \/ 100;opacity:1\" alt=\"Damso pr\u00e9sente son nouvel album aux Ardentes et surprend le public avec une sc\u00e9nographie impressionnante\" width=\"768\" height=\"512\" fetchpriority=\"auto\" src=\"https:\/\/www.europesays.com\/fr\/wp-content\/uploads\/2025\/04\/S5VKD3X55FFF3BW6V4SEHXNP7I.png\"  data- data-optimumx=\"1\"\/>Damso pr\u00e9sente son nouvel album aux Ardentes et surprend le public avec une sc\u00e9nographie impressionnante \u00a9cameriere ennioB\u0112Y\u0100H \u00e0 toutes les sauces<\/p>\n<p class=\"ap-StoryElement ap-StoryElement--mb ap-StoryText\">La grande star, c&rsquo;\u00e9tait \u00e9videmment <a href=\"https:\/\/www.lalibre.be\/culture\/musique\/2025\/05\/30\/avec-beyah-damso-signe-un-album-de-quinze-morceaux-diversifies-en-forme-de-testament-7M5HMWPU6JCXLK5I6EF2BXLAEE\/\" target=\"_blank\" rel=\"nofollow noopener\">son nouvel album, B\u0112Y\u0100H<\/a>, d\u00e9voil\u00e9 il y a quelques semaines. Alors qu&rsquo;il l&rsquo;annonce comme son dernier, ce qu&rsquo;il avait d\u00e9j\u00e0 fait pr\u00e9c\u00e9demment, de gros succ\u00e8s viennent couronner cette sortie r\u00e9cente, comme \u00ab\u00a0JCVDEMS\u00a0\u00bb ou \u00e9videmment le plus gros carton: \u00ab\u00a0Impardonnable&rsquo;, qui cumule d\u00e9j\u00e0 plus de 17 millions de streams sur Spotify. Alors forc\u00e9ment, sur sc\u00e8ne, le public hurle, chante \u00e0 tue-t\u00eate, c&rsquo;est le bonheur.<\/p>\n<p class=\"ap-StoryElement ap-StoryElement--mb ap-StoryText\">Derri\u00e8re l&rsquo;artiste, d&rsquo;autres artistes, mais pas des chanteurs cette fois. Ils se d\u00e9placent comme des ombres, venues d&rsquo;un autre monde. D&rsquo;\u00e9normes \u00e9chafaudages prennent possession de la sc\u00e8ne, avec sur eux des danseurs, des performeurs. Ils vont accompagner Damso durant tout le concert, dans un nuage de fum\u00e9e incessant. Ce sont presque comme des ombres, qui sont \u00e0 son image, toutes de noires v\u00eatues.<\/p>\n<p><img loading=\"lazy\" decoding=\"async\" class=\"w-full lazyload lazyload--opacity object-contain\" style=\"aspect-ratio:150 \/ 100;opacity:1\" alt=\"Damso pr\u00e9sente son nouvel album aux Ardentes et surprend le public avec une sc\u00e9nographie impressionnante\" width=\"768\" height=\"512\" fetchpriority=\"auto\" src=\"https:\/\/www.europesays.com\/fr\/wp-content\/uploads\/2025\/04\/S5VKD3X55FFF3BW6V4SEHXNP7I.png\"  data- data-optimumx=\"1\"\/>Damso pr\u00e9sente son nouvel album aux Ardentes et surprend le public avec une sc\u00e9nographie impressionnante \u00a9cameriere ennio<\/p>\n<p class=\"ap-StoryElement ap-StoryElement--mb ap-StoryText\">Autre moment observ\u00e9 par certains festivaliers: la pr\u00e9sence de Michou, le streameur aux millions d&rsquo;abonn\u00e9s. Ceux qui ont pu le voir \u00e9taient ceux plac\u00e9s au-devant de la sc\u00e8ne, ou sur le c\u00f4t\u00e9. Mais une chose est s\u00fbre, il n&rsquo;est pas pass\u00e9 inaper\u00e7u. De nombreux fans se sont directement dirig\u00e9s vers lui afin d&rsquo;avoir une photo. Le jeune homme a accept\u00e9 de prendre quelques selfies, avant de s&rsquo;extirper de la foule.<\/p>\n<p><a href=\"https:\/\/www.lalibre.be\/culture\/2025\/06\/08\/rencontre-au-sommet-entre-damso-et-eden-hazard-je-suis-a-cote-de-lui-ca-me-met-la-pression-URAS3G4VYZE6HCHOMKYFGBFUL4\/\" target=\"_blank\" rel=\"noopener noreferrer nofollow\" class=\"ap-StoryInterstitialLink ap-StoryElement ap-StoryElement--mb\">Rencontre au sommet entre Damso et Eden Hazard: \u00ab\u00a0Je suis \u00e0 c\u00f4t\u00e9 de lui, \u00e7a me met la pression\u00a0\u00bb<\/a>\u00ab\u00a0Pa Pa Paw\u00a0\u00bb, l&rsquo;apog\u00e9e<\/p>\n<p class=\"ap-StoryElement ap-StoryElement--mb ap-StoryText\">Un des moments les plus marquants de son concert est probablement quand il a interpr\u00e9t\u00e9 le titre \u00ab\u00a0Pa Pa Paw\u00a0\u00bb, tir\u00e9 de son dernier album. Tout d&rsquo;abord parce qu&rsquo;il s&rsquo;agit d&rsquo;un track qui fait partie des chouchous du public, mais pas uniquement, car il n&rsquo;\u00e9tait pas seul&#8230;Sarah Sey \u00e9tait pr\u00e9sente afin de chanter avec lui sur ce duo qui a \u00e9lectris\u00e9 la foule des Ardentes.<\/p>\n<p class=\"ap-StoryElement ap-StoryElement--mb ap-StoryText\">Durant 1 heure, il a jou\u00e9 ses plus gros tubes, de \u00ab\u00a0Macarena\u00a0\u00bb en passant par \u00ab\u00a0Mosa\u00efque solitaire\u00a0\u00bb, \u00ab\u00a0Laisse-moi tranquille\u00a0\u00bb ou encore \u00ab\u00a0Mwaka Moon\u00a0\u00bb (avec Kalash). Tout le pannel \u00e9tait l\u00e0, et le moins que l&rsquo;on puisse dire, c&rsquo;est que le public \u00e9tait conquis: pour sa date exclusive en Belgique, le maestro du rap belge n&rsquo;avait pas menti: tout \u00e9tait parfait.<\/p>\n<p><a href=\"https:\/\/www.lalibre.be\/culture\/musique\/2024\/11\/15\/damso-se-livre-a-la-libre-sans-cette-conversation-particuliere-avec-un-fan-cet-album-naurait-jamais-vu-le-jour-JADWMN52GRHTDFZQQF5IFTDCY4\/\" target=\"_blank\" rel=\"noopener noreferrer nofollow\" class=\"ap-StoryInterstitialLink ap-StoryElement ap-StoryElement--mb\">Damso se livre \u00e0 La Libre: \u00ab\u00a0Sans cette conversation particuli\u00e8re avec un fan, cet album n&rsquo;aurait jamais vu le jour\u00a0\u00bb<\/a><\/p>\n<p class=\"ap-StoryElement ap-StoryElement--mb ap-StoryText\">Vous avez rat\u00e9 l&rsquo;occasion de voir Damso, et vous regrettez? Pas de panique: ce n&rsquo;est pas trop tard. Il sera au festival Les Nuits secr\u00e8tes le dimanche 13\/07.<\/p>\n<p class=\"ap-StoryElement ap-StoryElement--mb ap-StoryText\">Toutes les informations sont sur leur site: <a href=\"https:\/\/lesnuitssecretes.com\/\" rel=\"nofollow noopener\" target=\"_blank\">https:\/\/lesnuitssecretes.com<\/a><\/p>\n","protected":false},"excerpt":{"rendered":"Damso pr\u00e9sente son nouvel album aux Ardentes et surprend le public avec une sc\u00e9nographie impressionnante \u00a9cameriere ennioB\u0112Y\u0100H \u00e0&hellip;\n","protected":false},"author":2,"featured_media":225912,"comment_status":"","ping_status":"","sticky":false,"template":"","format":"standard","meta":{"footnotes":""},"categories":[1355],"tags":[1692,36456,251,23412,58,59,1011,27,30348,1361,873,3616,33921],"class_list":{"0":"post-225911","1":"post","2":"type-post","3":"status-publish","4":"format-standard","5":"has-post-thumbnail","7":"category-musique","8":"tag-album","9":"tag-ardentes","10":"tag-culture","11":"tag-damso","12":"tag-divertissement","13":"tag-entertainment","14":"tag-fr","15":"tag-france","16":"tag-liege","17":"tag-music","18":"tag-musique","19":"tag-rap","20":"tag-scenographie"},"share_on_mastodon":{"url":"https:\/\/pubeurope.com\/@fr\/114795644559853671","error":""},"_links":{"self":[{"href":"https:\/\/www.europesays.com\/fr\/wp-json\/wp\/v2\/posts\/225911","targetHints":{"allow":["GET"]}}],"collection":[{"href":"https:\/\/www.europesays.com\/fr\/wp-json\/wp\/v2\/posts"}],"about":[{"href":"https:\/\/www.europesays.com\/fr\/wp-json\/wp\/v2\/types\/post"}],"author":[{"embeddable":true,"href":"https:\/\/www.europesays.com\/fr\/wp-json\/wp\/v2\/users\/2"}],"replies":[{"embeddable":true,"href":"https:\/\/www.europesays.com\/fr\/wp-json\/wp\/v2\/comments?post=225911"}],"version-history":[{"count":0,"href":"https:\/\/www.europesays.com\/fr\/wp-json\/wp\/v2\/posts\/225911\/revisions"}],"wp:featuredmedia":[{"embeddable":true,"href":"https:\/\/www.europesays.com\/fr\/wp-json\/wp\/v2\/media\/225912"}],"wp:attachment":[{"href":"https:\/\/www.europesays.com\/fr\/wp-json\/wp\/v2\/media?parent=225911"}],"wp:term":[{"taxonomy":"category","embeddable":true,"href":"https:\/\/www.europesays.com\/fr\/wp-json\/wp\/v2\/categories?post=225911"},{"taxonomy":"post_tag","embeddable":true,"href":"https:\/\/www.europesays.com\/fr\/wp-json\/wp\/v2\/tags?post=225911"}],"curies":[{"name":"wp","href":"https:\/\/api.w.org\/{rel}","templated":true}]}}