{"id":225935,"date":"2025-07-04T15:32:12","date_gmt":"2025-07-04T15:32:12","guid":{"rendered":"https:\/\/www.europesays.com\/fr\/225935\/"},"modified":"2025-07-04T15:32:12","modified_gmt":"2025-07-04T15:32:12","slug":"saint-nicolas-de-port-violente-agression-en-pleine-rue-de-deux-pietons-cinq-adolescents-interpelles","status":"publish","type":"post","link":"https:\/\/www.europesays.com\/fr\/225935\/","title":{"rendered":"Saint-Nicolas-de-Port. Violente agression en pleine rue de deux pi\u00e9tons\u00a0: cinq adolescents interpell\u00e9s"},"content":{"rendered":"<p>Le 29\u00a0juin \u00e0 00\u00a0h\u00a035, les forces de l\u2019ordre interviennent pour une rixe impliquant plusieurs individus, dans l\u2019avenue Jolain, \u00e0 Saint-Nicolas-de-Port.<\/p>\n<p>\u00c0 l\u2019arriv\u00e9e de la patrouille de police, les agresseurs ont d\u00e9j\u00e0 pris la fuite, laissant leurs victimes dans un \u00e9tat n\u00e9cessitant l\u2019intervention des pompiers et une prise en charge \u00e0 l\u2019h\u00f4pital central \u00e0 Nancy.<\/p>\n<p>Ce contenu est bloqu\u00e9 car vous n&rsquo;avez pas accept\u00e9 les cookies et autres traceurs.<\/p>\n<p>En cliquant sur \u00ab J\u2019accepte \u00bb, les cookies et autres traceurs seront d\u00e9pos\u00e9s et vous pourrez visualiser les contenus  (<a href=\"\" class=\"consentModule_policy\" target=\"_blank\" title=\"Consulter la politique de protection des donn\u00e9es du fournisseur\">plus d&rsquo;informations<\/a>).<\/p>\n<p>En cliquant sur \u00ab J\u2019accepte tous les cookies \u00bb, vous autorisez des d\u00e9p\u00f4ts de cookies et autres traceurs pour le stockage de vos donn\u00e9es sur nos sites et applications \u00e0 des fins de personnalisation et de ciblage publicitaire.<\/p>\n<p class=\"consentModule_secondaryText\">Vous gardez la possibilit\u00e9 de retirer votre consentement \u00e0 tout moment en consultant notre <a href=\"https:\/\/www.estrepublicain.fr\/protection-des-donnees\" target=\"_blank\" title=\"Consulter notre politique de protection des donn\u00e9es\" rel=\"noopener\">politique de protection des donn\u00e9es<\/a>. <br \/>&#13;<br \/>\n            <a href=\"https:\/\/www.estrepublicain.fr\/faits-divers-justice\/2025\/07\/04\/javascript:Didomi.notice.show()\" class=\"consentModule_cmp\" target=\"_blank\" rel=\"noopener\">G\u00e9rer mes choix<\/a>&#13;\n        <\/p>\n<p>&#13;<br \/>\n                        J&rsquo;accepte&#13;<br \/>\n            J&rsquo;accepte tous les cookies&#13;\n        <\/p>\n<p>Les faits auraient oppos\u00e9 des individus circulant en voiture \u00e0 deux autres jeunes qui regagnaient leurs domiciles respectifs.<\/p>\n<p>Les passagers de l\u2019automobile, \u00e2g\u00e9s de 14 \u00e0 17 ans, s\u2019en seraient pris gratuitement aux deux pi\u00e9tons. L\u2019un des agresseurs \u00e9tait arm\u00e9 d\u2019un poing am\u00e9ricain.<\/p>\n<p>Le beau-p\u00e8re de l\u2019une des victimes, alert\u00e9 par des cris, provenant de la rue, a voulu intervenir. Arriv\u00e9 \u00e0 la hauteur de la voiture, la conductrice de 18 ans a d\u00e9marr\u00e9 rapidement, le projetant sur le capot.<\/p>\n<p>  Tra\u00een\u00e9 sur plusieurs dizaines de m\u00e8tres<\/p>\n<p>Sa main, coinc\u00e9e dans la porti\u00e8re, l\u2019homme a \u00e9t\u00e9 tra\u00een\u00e9 sur plusieurs dizaines de m\u00e8tres, tout en recevant des coups de poing am\u00e9ricain de la part du passager tentant de le faire l\u00e2cher prise.<\/p>\n<p>Les policiers, gr\u00e2ce \u00e0 l\u2019enqu\u00eate de voisinage et \u00e0 la vid\u00e9osurveillance, ont identifi\u00e9 les auteurs\u00a0: quatre d\u2019entre eux sont Portois, dont deux d\u00e9j\u00e0 d\u00e9favorablement connus des services de police, le cinqui\u00e8me r\u00e9side \u00e0 Fl\u00e9ville.<\/p>\n<p>Ils ont \u00e9t\u00e9 interpell\u00e9s et une perquisition a permis de d\u00e9couvrir des poings am\u00e9ricains. Le plus jeune est un r\u00e9cidiviste en mati\u00e8re de violence, il se filme r\u00e9guli\u00e8rement et partage ses vid\u00e9os sur les r\u00e9seaux sociaux.<\/p>\n<p>Ce vendredi matin, ils ont \u00e9t\u00e9 pr\u00e9sent\u00e9s au tribunal pour mineurs pour des faits de violences volontaires aggrav\u00e9es.<\/p>\n","protected":false},"excerpt":{"rendered":"Le 29\u00a0juin \u00e0 00\u00a0h\u00a035, les forces de l\u2019ordre interviennent pour une rixe impliquant plusieurs individus, dans l\u2019avenue Jolain,&hellip;\n","protected":false},"author":2,"featured_media":225936,"comment_status":"","ping_status":"","sticky":false,"template":"","format":"standard","meta":{"footnotes":""},"categories":[9635],"tags":[1111,11,9652,1704,1777,674,274,1011,27,775,1702,12,25,9651],"class_list":{"0":"post-225935","1":"post","2":"type-post","3":"status-publish","4":"format-standard","5":"has-post-thumbnail","7":"category-nancy","8":"tag-actu","9":"tag-actualites","10":"tag-cc-des-pays-du-sel-et-du-vermois-54b","11":"tag-edition-nancy-et-agglomeration","12":"tag-eu","13":"tag-europe","14":"tag-faits-divers-justice","15":"tag-fr","16":"tag-france","17":"tag-grand-est","18":"tag-nancy","19":"tag-news","20":"tag-republique-francaise","21":"tag-saint-nicolas-de-port"},"share_on_mastodon":{"url":"https:\/\/pubeurope.com\/@fr\/114795691619815933","error":""},"_links":{"self":[{"href":"https:\/\/www.europesays.com\/fr\/wp-json\/wp\/v2\/posts\/225935","targetHints":{"allow":["GET"]}}],"collection":[{"href":"https:\/\/www.europesays.com\/fr\/wp-json\/wp\/v2\/posts"}],"about":[{"href":"https:\/\/www.europesays.com\/fr\/wp-json\/wp\/v2\/types\/post"}],"author":[{"embeddable":true,"href":"https:\/\/www.europesays.com\/fr\/wp-json\/wp\/v2\/users\/2"}],"replies":[{"embeddable":true,"href":"https:\/\/www.europesays.com\/fr\/wp-json\/wp\/v2\/comments?post=225935"}],"version-history":[{"count":0,"href":"https:\/\/www.europesays.com\/fr\/wp-json\/wp\/v2\/posts\/225935\/revisions"}],"wp:featuredmedia":[{"embeddable":true,"href":"https:\/\/www.europesays.com\/fr\/wp-json\/wp\/v2\/media\/225936"}],"wp:attachment":[{"href":"https:\/\/www.europesays.com\/fr\/wp-json\/wp\/v2\/media?parent=225935"}],"wp:term":[{"taxonomy":"category","embeddable":true,"href":"https:\/\/www.europesays.com\/fr\/wp-json\/wp\/v2\/categories?post=225935"},{"taxonomy":"post_tag","embeddable":true,"href":"https:\/\/www.europesays.com\/fr\/wp-json\/wp\/v2\/tags?post=225935"}],"curies":[{"name":"wp","href":"https:\/\/api.w.org\/{rel}","templated":true}]}}