{"id":225943,"date":"2025-07-04T15:36:11","date_gmt":"2025-07-04T15:36:11","guid":{"rendered":"https:\/\/www.europesays.com\/fr\/225943\/"},"modified":"2025-07-04T15:36:11","modified_gmt":"2025-07-04T15:36:11","slug":"ou-sont-installes-les-premiers-radars-urbains-presque-invisibles-mais-performants","status":"publish","type":"post","link":"https:\/\/www.europesays.com\/fr\/225943\/","title":{"rendered":"o\u00f9 sont install\u00e9s les premiers radars urbains presque invisibles, mais performants\u00a0?"},"content":{"rendered":"<p>            Par<br \/>\n        <strong><br \/>\n            <a href=\"https:\/\/actu.fr\/auteur\/jm-aubert\" title=\"Consulter tous les articles de Jean-Marc Aubert\" target=\"_blank\" rel=\"noopener\">Jean-Marc Aubert<\/a><br \/>\n        <\/strong><\/p>\n<p>        Publi\u00e9 le<\/p>\n<p>            4 juil. 2025 \u00e0 17h32<br \/>\n        ; mis \u00e0 jour le 4 juil. 2025 \u00e0 17h36    <\/p>\n<p>L\u2019information n\u2019a gu\u00e8re transpir\u00e9e : au moins <strong>deux radars urbains<\/strong> nouvelle g\u00e9n\u00e9ration sont install\u00e9s \u00e0 <strong>Montpellier<\/strong>, l\u2019un sur l\u2019avenue Paul Rimbaud, dans le quartier des C\u00e9vennes, l\u2019autre sur l\u2019avenue de N\u00eemes, appel\u00e9e aussi avenue Fran\u00e7ois Delmas, la route de Castelnau-le-Lez depuis le Corum. D\u2019autres vont \u00eatre d\u00e9ploy\u00e9s dans d\u2019autres secteurs et dans d\u2019autres villes du d\u00e9partement.\u00a0Selon nos informations, la <strong>pr\u00e9fecture de l\u2019H\u00e9rault<\/strong> devrait donner la liste prochainement.<\/p>\n<p>En mode \u00ab\u00a0verbalisation\u00a0\u00bb<\/p>\n<p class=\" wall-content\">Depuis le 16 janvier dernier, les radars urbains sont entr\u00e9s <strong>en mode \u00ab\u00a0verbalisation\u00a0\u00bb<\/strong>. Jusque-l\u00e0 en exp\u00e9rimentation, leur d\u00e9ploiement vise officiellement \u00e0 renforcer la s\u00e9curit\u00e9 routi\u00e8re en ville. Install\u00e9s dans des quartiers et des zones \u00e0 fort trafic, ils sont cens\u00e9s dissuader les automobilistes de rouler trop vite. N\u00e9anmoins, tous ne vous verbaliseront pas. Reste \u00e0 savoir lesquels sont des leurres et lesquels sont les vrais.<\/p>\n<p>    <img   decoding=\"async\" loading=\"lazy\" src=\"https:\/\/www.europesays.com\/fr\/wp-content\/uploads\/2025\/07\/0-80-960x640.jpeg\" alt=\"Alors, vous le voyez ce discret radar urbain sur cette avenue de Montpellier ?\" width=\"960\" height=\"640\"\/><br \/>\n    Alors, vous le voyez ce discret radar urbain sur cette avenue de Montpellier ? (\u00a9JMA \/ M\u00e9tropolitain )<\/p>\n<p class=\" wall-content\">Appel\u00e9s <strong>\u00c9quipement de terrain urbain<\/strong>\u00a0-ETU-, ils sont install\u00e9s sur du mobilier urbain, comme un lampadaire et sont capables de d\u00e9tecter les exc\u00e8s de vitesse, mais aussi les feux rouges grill\u00e9s. Ils sont presque invisibles : petits, compacts, ils sont fix\u00e9s sur du mobilier urbain et, information importante quand m\u00eame, les conducteurs sont inform\u00e9s de leur pr\u00e9sence par un petit panneau implant\u00e9 une vingtaine de m\u00e8tres avant\u2026 Il faut donc \u00e9viter d\u2019arriver vite \u00e0 cet endroit, notamment si vous circulez dans une zone 30, de plus en plus nombreuses dans les villes et notamment \u00e0 Montpellier.<\/p>\n<p>    <a href=\"https:\/\/www.google.com\/maps\/embed?pb=!1m18!1m12!1m3!1d4243.759821882093!2d3.8820958539719754!3d43.61602188493541!2m3!1f0!2f0!3f0!3m2!1i1024!2i768!4f13.1!3m3!1m2!1s0x12b6af0cd6752b57%3A0x87f106286605de4a!2sAv.%20de%20N%C3%AEmes%2C%2034000%20Montpellier!5e0!3m2!1sfr!2sfr!4v1751642996220!5m2!1sfr!2sfr\" title=\"Ouvrie le lien\" target=\"_blank\" rel=\"noopener\">Cliquez ici pour visualiser le contenu<\/a><\/p>\n<p>Vid\u00e9os : en ce moment sur Actu<\/p>\n<p class=\" wall-content\">Dot\u00e9s de capteurs, ces radars enregistrent le d\u00e9passement de la vitesse limite et g\u00e9n\u00e8rent une amende, des contraventions que vous recevrez \u00e0 votre domicile inscrit sur la carte grise quelques jours plus tard.\u00a0Plus performants et plus discrets, ils sont capables de rep\u00e9rer plusieurs infractions en m\u00eame temps. Mais il y aura sans doute des leures parmi ces radars ETU. Faudra deviner lesquels ! \u00a0\u00ab\u00a0Le flash est ind\u00e9tectable, car ces radars urbains comportent des infrarouges\u00a0\u00bb \u00e9crivent nos confr\u00e8res de <a href=\"https:\/\/www.lacentrale.fr\/conseils\/actualites\/radars-urbains-contraventions\" target=\"_blank\" rel=\"noopener\">La Centrale.<\/a><\/p>\n<p class=\" wall-content\">Ils r\u00e9v\u00e8lent que les amendes sont particuli\u00e8rement sal\u00e9es. Leur emplacement est d\u00e9cid\u00e9 par la pr\u00e9fecture de l\u2019H\u00e9rault. Alors, un conseil, ouvrez l\u2019oeil sur les deux avenues o\u00f9 ces radars urbains sont implant\u00e9s \u00e0 Montpellier, tout en gardant l\u2019autre oeil pour surveiller la route !\u00a0<\/p>\n<p class=\" wall-content\">Suivez toute l\u2019actualit\u00e9 de vos villes et m\u00e9dias favoris en vous inscrivant \u00e0 <a href=\"https:\/\/moncompte.actu.fr\" title=\"D\u00e9couvez Mon Actu\" rel=\"nofollow noopener\" data-trk=\"{&quot;cta&quot;:{&quot;action&quot;:&quot;https:\\\/\\\/moncompte.actu.fr&quot;,&quot;category&quot;:&quot;mon compte&quot;,&quot;from&quot;:&quot;article footer&quot;,&quot;name&quot;:&quot;Mon actu&quot;,&quot;type&quot;:&quot;cta&quot;}}\" target=\"_blank\">Mon Actu<\/a>.<\/p>\n","protected":false},"excerpt":{"rendered":"Par Jean-Marc Aubert Publi\u00e9 le 4 juil. 2025 \u00e0 17h32 ; mis \u00e0 jour le 4 juil. 2025&hellip;\n","protected":false},"author":2,"featured_media":225944,"comment_status":"","ping_status":"","sticky":false,"template":"","format":"standard","meta":{"footnotes":""},"categories":[9599],"tags":[1111,11,1777,674,1011,27,2208,12,2680,25,104],"class_list":{"0":"post-225943","1":"post","2":"type-post","3":"status-publish","4":"format-standard","5":"has-post-thumbnail","7":"category-montpellier","8":"tag-actu","9":"tag-actualites","10":"tag-eu","11":"tag-europe","12":"tag-fr","13":"tag-france","14":"tag-montpellier","15":"tag-news","16":"tag-occitanie","17":"tag-republique-francaise","18":"tag-societe"},"share_on_mastodon":{"url":"https:\/\/pubeurope.com\/@fr\/114795707428857405","error":""},"_links":{"self":[{"href":"https:\/\/www.europesays.com\/fr\/wp-json\/wp\/v2\/posts\/225943","targetHints":{"allow":["GET"]}}],"collection":[{"href":"https:\/\/www.europesays.com\/fr\/wp-json\/wp\/v2\/posts"}],"about":[{"href":"https:\/\/www.europesays.com\/fr\/wp-json\/wp\/v2\/types\/post"}],"author":[{"embeddable":true,"href":"https:\/\/www.europesays.com\/fr\/wp-json\/wp\/v2\/users\/2"}],"replies":[{"embeddable":true,"href":"https:\/\/www.europesays.com\/fr\/wp-json\/wp\/v2\/comments?post=225943"}],"version-history":[{"count":0,"href":"https:\/\/www.europesays.com\/fr\/wp-json\/wp\/v2\/posts\/225943\/revisions"}],"wp:featuredmedia":[{"embeddable":true,"href":"https:\/\/www.europesays.com\/fr\/wp-json\/wp\/v2\/media\/225944"}],"wp:attachment":[{"href":"https:\/\/www.europesays.com\/fr\/wp-json\/wp\/v2\/media?parent=225943"}],"wp:term":[{"taxonomy":"category","embeddable":true,"href":"https:\/\/www.europesays.com\/fr\/wp-json\/wp\/v2\/categories?post=225943"},{"taxonomy":"post_tag","embeddable":true,"href":"https:\/\/www.europesays.com\/fr\/wp-json\/wp\/v2\/tags?post=225943"}],"curies":[{"name":"wp","href":"https:\/\/api.w.org\/{rel}","templated":true}]}}