{"id":225947,"date":"2025-07-04T15:38:24","date_gmt":"2025-07-04T15:38:24","guid":{"rendered":"https:\/\/www.europesays.com\/fr\/225947\/"},"modified":"2025-07-04T15:38:24","modified_gmt":"2025-07-04T15:38:24","slug":"bouchon-sur-la150-pres-de-rouen-quatre-blesses-dans-laccident","status":"publish","type":"post","link":"https:\/\/www.europesays.com\/fr\/225947\/","title":{"rendered":"Bouchon sur l&rsquo;A150 pr\u00e8s de Rouen : quatre bless\u00e9s dans l&rsquo;accident"},"content":{"rendered":"<p>            Par<br \/>\n        <strong><br \/>\n            <a href=\"https:\/\/actu.fr\/auteur\/yann-rivallan\" title=\"Consulter tous les articles de Yann Rivallan\" target=\"_blank\" rel=\"noopener\">Yann Rivallan<\/a><br \/>\n        <\/strong><\/p>\n<p>        Publi\u00e9 le<\/p>\n<p>            4 juil. 2025 \u00e0 12h02<br \/>\n        ; mis \u00e0 jour le 4 juil. 2025 \u00e0 14h00    <\/p>\n<p><strong>Mise \u00e0 jour \u00e0 14 heures.<\/strong> Dans l\u2019accident impliquant six v\u00e9hicules dans un accident sur l\u2019A150 pr\u00e8s de Rouen ce vendredi matin, quatre bless\u00e9s l\u00e9gers ont \u00e9t\u00e9 transport\u00e9s vers les h\u00f4pitaux. L\u2019autoroute a pu rouvrir.<\/p>\n<p class=\" wall-content\">La route est <strong>compl\u00e8tement bloqu\u00e9e<\/strong>. \u00c0 la suite d\u2019un accident impliquant <strong>six v\u00e9hicules<\/strong> diff\u00e9rents, un \u00e9norme bouchon s\u2019est form\u00e9 sur l\u2019A150 au niveau de la commune de Roumare, dans le sens <a href=\"https:\/\/actu.fr\/normandie\/rouen_76540\" target=\"_blank\" rel=\"noopener\">Rouen<\/a> \u2013 Barentin.<\/p>\n<p class=\" wall-content\">D\u2019apr\u00e8s les services de la Dirno (Direction interd\u00e9partementale des routes nord-ouest), en charge de cette portion d\u2019autoroute, un accident s\u2019est produit peu apr\u00e8s 11 heures, vendredi 4 juillet 2025.<\/p>\n<p>\u00ab\u2009Cinq bless\u00e9s l\u00e9gers\u2009\u00bb, selon les pompiers<\/p>\n<p class=\" wall-content\">Au total, <strong>\u00ab\u2009trois voitures, un poids lourd, une ambulance et un fourgon\u2009\u00bb<\/strong> seraient impliqu\u00e9s, nous assure la Dirno. De leur c\u00f4t\u00e9, les sapeurs-pompiers de Seine-Maritime font \u00e9tat d\u2019un accident entre deux automobilistes et le conducteur d\u2019une ambulance priv\u00e9e.<\/p>\n<p class=\" wall-content\"><strong>\u00ab\u2009Cinq bless\u00e9s l\u00e9gers<\/strong>, tous sortis des v\u00e9hicules, sont en cours de bilan par nos \u00e9quipes\u2009\u00bb, poursuit le service d\u00e9partemental d\u2019incendie et de secours.<\/p>\n<p>Vid\u00e9os : en ce moment sur ActuPlus de 5 kilom\u00e8tres de bouchon<\/p>\n<p class=\" wall-content\">C\u00f4t\u00e9 circulation, il y avait d\u00e9j\u00e0 <strong>\u00ab\u2009plus de 3 kilom\u00e8tres de bouchon\u2009\u00bb<\/strong> vers 11h45, selon notre source \u00e0 la Dirno. Et plus de 5 kilom\u00e8tres vers 12h30. La bretelle pour rattraper l\u2019A151 en direction de Dieppe est toujours accessible. En revanche, pour les automobilistes d\u00e9sireux de se rendre \u00e0 Barentin, il va falloir rester patient.<\/p>\n<p class=\" wall-content\">La reprise de la circulation est pr\u00e9vue \u00e0 13 heures pour le moment. Une d\u00e9viation s\u2019effectue par la RD 1043.<\/p>\n<p>Suivez l\u2019actualit\u00e9 de Rouen sur <a href=\"https:\/\/www.whatsapp.com\/channel\/0029VaKfnf99hXF2ddApFB1D\" target=\"_blank\" rel=\"noopener\">notre cha\u00eene WhatsApp<\/a> et sur <a href=\"https:\/\/www.tiktok.com\/@76actu.fr?lang=fr\" target=\"_blank\" rel=\"noopener\">notre compte TikTok<\/a><\/p>\n<p class=\" wall-content\">Suivez toute l\u2019actualit\u00e9 de vos villes et m\u00e9dias favoris en vous inscrivant \u00e0 <a href=\"https:\/\/moncompte.actu.fr\" title=\"D\u00e9couvez Mon Actu\" rel=\"nofollow noopener\" data-trk=\"{&quot;cta&quot;:{&quot;action&quot;:&quot;https:\\\/\\\/moncompte.actu.fr&quot;,&quot;category&quot;:&quot;mon compte&quot;,&quot;from&quot;:&quot;article footer&quot;,&quot;name&quot;:&quot;Mon actu&quot;,&quot;type&quot;:&quot;cta&quot;}}\" target=\"_blank\">Mon Actu<\/a>.<\/p>\n<p>                    <script async src=\"\/\/www.tiktok.com\/embed.js\"><\/script><\/p>\n","protected":false},"excerpt":{"rendered":"Par Yann Rivallan Publi\u00e9 le 4 juil. 2025 \u00e0 12h02 ; mis \u00e0 jour le 4 juil. 2025&hellip;\n","protected":false},"author":2,"featured_media":200151,"comment_status":"","ping_status":"","sticky":false,"template":"","format":"standard","meta":{"footnotes":""},"categories":[9587],"tags":[119,1111,11,11131,1777,674,118,1011,27,12,5161,1311,25,9590],"class_list":{"0":"post-225947","1":"post","2":"type-post","3":"status-publish","4":"format-standard","5":"has-post-thumbnail","7":"category-rouen","8":"tag-accident","9":"tag-actu","10":"tag-actualites","11":"tag-autoroute-a150","12":"tag-eu","13":"tag-europe","14":"tag-faits-divers","15":"tag-fr","16":"tag-france","17":"tag-news","18":"tag-normandie","19":"tag-pompiers","20":"tag-republique-francaise","21":"tag-rouen"},"share_on_mastodon":{"url":"https:\/\/pubeurope.com\/@fr\/114795715244802130","error":""},"_links":{"self":[{"href":"https:\/\/www.europesays.com\/fr\/wp-json\/wp\/v2\/posts\/225947","targetHints":{"allow":["GET"]}}],"collection":[{"href":"https:\/\/www.europesays.com\/fr\/wp-json\/wp\/v2\/posts"}],"about":[{"href":"https:\/\/www.europesays.com\/fr\/wp-json\/wp\/v2\/types\/post"}],"author":[{"embeddable":true,"href":"https:\/\/www.europesays.com\/fr\/wp-json\/wp\/v2\/users\/2"}],"replies":[{"embeddable":true,"href":"https:\/\/www.europesays.com\/fr\/wp-json\/wp\/v2\/comments?post=225947"}],"version-history":[{"count":0,"href":"https:\/\/www.europesays.com\/fr\/wp-json\/wp\/v2\/posts\/225947\/revisions"}],"wp:featuredmedia":[{"embeddable":true,"href":"https:\/\/www.europesays.com\/fr\/wp-json\/wp\/v2\/media\/200151"}],"wp:attachment":[{"href":"https:\/\/www.europesays.com\/fr\/wp-json\/wp\/v2\/media?parent=225947"}],"wp:term":[{"taxonomy":"category","embeddable":true,"href":"https:\/\/www.europesays.com\/fr\/wp-json\/wp\/v2\/categories?post=225947"},{"taxonomy":"post_tag","embeddable":true,"href":"https:\/\/www.europesays.com\/fr\/wp-json\/wp\/v2\/tags?post=225947"}],"curies":[{"name":"wp","href":"https:\/\/api.w.org\/{rel}","templated":true}]}}