{"id":225952,"date":"2025-07-04T15:41:18","date_gmt":"2025-07-04T15:41:18","guid":{"rendered":"https:\/\/www.europesays.com\/fr\/225952\/"},"modified":"2025-07-04T15:41:18","modified_gmt":"2025-07-04T15:41:18","slug":"885-dadmis-dans-lacademie-de-grenoble","status":"publish","type":"post","link":"https:\/\/www.europesays.com\/fr\/225952\/","title":{"rendered":"88,5\u00a0% d\u2019admis dans l\u2019acad\u00e9mie de Grenoble"},"content":{"rendered":"<p>C\u2019est un chiffre en l\u00e9g\u00e8re hausse par rapport \u00e0 l\u2019an dernier. Pour ce <a href=\"https:\/\/www.ledauphine.com\/education\/2025\/07\/04\/bac-2025-jour-de-verdict-pour-les-lyceens-de-terminale\" target=\"_blank\" rel=\"noopener\">mill\u00e9sime 2025 du baccalaur\u00e9at<\/a> , 88,5\u00a0% des plus de 35\u00a0000 candidats de l\u2019acad\u00e9mie de Grenoble ont obtenu leur examen. C\u2019est 0,6 pt de plus que sur la derni\u00e8re session pour un peu moins de candidats.<\/p>\n<p>Une majorit\u00e9 (54\u00a0%) a pass\u00e9 les \u00e9preuves du baccalaur\u00e9at g\u00e9n\u00e9ral pour un taux de r\u00e9ussite qui s\u2019\u00e9l\u00e8ve \u00e0 93,5\u00a0%. Plus de 14\u00a0000 candidats de cette section d\u00e9crochent une mention, dont 328 (1,7\u00a0%) mentions tr\u00e8s bien avec f\u00e9licitations du jury, 2\u00a0611 (13,5\u00a0%) mentions tr\u00e8s bien, 5\u00a0057 (26,2\u00a0%) mentions bien et 6\u00a0065 (31,4\u00a0%) assez bien.<\/p>\n<p>  82,5\u00a0% d\u2019admis au bac technologique<\/p>\n<p>Le taux d\u2019admis \u00e0 l\u2019\u00e9preuve du baccalaur\u00e9at technologique est de 82,5\u00a0%, en hausse de 1,6 point par rapport \u00e0 la session 2024.\u00a0Les taux de r\u00e9ussites pour les s\u00e9ries Sciences et technologies de l\u2019industrie et du d\u00e9veloppement durable, Sciences et technologies du design et des arts appliqu\u00e9s, Sciences et technologies de laboratoire et Sciences et technologie de l\u2019h\u00f4tellerie et de la restauration restent stables et sont respectivement de 85,1\u00a0%\u00a0; 97,8\u00a0%\u00a0; 84,9\u00a0% et 98,8\u00a0%.<\/p>\n<p>Pour les autres fili\u00e8res, on observe une hausse du taux de r\u00e9ussite pour la session 2025, avec en Science et technologies du management et de gestion 78,8\u00a0% (+2,2 pts) et en Sciences et technologies de la sant\u00e9 et du social 87,7\u00a0% (+1,9 pt).\u00a0<\/p>\n<p>En Sciences et techniques du th\u00e9\u00e2tre, de la musique et de la danse, 17 candidats ont \u00e9t\u00e9 admis sur les 20 pr\u00e9sent\u00e9s, soit 85\u00a0% (-7,6 pts).<\/p>\n<p>Parmi ces candidats au bac technologique, 8 \u00e9l\u00e8ves ont obtenu des mentions tr\u00e8s bien avec f\u00e9licitations du jury, 225 mentions tr\u00e8s bien, 1047 mentions bien et 2402 mentions assez bien. Des chiffres en hausse de pr\u00e8s de 2,6 points de plus que l\u2019an dernier.<\/p>\n<p>La session 2025 du baccalaur\u00e9at professionnel, toutes sp\u00e9cialit\u00e9s confondues, a r\u00e9uni 8\u00a0618 candidats dans l\u2019acad\u00e9mie de Grenoble, pour un taux de r\u00e9ussite de 82,6\u00a0%, soit une baisse de 0,4 pt par rapport \u00e0 la session de 2024. Il s\u2019agit de la troisi\u00e8me cohorte \u00e0 avoir suivi un cursus d\u00e9ployant l\u2019ensemble des dispositifs mis en place dans le cadre de la transformation de la voie professionnelle.<\/p>\n<p>  La session de rattrapage pour plus de 2400 candidats<\/p>\n<p>Les r\u00e9sultats dans les domaines des services sont l\u00e9g\u00e8rement plus \u00e9lev\u00e9s (84,5\u00a0%, +0,3 pt) que dans le domaine de la production (80,5\u00a0%, -1,1 pt). Au total, 4\u00a0851 (56,3\u00a0%) candidats obtiennent une mention, soit -0,9 par rapport \u00e0 la session de 2024.<\/p>\n<p>Toutes s\u00e9ries confondues, un peu plus de 2\u00a0400 candidats (-0,6 pt par rapport \u00e0 2024) sont appel\u00e9s \u00e0 se pr\u00e9senter aux \u00e9preuves de rattrapage qui auront lieu les 9, 10 et 11\u00a0juillet.<\/p>\n<p class=\"note\">Retrouvez tous les r\u00e9sultats sur <a href=\"https:\/\/www.ledauphine.com\/education\/resultats-examens\" target=\"_blank\" rel=\"noopener\">ledauphine.com\/education\/resultats-examens.<\/a><\/p>\n","protected":false},"excerpt":{"rendered":"C\u2019est un chiffre en l\u00e9g\u00e8re hausse par rapport \u00e0 l\u2019an dernier. Pour ce mill\u00e9sime 2025 du baccalaur\u00e9at ,&hellip;\n","protected":false},"author":2,"featured_media":225953,"comment_status":"","ping_status":"","sticky":false,"template":"","format":"standard","meta":{"footnotes":""},"categories":[9566],"tags":[1111,11,2430,3599,115,112,113,116,111,114,1057,1777,674,10961,1011,27,2731,2732,108,12,25],"class_list":{"0":"post-225952","1":"post","2":"type-post","3":"status-publish","4":"format-standard","5":"has-post-thumbnail","7":"category-grenoble","8":"tag-actu","9":"tag-actualites","10":"tag-auvergne-rhone-alpes","11":"tag-college-lycee","12":"tag-edition-bourgoin-jallieu-nord-dauphine","13":"tag-edition-grenoble-agglomeration","14":"tag-edition-gresivaudan-oisans","15":"tag-edition-la-tour-du-pin-nord-dauphine","16":"tag-edition-vienne-roussillon","17":"tag-edition-voiron-saint-marcellin","18":"tag-education","19":"tag-eu","20":"tag-europe","21":"tag-examen-diplome","22":"tag-fr","23":"tag-france","24":"tag-grenoble","25":"tag-grenoble-bassin","26":"tag-isere","27":"tag-news","28":"tag-republique-francaise"},"share_on_mastodon":{"url":"https:\/\/pubeurope.com\/@fr\/114795727038730449","error":""},"_links":{"self":[{"href":"https:\/\/www.europesays.com\/fr\/wp-json\/wp\/v2\/posts\/225952","targetHints":{"allow":["GET"]}}],"collection":[{"href":"https:\/\/www.europesays.com\/fr\/wp-json\/wp\/v2\/posts"}],"about":[{"href":"https:\/\/www.europesays.com\/fr\/wp-json\/wp\/v2\/types\/post"}],"author":[{"embeddable":true,"href":"https:\/\/www.europesays.com\/fr\/wp-json\/wp\/v2\/users\/2"}],"replies":[{"embeddable":true,"href":"https:\/\/www.europesays.com\/fr\/wp-json\/wp\/v2\/comments?post=225952"}],"version-history":[{"count":0,"href":"https:\/\/www.europesays.com\/fr\/wp-json\/wp\/v2\/posts\/225952\/revisions"}],"wp:featuredmedia":[{"embeddable":true,"href":"https:\/\/www.europesays.com\/fr\/wp-json\/wp\/v2\/media\/225953"}],"wp:attachment":[{"href":"https:\/\/www.europesays.com\/fr\/wp-json\/wp\/v2\/media?parent=225952"}],"wp:term":[{"taxonomy":"category","embeddable":true,"href":"https:\/\/www.europesays.com\/fr\/wp-json\/wp\/v2\/categories?post=225952"},{"taxonomy":"post_tag","embeddable":true,"href":"https:\/\/www.europesays.com\/fr\/wp-json\/wp\/v2\/tags?post=225952"}],"curies":[{"name":"wp","href":"https:\/\/api.w.org\/{rel}","templated":true}]}}