{"id":225958,"date":"2025-07-04T15:44:21","date_gmt":"2025-07-04T15:44:21","guid":{"rendered":"https:\/\/www.europesays.com\/fr\/225958\/"},"modified":"2025-07-04T15:44:21","modified_gmt":"2025-07-04T15:44:21","slug":"ce-lundi-eva-longoria-sera-en-tournage-a-strasbourg","status":"publish","type":"post","link":"https:\/\/www.europesays.com\/fr\/225958\/","title":{"rendered":"ce lundi, Eva Longoria sera en tournage \u00e0 Strasbourg !"},"content":{"rendered":"<p>    <img loading=\"lazy\" width=\"1800\" height=\"900\" src=\"https:\/\/www.europesays.com\/fr\/wp-content\/uploads\/2025\/04\/jeanne-callthepolice.jpg\" class=\"attachment-full size-full\" alt=\"\" id=\"imageLove\" decoding=\"async\"  \/><\/p>\n<p id=\"breadcrumbs\"><a href=\"https:\/\/pokaa.fr\/\" target=\"_blank\" rel=\"noopener\">Accueil<\/a> \/ <a href=\"https:\/\/pokaa.fr\/categories\/actu\/\" target=\"_blank\" rel=\"noopener\">Info locale<\/a> \/ \u00c9mission culinaire : ce lundi, Eva Longoria sera en tournage \u00e0 Strasbourg !<\/p>\n<p>                    Info locale<\/p>\n<p><strong>Des rues de Wisteria Lane \u00e0 celles de Strasbourg, il n\u2019y a qu\u2019un pas\u2026 et quelques ann\u00e9es. Ce lundi 7 juillet, la star internationale Eva Longoria sera de passage dans la capitale alsacienne pour le tournage d\u2019une s\u00e9rie\u00a0documentaire culinaire qui s\u2019int\u00e9resse cette fois-ci \u00e0 notre belle r\u00e9gion. On vous explique !\u00a0<\/strong><\/p>\n<p>Tr\u00e8s connue depuis <strong>son personnage de Gabrielle Solis dans la s\u00e9rie <\/strong><strong>Desperate Housewives<\/strong>,\u00a0Eva Longoria n\u2019a jamais vraiment quitt\u00e9 le petit \u00e9cran. \u00c9g\u00e9rie pour L\u2019Or\u00e9al, <strong>actrice, r\u00e9alisatrice et m\u00eame productrice<\/strong> pour de nombreux films et s\u00e9ries : la star am\u00e9ricaine a depuis longtemps plusieurs cordes \u00e0 son arc.<\/p>\n<\/p>\n<p>                <img width=\"354\" height=\"500\" src=\"https:\/\/www.europesays.com\/fr\/wp-content\/uploads\/2025\/07\/eva-longoria-cannes-2015-354x500.jpg\" class=\"attachment-gallery size-gallery\" alt=\"eva Longoria\" data-full-url=\"https:\/\/pokaa.fr\/wp-content\/uploads\/2025\/07\/04\/eva-longoria-cannes-2015.jpg\" decoding=\"async\" loading=\"lazy\"  \/>            <\/p>\n<p>                <img width=\"333\" height=\"500\" src=\"https:\/\/www.europesays.com\/fr\/wp-content\/uploads\/2025\/07\/1423001-333x500.jpg\" class=\"attachment-gallery size-gallery\" alt=\"desperate housewives\" data-full-url=\"https:\/\/pokaa.fr\/wp-content\/uploads\/2025\/07\/04\/1423001-1500x2250.jpg\" decoding=\"async\" loading=\"lazy\"  \/>            <\/p>\n<p>                    1. \u00a9 Georges Biard \/ Photo d&rsquo;illustration ; 2. \u00a9 Image d&rsquo;illustration<\/p>\n<p><strong>Amoureuse de la France<\/strong>\u00a0et fan du camembert, <strong>elle est le visage depuis plus de deux ans d\u2019une s\u00e9rie documentaire culinaire produite par CNN : Searching for\u2026 <\/strong>Et apr\u00e8s le Mexique et l\u2019Espagne, c\u2019est dans l\u2019Hexagone qu\u2019Eva Longoria part \u00e0 la d\u00e9couverte des terroirs et traditions gastronomiques fran\u00e7aises.<\/p>\n<\/p>\n<p>\u00c0 Saint-Malo, \u00e0 Marseille et maintenant&#8230; \u00e0 Strasbourg !<\/p>\n<p>En effet, depuis plusieurs semaines, <strong>elle sillonne la France pour faire rayonner notre beau pays<\/strong>. Apr\u00e8s Marseille, Saint-Malo ou encore Bordeaux, c\u2019est en Alsace, et notamment \u00e0 Strasbourg, que l\u2019\u00e9mission va poser ses cam\u00e9ras avec un programme charg\u00e9.<\/p>\n<p>                <img width=\"375\" height=\"500\" src=\"https:\/\/www.europesays.com\/fr\/wp-content\/uploads\/2025\/07\/img-9429-375x500.jpeg\" class=\"attachment-gallery size-gallery\" alt=\"cath\u00e9drale\" data-full-url=\"https:\/\/pokaa.fr\/wp-content\/uploads\/2025\/06\/25\/img-9429.jpeg\" decoding=\"async\" loading=\"lazy\"  \/>            <\/p>\n<p>                <img width=\"887\" height=\"500\" src=\"https:\/\/www.europesays.com\/fr\/wp-content\/uploads\/2025\/07\/bateau-jtbn-strasbourg-8587.jpg\" class=\"attachment-gallery size-gallery\" alt=\"strasbourg-bateau-Ill- petite france\" data-full-url=\"https:\/\/www.europesays.com\/fr\/wp-content\/uploads\/2025\/07\/bateau-jtbn-strasbourg-8587.jpg\" decoding=\"async\" loading=\"lazy\"  \/>            <\/p>\n<p>                    1. \u00a9 Anthony Jilli \/ Pokaa ; 2. \u00a9 Tamara Leroy \/ Pokaa<\/p>\n<p>Ce lundi 7 juillet, <strong>vous aurez peut-\u00eatre la chance de la croiser aux quatre coins de la ville<\/strong>, comme par exemple au restaurant Au Pont Corbeau, la winstub install\u00e9e quai Saint-Nicolas, mais aussi sur la place d\u2019Austerlitz et \u00e0 la Brasserie des Haras.<\/p>\n<p>Eva Longoria va d\u00e9couvrir plusieurs quartiers de notre belle cit\u00e9, mais aussi des acteurs\/rices locaux\/les du monde de la gastronomie. Il semblerait qu\u2019un repas de shabbat chez des Strasbourgeois(es) soit aussi au menu, tout comme <strong>un arr\u00eat \u00e0 la Maison Kammerzell.<\/strong><\/p>\n<p>                <img width=\"667\" height=\"500\" src=\"https:\/\/www.europesays.com\/fr\/wp-content\/uploads\/2025\/07\/au-pont-corbeau-restaurant-667x500.jpeg\" class=\"attachment-gallery size-gallery\" alt=\"Au pont corbeau restaurant\" data-full-url=\"https:\/\/pokaa.fr\/wp-content\/uploads\/2025\/03\/21\/au-pont-corbeau-restaurant-1500x1125.jpeg\" decoding=\"async\" loading=\"lazy\"  \/>            <\/p>\n<p>                <img width=\"750\" height=\"500\" src=\"https:\/\/www.europesays.com\/fr\/wp-content\/uploads\/2025\/07\/dsc00025-750x500.jpg\" class=\"attachment-gallery size-gallery\" alt=\"place d\u2019Austerlitz supertonic\" data-full-url=\"https:\/\/pokaa.fr\/wp-content\/uploads\/2025\/04\/28\/dsc00025.jpg\" decoding=\"async\" loading=\"lazy\"  \/>            <\/p>\n<p>                <img width=\"667\" height=\"500\" src=\"https:\/\/www.europesays.com\/fr\/wp-content\/uploads\/2025\/07\/strasbourg-terre-dinnovation-medicale-pokaa33-1024x768-1-667x500.jpg\" class=\"attachment-gallery size-gallery\" alt=\"brasserie des haras\" data-full-url=\"https:\/\/pokaa.fr\/wp-content\/uploads\/2024\/10\/31\/strasbourg-terre-dinnovation-medicale-pokaa33-1024x768-1.jpg\" decoding=\"async\" loading=\"lazy\"  \/>            <\/p>\n<p>                    1. \u00a9 Document remis ; 2. \u00a9 Anthony Jilli \/ Pokaa ; 3. \u00a9 Nicolas Kaspar \/ Pokaa<\/p>\n<p>    <img width=\"800\" height=\"600\" src=\"https:\/\/www.europesays.com\/fr\/wp-content\/uploads\/2025\/07\/img-7032-800x600.jpg\" class=\"attachment-image-size-L size-image-size-L\" alt=\"Maison Kammerzell\" decoding=\"async\" loading=\"lazy\"  \/>         \u00a9 J\u00e9r\u00e9my Martin \/ Pokaa <\/p>\n<p>D\u00e9couvrir l&rsquo;Alsace<\/p>\n<p><strong>La star am\u00e9ricaine va aussi partir \u00e0 la conqu\u00eate de l\u2019Alsace,<\/strong> pour explorer toujours plus notre culture et notre gastronomie. Elle visitera notamment une ferme-auberge, un vignoble alsacien et rencontrera le chef doublement \u00e9toil\u00e9 Marc Haeberlin \u00e0 L\u2019Auberge de l\u2019Ill, \u00e0 Illhaeusern.<\/p>\n<p>Pour d\u00e9couvrir le r\u00e9sultat, il faudra cependant \u00eatre patient(e). <strong>La diffusion de l\u2019\u00e9mission sur la cha\u00eene am\u00e9ricaine CNN est pr\u00e9vue pour le printemps 2026.<\/strong><\/p>\n<p><strong>On a h\u00e2te de voir le r\u00e9sultat, et on esp\u00e8re qu\u2019elle aimera autant les tartes flamb\u00e9es et nos vins que le camembert !<\/strong><\/p>\n<p>                <img width=\"375\" height=\"500\" src=\"https:\/\/www.europesays.com\/fr\/wp-content\/uploads\/2025\/07\/img-5672-375x500.jpg\" class=\"attachment-gallery size-gallery\" alt=\"Randonn\u00e9e Vignoble Dorlisheim \u2013 tracteur vigne\" data-full-url=\"https:\/\/pokaa.fr\/wp-content\/uploads\/2024\/07\/10\/img-5672.jpg\" decoding=\"async\" loading=\"lazy\"  \/>            <\/p>\n<p>                <img width=\"375\" height=\"500\" src=\"https:\/\/www.europesays.com\/fr\/wp-content\/uploads\/2025\/07\/image00008-375x500.jpeg\" class=\"attachment-gallery size-gallery\" alt=\"Schatzi restaurant traditionnel tartes flamb\u00e9es\" data-full-url=\"https:\/\/pokaa.fr\/wp-content\/uploads\/2024\/05\/16\/image00008.jpeg\" decoding=\"async\" loading=\"lazy\"  \/>            <\/p>\n<p>                    1. \u00a9 Baptiste Kocher \/ Pokaa ; 2. \u00a9 Bastien Pietronave \/ Pokaa<\/p>\n","protected":false},"excerpt":{"rendered":"Accueil \/ Info locale \/ \u00c9mission culinaire : ce lundi, Eva Longoria sera en tournage \u00e0 Strasbourg !&hellip;\n","protected":false},"author":2,"featured_media":225959,"comment_status":"","ping_status":"","sticky":false,"template":"","format":"standard","meta":{"footnotes":""},"categories":[2820],"tags":[1111,11,36457,1777,674,6724,1011,27,1661,775,12,25,640],"class_list":{"0":"post-225958","1":"post","2":"type-post","3":"status-publish","4":"format-standard","5":"has-post-thumbnail","7":"category-strasbourg","8":"tag-actu","9":"tag-actualites","10":"tag-desperate-housewives","11":"tag-eu","12":"tag-europe","13":"tag-eva-longoria","14":"tag-fr","15":"tag-france","16":"tag-gastronomie","17":"tag-grand-est","18":"tag-news","19":"tag-republique-francaise","20":"tag-strasbourg"},"share_on_mastodon":{"url":"https:\/\/pubeurope.com\/@fr\/114795739498363868","error":""},"_links":{"self":[{"href":"https:\/\/www.europesays.com\/fr\/wp-json\/wp\/v2\/posts\/225958","targetHints":{"allow":["GET"]}}],"collection":[{"href":"https:\/\/www.europesays.com\/fr\/wp-json\/wp\/v2\/posts"}],"about":[{"href":"https:\/\/www.europesays.com\/fr\/wp-json\/wp\/v2\/types\/post"}],"author":[{"embeddable":true,"href":"https:\/\/www.europesays.com\/fr\/wp-json\/wp\/v2\/users\/2"}],"replies":[{"embeddable":true,"href":"https:\/\/www.europesays.com\/fr\/wp-json\/wp\/v2\/comments?post=225958"}],"version-history":[{"count":0,"href":"https:\/\/www.europesays.com\/fr\/wp-json\/wp\/v2\/posts\/225958\/revisions"}],"wp:featuredmedia":[{"embeddable":true,"href":"https:\/\/www.europesays.com\/fr\/wp-json\/wp\/v2\/media\/225959"}],"wp:attachment":[{"href":"https:\/\/www.europesays.com\/fr\/wp-json\/wp\/v2\/media?parent=225958"}],"wp:term":[{"taxonomy":"category","embeddable":true,"href":"https:\/\/www.europesays.com\/fr\/wp-json\/wp\/v2\/categories?post=225958"},{"taxonomy":"post_tag","embeddable":true,"href":"https:\/\/www.europesays.com\/fr\/wp-json\/wp\/v2\/tags?post=225958"}],"curies":[{"name":"wp","href":"https:\/\/api.w.org\/{rel}","templated":true}]}}