{"id":225975,"date":"2025-07-04T15:53:09","date_gmt":"2025-07-04T15:53:09","guid":{"rendered":"https:\/\/www.europesays.com\/fr\/225975\/"},"modified":"2025-07-04T15:53:09","modified_gmt":"2025-07-04T15:53:09","slug":"municipales-2026-a-toulouse-face-a-la-chaleur-francois-piquemal-veut-que-lon-se-baigne-dans-la-garonne","status":"publish","type":"post","link":"https:\/\/www.europesays.com\/fr\/225975\/","title":{"rendered":"Municipales 2026 \u00e0 Toulouse. Face \u00e0 la chaleur, Fran\u00e7ois Piquemal veut que l&rsquo;on se baigne dans la Garonne"},"content":{"rendered":"<p>            Par<br \/>\n        <strong><br \/>\n            <a href=\"https:\/\/actu.fr\/auteur\/guillaume-laurens\" title=\"Consulter tous les articles de Guillaume Laurens\" rel=\"nofollow noopener\" target=\"_blank\">Guillaume Laurens<\/a><br \/>\n        <\/strong><\/p>\n<p>        Publi\u00e9 le<\/p>\n<p>            4 juil. 2025 \u00e0 17h21        <\/p>\n<p>Apr\u00e8s avoir longuement \u00e9trill\u00e9 \u00ab\u00a0l\u2019inaction de Jean-Luc Moudenc\u00a0\u00bb, qui a selon lui \u00ab\u00a0oubli\u00e9 les quartiers populaires\u00a0\u00bb et \u00ab\u00a0montr\u00e9 son impuissance\u00a0\u00bb \u00e0 la t\u00eate d\u2019une \u00ab\u00a0\u00e9quipe de climatosceptiques\u00a0\u00bb au Capitole, <a href=\"https:\/\/actu.fr\/occitanie\/toulouse_31555\/municipales-2026-a-toulouse-le-depute-francois-piquemal-officialise-sa-candidature_62129612.html\" rel=\"nofollow noopener\" target=\"_blank\"><strong>Fran\u00e7ois Piquemal<\/strong>,<\/a> son rival (LFI) aux Municipales 2026 dans la Ville rose, a pr\u00e9sent\u00e9 ce vendredi 4 juillet 2025, <a href=\"https:\/\/actu.fr\/occitanie\/toulouse_31555\/municipales-2026-a-toulouse-salah-amokrane-et-l-assemblee-des-quartiers-rejoignent-francois-piquemal-lfi_62834062.html\" rel=\"nofollow noopener\" target=\"_blank\">en pr\u00e9sence de ses nouveaux alli\u00e9s de l\u2019Assembl\u00e9e des quartiers<\/a> et sous un soleil de plomb, son<strong> \u00ab\u00a0plan d\u2019urgence\u00a0\u00bb<\/strong> afin \u00ab\u00a0d\u2019adapter Toulouse \u00e0 la chaleur\u00a0\u00bb. Ce qu\u2019il faut retenir.<\/p>\n<p>Haro sur \u00ab\u00a0les gadgets superficiels\u00a0\u00bb de la mairie de Toulouse<\/p>\n<p class=\" wall-content\">Consid\u00e9rant \u00ab\u00a0qu\u2019aucun plan global d\u2019anticipation climatique n\u2019a \u00e9t\u00e9 mis en \u0153uvre\u00a0\u00bb par le maire sortant, qui \u00ab\u00a0b\u00e9tonne et soutient des projets autoroutiers destructeurs\u00a0\u00bb, <strong>Ilham Grefi<\/strong> a d\u2019abord raill\u00e9 <strong>\u00ab les gadgets superficiels \u00bb<\/strong> de la municipalit\u00e9 : \u00ab\u00a0Les arbres \u00e0 algues, canop\u00e9es, pav\u00e9s rafra\u00eechissants\u2026 Tout cela ne change rien \u00e0 la vie des gens\u00a0\u00bb, alors m\u00eame que \u00ab\u00a0les 15 derniers jours nous ont d\u00e9montr\u00e9 l\u2019urgence de la situation pour avoir acc\u00e8s \u00e0 la fra\u00eecheur\u00a0\u00bb, encha\u00eene <strong>Salah Amokrane<\/strong>.<\/p>\n<p class=\" wall-content\">\u00ab\u00a0Toulouse regarde monter les temp\u00e9ratures et en subit les cons\u00e9quences\u00a0\u00bb, fustigent les Insoumis et leurs alli\u00e9s des quartiers, qui ont donc pr\u00e9sent\u00e9 leur \u00ab\u00a0plan d\u2019urgence pour <strong>une oasis toulousaine\u00a0\u00bb.\u00a0<\/strong><\/p>\n<p>La gratuit\u00e9 des piscines pendant la canicule<\/p>\n<p class=\" wall-content\">En premi\u00e8re ligne de ce plan ? <strong>L\u2019acc\u00e8s \u00e0 l\u2019eau<\/strong>. \u00c0 rebours de \u00ab\u00a0la <strong>politique antisociale<\/strong> de la droite toulousaine\u00a0\u00bb d\u00e9peinte par <strong>Agathe Roby,<\/strong> les Insoumis proposent <strong>\u00ab\u00a0la gratuit\u00e9 des piscines<\/strong> pendant les \u00e9pisodes de canicule\u00a0\u00bb (contre 1\u2009euro l\u2019entr\u00e9e actuellement, NDLR) et argumentent : \u00ab\u00a0Des villes comme Paris ou Lyon l\u2019ont mis en place, Toulouse doit suivre\u00a0\u00bb.<\/p>\n<p>\u00ab\u00a0Est-ce qu\u2019on veut des L\u00e9on et L\u00e9onne \u00e0 l\u2019avenir ?\u00a0\u00bb<\/p>\n<p class=\" wall-content\">Autre id\u00e9e avanc\u00e9e : doter Toulouse d\u2019un <a href=\"https:\/\/actu.fr\/occitanie\/toulouse_31555\/toulouse-30-millions-d-euros-pour-moderniser-les-piscines-jusqu-en-2026-tous-les-investissements_62660918.html\" rel=\"nofollow noopener\" target=\"_blank\"><strong>\u00ab\u00a0plan piscine ambitieux\u00a0\u00bb.<\/strong><\/a> Alors que \u00ab\u00a0des bassins ferment en \u00e9t\u00e9\u00a0\u00bb et que \u00ab\u00a0les piscines sont surpeupl\u00e9es, des \u00ab\u00a0investissements n\u2019ont pas \u00e9t\u00e9 faits\u00a0\u00bb selon les Insoumis, qui d\u00e9plorent que \u00ab\u00a0Nakache se d\u00e9grade\u00a0\u00bb et appellent \u00e0 \u00ab\u00a0rouvrir Alban Minville le plus vite possible\u00a0\u00bb. Et ils promettent <strong>\u00ab\u00a0d\u2019ouvrir des piscines<\/strong> dans les quartiers qui en sont priv\u00e9s, comme <strong>Ancely<\/strong> ou <strong>Saint-Michel<\/strong>, o\u00f9 elles ont ferm\u00e9\u00a0\u00bb.<\/p>\n<p class=\" wall-content\">\u00ab\u00a0Dans la ville de Nakache et de L\u00e9on Marchand, ce n\u2019est pas acceptable qu\u2019on ait un plan trois fois mois ambitieux que Strasbourg\u00a0\u00bb, fulmine le d\u00e9put\u00e9-candidat au Capitole.<\/p>\n<p>Vid\u00e9os : en ce moment sur Actu<\/p>\n<blockquote class=\"ac-article-quote wall-content\">\n<p>L\u00e9on Marchand a appris \u00e0 nager dans une piscine publique. Est-ce qu\u2019on veut des L\u00e9on et L\u00e9onne \u00e0 l\u2019avenir ?<\/p>\n<p>    <strong>Fran\u00e7ois Piquemal<\/strong>\n            <\/p><\/blockquote>\n<p>La Cit\u00e9 de la natation ? \u00ab\u00a0Oui, mais \u00e0 une condition\u2026\u00a0\u00bb<\/p>\n<p class=\" wall-content\">Interrog\u00e9s sur <a href=\"https:\/\/actu.fr\/occitanie\/toulouse_31555\/avancee-en-vue-pour-le-projet-de-cite-de-la-natation-une-etape-cruciale-a-franchir-au-conseil-municipal_62783519.html\" rel=\"nofollow noopener\" target=\"_blank\">la fameuse Cit\u00e9 de la natation, port\u00e9e \u00e0 bout de bras par le club<\/a> o\u00f9 est licenci\u00e9 L\u00e9on Marchand, les Insoumis ont point\u00e9 : \u00ab\u00a0C\u2019est un projet priv\u00e9\u00a0\u00bb, avant que Fran\u00e7ois Piquemal n\u2019assure : <strong>\u00ab\u00a0On ne va pas emp\u00eacher le projet<\/strong> de Cit\u00e9 de la natation, \u00e0 condition de le mettre au service des habitantes et habitants\u2026 On en discutera avec les Dauphins du TOEC\u00a0\u00bb.<\/p>\n<p class=\" wall-content\">\u00c9galement au programme : faire en sorte que les piscines publiques de Toulouse comportent \u00ab\u00a0plus <strong>d\u2019espaces ludiques\u00a0\u00bb,<\/strong> car elles ne doivent pas \u00ab\u00a0\u00eatre destin\u00e9es qu\u2019\u00e0 ceux qui pratiquent la natation, mais aussi \u00e0 ceux qui veulent se rafra\u00eechir\u00a0\u00bb, soutient Agathe Roby. La <a href=\"https:\/\/actu.fr\/occitanie\/toulouse_31555\/toulouse-la-nouvelle-base-nautique-de-la-reynerie-a-ouvert-ce-qu-elle-propose_59845674.html\" rel=\"nofollow noopener\" target=\"_blank\">base nautique de la Reynerie,<\/a> r\u00e9cemment install\u00e9e par la mairie ? \u00ab\u00a0Cela va dans le bon sens\u00a0\u00bb, reconna\u00eet Salah Amokrane, \u00ab\u00a0mais cela ne suffit pas : \u00e0 l\u2019\u00e9chelle de Toulouse, c\u2019est <strong>anecdotique\u00a0\u00bb.<\/strong><\/p>\n<p>Rendre la Garonne baignable \u00ab\u00a0\u00e0 l\u2019horizon 2040\u00a0\u00bb<\/p>\n<p class=\" wall-content\">Consid\u00e9rant que la capitale occitane a \u00ab\u00a0la chance d\u2019\u00eatre travers\u00e9e par un fleuve qui a d\u00e9j\u00e0 une bonne qualit\u00e9 d\u2019eau, contrairement \u00e0 d\u2019autres grandes villes\u00a0\u00bb, Fran\u00e7ois Piquemal a aussi et surtout remont\u00e9 \u00e0 la surface ce vendredi un<strong> vieux serpent de mer<\/strong> dans la Ville rose : la <strong>baignade dans la Garonne<\/strong> (interdite depuis 1976 par arr\u00eat\u00e9 pr\u00e9fectoral, NDLR) et <a href=\"https:\/\/actu.fr\/occitanie\/toulouse_31555\/toulouse-l-opposition-appelle-a-rendre-une-partie-de-la-garonne-accessible-a-la-baignade_53761971.html\" rel=\"nofollow noopener\" target=\"_blank\">\u00ab\u00a0qu\u2019Agathe Roby r\u00e9clame depuis 2020\u00a0\u00bb au Conseil municipal.<\/a><\/p>\n<blockquote class=\"ac-article-quote wall-content\">\n<p>Nous fixons le cap de 2040 pour rendre la Garonne baignable pour les Toulousains. Nous pouvons avoir \u00e0 nouveau des comp\u00e9titions d\u2019Alfred Nakache et des Dauphins du TOEC dans le fleuve.<\/p>\n<p>    <strong>Fran\u00e7ois Piquemal<\/strong>\n            <\/p><\/blockquote>\n<p class=\" wall-content\">Les Insoumis y voient un enjeu de <strong>sant\u00e9 publique<\/strong>, mais aussi de <strong>s\u00e9curit\u00e9<\/strong>, car \u00ab\u00a0aujourd\u2019hui\u00a0\u00bb, soul\u00e8ve Agathe Roby, <strong>les gens se baignent l\u00e0 o\u00f9 ils peuvent,<\/strong> en prenant des risques, notamment dans le lac de la Maourine\u00a0\u00bb.<\/p>\n<p>Fontaines \u00e0 eau, brasseurs d\u2019air et acc\u00e8s aux lieux climatis\u00e9s<\/p>\n<p class=\" wall-content\">Dans la m\u00eame veine, les Insoumis comptent \u00ab\u00a0multiplier les <strong>fontaines \u00e0 eau,<\/strong> les <strong>bains-douche\u00a0\u00bb, <\/strong>ainsi que les <strong>sanitaires publics<\/strong>, <a href=\"https:\/\/actu.fr\/occitanie\/toulouse_31555\/pas-assez-de-toilettes-publiques-un-depute-de-toulouse-s-empare-de-la-problematique_60342041.html\" rel=\"nofollow noopener\" target=\"_blank\">vieux cheval de bataille de Fran\u00e7ois Piquemal<\/a>.<\/p>\n<blockquote class=\"ac-article-quote wall-content\">\n<p>Notre objectif est d&rsquo;avoir 260 toilettes publiques durant le mandat, contre 124 \u00e0 ce jour, pour rattraper les villes mieux-disantes : Rennes et Lyon, qui ont une toilette pour 2 000 habitants.<\/p>\n<p>    <strong>Fran\u00e7ois Piquemal<\/strong>\n            <\/p><\/blockquote>\n<p class=\" wall-content\">Autre \u00ab\u00a0mesure d\u2019urgence\u00a0\u00bb avanc\u00e9e pour rafra\u00eechir la ville : \u00ab\u00a0G\u00e9n\u00e9raliser rapidement l\u2019installation de <strong>brasseurs d\u2019air<\/strong> dans les lieux tr\u00e8s expos\u00e9s \u00e0 la chaleur, en priorit\u00e9 les <strong>cr\u00e8ches, \u00e9coles, Ehpad<\/strong> et <strong>logements sociaux\u00a0\u00bb.<\/strong><\/p>\n<p class=\" wall-content\">Ou encore, avance Salah Amokrane, \u00ab\u00a0mettre en place des <strong>lieux d\u2019accueil climatis\u00e9s<\/strong> dans chaque quartier, accessibles aux plus vuln\u00e9rables, notamment les sans-abris et les personnes \u00e2g\u00e9es : biblioth\u00e8ques, mus\u00e9es, salles municipales\u2026\u00a0\u00bb.\u00a0<\/p>\n<p>\u00ab\u00a0L&rsquo;urgence d&rsquo;am\u00e9nager les \u00e9coles\u00a0\u00bb face \u00e0 la chaleur<\/p>\n<p>Fran\u00e7ois Piquemal se fixe un objectif de \u00ab\u00a0z\u00e9ro passoire thermique en 2040\u00a0\u00bb et veut, \u00ab\u00a0\u00e0 moyen terme, r\u00e9nover les b\u00e2timents publics en les isolant, pour les rendre adapt\u00e9s aux \u00e9t\u00e9s chauds. Les b\u00e2timents destin\u00e9s aux publics les plus vuln\u00e9rables, notamment les cr\u00e8ches, Ehpad et \u00e9coles, seront prioritaires\u00a0\u00bb.<br \/>L&rsquo;urgence sera \u00ab\u00a0d&rsquo;am\u00e9nager les \u00e9coles \u00e0 la chaleur, car les canicules vont s\u2019intensifier ces prochaines ann\u00e9es : pour ne pas avoir \u00e0 les fermer, elles seront \u00e9quip\u00e9es. Nous voulons privil\u00e9gier les mat\u00e9riaux d\u2019autoconstruction, l&rsquo;isolation par l\u2019ext\u00e9rieur, mais il y a peut-\u00eatre des endroits o\u00f9 il faudra de la climatisation\u00a0\u00bb.<\/p>\n<p>\u00ab\u00a0Aux Izards, il faut quasiment marcher avec un masque\u00a0\u00bb<\/p>\n<p class=\" wall-content\">Pour ces candidats de la gauche radicale, Toulouse reste une ville <strong>\u00ab\u00a0trop min\u00e9ralis\u00e9e\u00a0\u00bb,<\/strong> o\u00f9 les c\u0153urs de certains quartiers \u00ab\u00a0sont invivables\u00a0\u00bb en cas de canicule, \u00ab\u00a0\u00e0 l\u2019instar de la place Ahmed Chenane aux Izards ou de la place Abbal \u00e0 la Reynerie\u00a0\u00bb. Au-del\u00e0 des <a href=\"https:\/\/actu.fr\/occitanie\/toulouse_31555\/toulouse-pour-faire-face-aux-fortes-chaleurs-les-ombrieres-urbaines-sont-reinstallees-voici-ou-les-trouver_62761588.html\" rel=\"nofollow noopener\" target=\"_blank\"><strong>\u00ab pauvres ombri\u00e8res \u00bb<\/strong> du carr\u00e9 de la Maourine<\/a>, le quartier de Borderouge serait lui aussi \u00ab\u00a0invivable\u00a0\u00bb \u00e0 leurs yeux.<\/p>\n<p class=\" wall-content\">Salah Amokrane rappelle au passage \u00ab\u00a0la r\u00e9alit\u00e9 du quartier des Izards\u00a0\u00bb, qui est, d\u00e9crit-il,<strong> \u00ab\u00a0en travaux<\/strong> permanents, vit dans <strong>la poussi\u00e8re<\/strong> et les <strong>gaz d\u2019\u00e9chappement,<\/strong> des bouchons incessants, qui ne font qu\u2019aggraver la chaleur\u00a0\u00bb. Et de scander : \u00ab\u00a0Aux Izards, <strong>il faut quasiment marcher avec un masque<\/strong> sur la figure tellement c\u2019est poussi\u00e9reux\u00a0\u00bb.<\/p>\n<p>Cr\u00e9er \u00ab\u00a0des parcs fra\u00eecheur dans tous les quartiers\u00a0\u00bb<\/p>\n<p class=\" wall-content\">Pour y rem\u00e9dier ? Fran\u00e7ois Piquemal et ses alli\u00e9s s\u2019engagent \u00e0 r\u00e9aliser \u00ab\u00a0une <strong>d\u00e9bitumisation<\/strong> massive\u00a0\u00bb de Toulouse, avec la cr\u00e9ation de<strong> \u00ab\u00a0parcs fra\u00eecheur<\/strong> dans tous les quartiers\u00a0\u00bb.<\/p>\n<blockquote class=\"ac-article-quote wall-content\">\n<p>Nous voulons adapter Toulouse \u00e0 la planification \u00e9cologique, et en faire la ville du quart d\u2019heure face aux m\u00e9ga-chaleurs. Le but, c&rsquo;est que chaque habitant ait \u00e0 moins de 15 minutes de chez lui un point d\u2019eau (piscine ou petit bassin ludique), un endroit climatis\u00e9 accessible \u00e0 tous et un parc fra\u00eecheur.\u00a0<\/p>\n<p>    <strong>Fran\u00e7ois Piquemal<\/strong>\n            <\/p><\/blockquote>\n<p class=\" wall-content\">\u00ab\u00a0L\u2019objectif, c\u2019est que tout le monde ait \u00e7a <strong>en 2032\u2033<\/strong>, a enfin annonc\u00e9 le candidat LFI, qui estime \u00ab\u00a0rejoindre en tout point <a href=\"https:\/\/actu.fr\/occitanie\/toulouse_31555\/municipales-2026-a-toulouse-les-ecologistes-veulent-remettre-des-projets-de-tramway-sur-les-rails_62846245.html\" rel=\"nofollow noopener\" target=\"_blank\">la vision des \u00e9cologistes<\/a> l\u00e0-dessus\u00a0\u00bb.<\/p>\n<p class=\" wall-content\">Suivez toute l\u2019actualit\u00e9 de vos villes et m\u00e9dias favoris en vous inscrivant \u00e0 <a href=\"https:\/\/moncompte.actu.fr\" title=\"D\u00e9couvez Mon Actu\" rel=\"nofollow noopener\" data-trk=\"{&quot;cta&quot;:{&quot;action&quot;:&quot;https:\\\/\\\/moncompte.actu.fr&quot;,&quot;category&quot;:&quot;mon compte&quot;,&quot;from&quot;:&quot;article footer&quot;,&quot;name&quot;:&quot;Mon actu&quot;,&quot;type&quot;:&quot;cta&quot;}}\" target=\"_blank\">Mon Actu<\/a>.<\/p>\n","protected":false},"excerpt":{"rendered":"Par Guillaume Laurens Publi\u00e9 le 4 juil. 2025 \u00e0 17h21 Apr\u00e8s avoir longuement \u00e9trill\u00e9 \u00ab\u00a0l\u2019inaction de Jean-Luc Moudenc\u00a0\u00bb,&hellip;\n","protected":false},"author":2,"featured_media":225976,"comment_status":"","ping_status":"","sticky":false,"template":"","format":"standard","meta":{"footnotes":""},"categories":[2816],"tags":[1111,11,6698,4188,1777,674,1011,27,1023,3434,12,2680,316,25,2312],"class_list":{"0":"post-225975","1":"post","2":"type-post","3":"status-publish","4":"format-standard","5":"has-post-thumbnail","7":"category-toulouse","8":"tag-actu","9":"tag-actualites","10":"tag-canicule","11":"tag-elections-municipales","12":"tag-eu","13":"tag-europe","14":"tag-fr","15":"tag-france","16":"tag-la-france-insoumise-lfi","17":"tag-municipales-2026","18":"tag-news","19":"tag-occitanie","20":"tag-politique","21":"tag-republique-francaise","22":"tag-toulouse"},"share_on_mastodon":{"url":"https:\/\/pubeurope.com\/@fr\/114795774154296551","error":""},"_links":{"self":[{"href":"https:\/\/www.europesays.com\/fr\/wp-json\/wp\/v2\/posts\/225975","targetHints":{"allow":["GET"]}}],"collection":[{"href":"https:\/\/www.europesays.com\/fr\/wp-json\/wp\/v2\/posts"}],"about":[{"href":"https:\/\/www.europesays.com\/fr\/wp-json\/wp\/v2\/types\/post"}],"author":[{"embeddable":true,"href":"https:\/\/www.europesays.com\/fr\/wp-json\/wp\/v2\/users\/2"}],"replies":[{"embeddable":true,"href":"https:\/\/www.europesays.com\/fr\/wp-json\/wp\/v2\/comments?post=225975"}],"version-history":[{"count":0,"href":"https:\/\/www.europesays.com\/fr\/wp-json\/wp\/v2\/posts\/225975\/revisions"}],"wp:featuredmedia":[{"embeddable":true,"href":"https:\/\/www.europesays.com\/fr\/wp-json\/wp\/v2\/media\/225976"}],"wp:attachment":[{"href":"https:\/\/www.europesays.com\/fr\/wp-json\/wp\/v2\/media?parent=225975"}],"wp:term":[{"taxonomy":"category","embeddable":true,"href":"https:\/\/www.europesays.com\/fr\/wp-json\/wp\/v2\/categories?post=225975"},{"taxonomy":"post_tag","embeddable":true,"href":"https:\/\/www.europesays.com\/fr\/wp-json\/wp\/v2\/tags?post=225975"}],"curies":[{"name":"wp","href":"https:\/\/api.w.org\/{rel}","templated":true}]}}