{"id":225981,"date":"2025-07-04T15:56:12","date_gmt":"2025-07-04T15:56:12","guid":{"rendered":"https:\/\/www.europesays.com\/fr\/225981\/"},"modified":"2025-07-04T15:56:12","modified_gmt":"2025-07-04T15:56:12","slug":"les-resultats-sont-tombes-les-chiffres","status":"publish","type":"post","link":"https:\/\/www.europesays.com\/fr\/225981\/","title":{"rendered":"les r\u00e9sultats sont tomb\u00e9s, les chiffres"},"content":{"rendered":"<p>            Par<br \/>\n        <strong><br \/>\n            <a href=\"https:\/\/actu.fr\/auteur\/thomas-blanc\" title=\"Consulter tous les articles de Thomas Blanc\" target=\"_blank\" rel=\"noopener\">Thomas Blanc<\/a><br \/>\n        <\/strong><\/p>\n<p>        Publi\u00e9 le<\/p>\n<p>            4 juil. 2025 \u00e0 17h23        <\/p>\n<p>12h55 devant la grille du <strong>lyc\u00e9e Montgrand<\/strong>, dans le 6er arrondissement de <a href=\"https:\/\/actu.fr\/?s=Marseille\" target=\"_blank\" rel=\"noopener\">Marseille<\/a>, les lyc\u00e9ens exultent d\u00e9j\u00e0 quand bien m\u00eame les r\u00e9sultats du <a href=\"https:\/\/actu.fr\/?s=baccalaur%C3%A9at\" target=\"_blank\" rel=\"noopener\">baccalaur\u00e9at<\/a> ne sont m\u00eame pas encore affich\u00e9s.<\/p>\n<p class=\" wall-content\">Avec leurs t\u00e9l\u00e9phones portables, ils sont plus rapides que le personnel du lyc\u00e9e qui peine \u00e0 installer les panneaux o\u00f9 sont punais\u00e9es les <strong>feuilles de r\u00e9sultats<\/strong> avec la fameuse formule magique\u2009: <strong>\u00ab\u2009Admis\u2009\u00bb<\/strong>.<\/p>\n<p>\u00ab\u2009Je stressais mais maintenant c\u2019est bon\u2009\u00bb<\/p>\n<p class=\" wall-content\">C\u2019est donc connaissant d\u00e9j\u00e0 la r\u00e9ponse pour la plupart d\u2019entre eux qu\u2019ils p\u00e9n\u00e8trent dans l\u2019enceinte du lyc\u00e9e et pour la forme se ruent sur vers r\u00e9sultats.<\/p>\n<p class=\" wall-content\">Avec seulement deux candidats non admis, c\u2019est <strong>la joie qui pr\u00e9domine<\/strong> dans la cour du lyc\u00e9e Montgrand o\u00f9 le taux de r\u00e9ussite a l\u00e9g\u00e8rement d\u00e9pass\u00e9 la moyenne nationale avec 87%.<\/p>\n<p class=\" wall-content\">\u00ab\u2009J\u2019ai le bac\u2009!\u2009\u00bb, hurle Orselane d\u00e9sormais titulaire du dipl\u00f4me version<strong> technologique<\/strong>. \u00ab\u2009Presque la mention, 11,88 c\u2019est au-del\u00e0 de mes esp\u00e9rances, plus le temps passait plus je stressais mais maintenant c\u2019est bon\u2009\u00bb, a-t-il, par la suite, confi\u00e9 \u00e0 actu Marseille.<\/p>\n<p>Vid\u00e9os : en ce moment sur Actu<\/p>\n<p class=\" wall-content\">Pour Soulaymane, moins de pression, \u00ab\u2009j\u2019\u00e9tais s\u00fbr de l\u2019avoir, je venais juste v\u00e9rifier si j\u2019avais la mention \u2018Tr\u00e8s bien\u2019. Malheureusement je repars qu\u2019avec la mention \u2018Bien\u2019\u2009\u00bb.\u2009Cela ne l\u2019emp\u00eache de s\u2019\u00eatre surpris lui-m\u00eame, \u00ab\u2009ma meilleure note c\u2019est 16 en philo, alors que toute l\u2019ann\u00e9e j\u2019ai eu 9\/20\u2009!\u2009\u00bb<\/p>\n<p>Des c\u00e9l\u00e9brations dans les fast-foods dans la ville<\/p>\n<p class=\" wall-content\">Pour Kenza, qui obtient son bac g\u00e9n\u00e9ral avec presque 15 de moyenne, les \u00e9preuves \u00ab\u2009n\u2019\u00e9taient pas tr\u00e8s difficiles\u2009\u00bb. \u00ab\u2009J\u2019\u00e9tais s\u00fbre de le d\u00e9crocher\u2009\u00bb, ajoute-t-elle quand m\u00eame avec quelques regrets\u2009: \u00ab<strong>\u2009je m\u00e9ritais mieux<\/strong>\u2026\u2009\u00bb<\/p>\n<p class=\" wall-content\">Cela ne l\u2019emp\u00eache pas de le f\u00eater comme il se doit d\u00e8s aujourd\u2019hui. \u00ab\u2009Je n\u2019ai pas mang\u00e9 ce matin expr\u00e8s pour pouvoir aller \u00e0 Chicken Street et O\u2019Tacos avec mes copines, ils font des offres pour les bacheliers\u2009!\u2009\u00bb<\/p>\n<blockquote class=\"tiktok-embed\" cite=\"https:\/\/www.tiktok.com\/@actu.frmarseille\/video\/7523230714691718422\" data-video-id=\"7523230714691718422\" data-embed-from=\"oembed\" style=\"max-width:605px; min-width:325px;\"><p>\n<a target=\"_blank\" title=\"@actu.frmarseille\" href=\"https:\/\/www.tiktok.com\/@actu.frmarseille?refer=embed\" rel=\"noopener\">@actu.frmarseille<\/a> <\/p>\n<p> <a target=\"_blank\" title=\"\u266c Hymn for the Weekend - Coldplay\" href=\"https:\/\/www.tiktok.com\/music\/Hymn-for-the-Weekend-6974799721428682753?refer=embed\" rel=\"noopener\">\u266c Hymn for the Weekend \u2013 Coldplay<\/a> <\/p>\n<\/blockquote>\n<p class=\" wall-content\">En effet <strong>plusieurs marques de restauration rapide offrent leurs produits<\/strong> en fonction de la mention obtenue par le bachelier. Plusieurs dizaines d\u2019entre eux, au lyc\u00e9e Montgrand, planifient de s\u2019y rendre dans la foul\u00e9e des r\u00e9sultats.<\/p>\n<p>93\u2009% de r\u00e9ussite, mieux que la moyenne nationale<\/p>\n<p class=\" wall-content\">Dans le reste de l\u2019acad\u00e9mie d\u2019Aix-Marseille, les r\u00e9sultats de toutes les fili\u00e8res sont en hausse ou \u00e9quivalents compar\u00e9 \u00e0 la session 2024.<\/p>\n<p class=\" wall-content\">Comme l\u2019ann\u00e9e derni\u00e8re, <strong>le taux de r\u00e9ussite du bac g\u00e9n\u00e9ral dans l\u2019acad\u00e9mie Aix-Marseille est de 93%<\/strong>, deux points de mieux que la moyenne nationale de 91%. Ils \u00e9taient plus de 17000 \u00e0 avoir particip\u00e9 aux \u00e9preuves.<\/p>\n<p class=\" wall-content\">Il s\u2019\u00e9tablit \u00e0 <strong>80,5% en fili\u00e8re professionnelle<\/strong>, en hausse de 1,3 point par rapport \u00e0 la session 2024 et <strong>79% en fili\u00e8re technologique<\/strong>, en baisse de 0,3 point par rapport \u00e0 la session provisoire 2024.<\/p>\n<p class=\" wall-content\">Suivez toute l\u2019actualit\u00e9 de vos villes et m\u00e9dias favoris en vous inscrivant \u00e0 <a href=\"https:\/\/moncompte.actu.fr\" title=\"D\u00e9couvez Mon Actu\" rel=\"nofollow noopener\" data-trk=\"{&quot;cta&quot;:{&quot;action&quot;:&quot;https:\\\/\\\/moncompte.actu.fr&quot;,&quot;category&quot;:&quot;mon compte&quot;,&quot;from&quot;:&quot;article footer&quot;,&quot;name&quot;:&quot;Mon actu&quot;,&quot;type&quot;:&quot;cta&quot;}}\" target=\"_blank\">Mon Actu<\/a>.<\/p>\n<p>                    <script async src=\"\/\/www.tiktok.com\/embed.js\"><\/script><\/p>\n","protected":false},"excerpt":{"rendered":"Par Thomas Blanc Publi\u00e9 le 4 juil. 2025 \u00e0 17h23 12h55 devant la grille du lyc\u00e9e Montgrand, dans&hellip;\n","protected":false},"author":2,"featured_media":225982,"comment_status":"","ping_status":"","sticky":false,"template":"","format":"standard","meta":{"footnotes":""},"categories":[2814],"tags":[1111,11,3867,1057,1777,674,1011,27,884,12,882,25,104],"class_list":{"0":"post-225981","1":"post","2":"type-post","3":"status-publish","4":"format-standard","5":"has-post-thumbnail","7":"category-marseille","8":"tag-actu","9":"tag-actualites","10":"tag-baccalaureat","11":"tag-education","12":"tag-eu","13":"tag-europe","14":"tag-fr","15":"tag-france","16":"tag-marseille","17":"tag-news","18":"tag-provence-alpes-cote-dazur","19":"tag-republique-francaise","20":"tag-societe"},"share_on_mastodon":{"url":"https:\/\/pubeurope.com\/@fr\/114795786020011458","error":""},"_links":{"self":[{"href":"https:\/\/www.europesays.com\/fr\/wp-json\/wp\/v2\/posts\/225981","targetHints":{"allow":["GET"]}}],"collection":[{"href":"https:\/\/www.europesays.com\/fr\/wp-json\/wp\/v2\/posts"}],"about":[{"href":"https:\/\/www.europesays.com\/fr\/wp-json\/wp\/v2\/types\/post"}],"author":[{"embeddable":true,"href":"https:\/\/www.europesays.com\/fr\/wp-json\/wp\/v2\/users\/2"}],"replies":[{"embeddable":true,"href":"https:\/\/www.europesays.com\/fr\/wp-json\/wp\/v2\/comments?post=225981"}],"version-history":[{"count":0,"href":"https:\/\/www.europesays.com\/fr\/wp-json\/wp\/v2\/posts\/225981\/revisions"}],"wp:featuredmedia":[{"embeddable":true,"href":"https:\/\/www.europesays.com\/fr\/wp-json\/wp\/v2\/media\/225982"}],"wp:attachment":[{"href":"https:\/\/www.europesays.com\/fr\/wp-json\/wp\/v2\/media?parent=225981"}],"wp:term":[{"taxonomy":"category","embeddable":true,"href":"https:\/\/www.europesays.com\/fr\/wp-json\/wp\/v2\/categories?post=225981"},{"taxonomy":"post_tag","embeddable":true,"href":"https:\/\/www.europesays.com\/fr\/wp-json\/wp\/v2\/tags?post=225981"}],"curies":[{"name":"wp","href":"https:\/\/api.w.org\/{rel}","templated":true}]}}