{"id":225983,"date":"2025-07-04T15:57:08","date_gmt":"2025-07-04T15:57:08","guid":{"rendered":"https:\/\/www.europesays.com\/fr\/225983\/"},"modified":"2025-07-04T15:57:08","modified_gmt":"2025-07-04T15:57:08","slug":"un-chauffeur-vtc-juge-lundi-pour-avoir-blesse-plusieurs-taxis-lors-dune-manifestation","status":"publish","type":"post","link":"https:\/\/www.europesays.com\/fr\/225983\/","title":{"rendered":"un chauffeur VTC jug\u00e9 lundi pour avoir bless\u00e9 plusieurs taxis lors d\u2019une manifestation"},"content":{"rendered":"<p>Un chauffeur VTC est accus\u00e9 de violences avec arme pour avoir fonc\u00e9 sur plusieurs chauffeurs de taxi avec sa voiture en marge d\u2019une manifestation dans le centre-ville de Marseille. Il avait pris la fuite avant de se rendre au commissariat de police.<\/p>\n<p class=\"fig-paragraph\"><a href=\"http:\/\/www.lefigaro.fr\/marseille\/marseille-un-conducteur-de-vtc-arrete-apres-avoir-fonce-sur-des-chauffeurs-de-taxi-20250521\" data-fig-type=\"NewsFlash\" data-gtm-custom-categorie=\"navigation\" data-gtm-custom-action=\"crossclick\" data-gtm-custom-label=\"Contextuel\" data-gtm-event=\"customEventSPE\" data-fig-domain=\"LEFIGARO\" target=\"_blank\" rel=\"noopener\">Les images avaient fait le tour des r\u00e9seaux sociaux<\/a>, relay\u00e9s notamment par le d\u00e9put\u00e9 LFI des quartiers nord de Marseille\u00a0<a href=\"http:\/\/www.lefigaro.fr\/politique\/en-algerie-delogu-s-en-prend-a-retailleau-mais-reste-silencieux-sur-sansal-et-gleizes-20250701\" data-fig-type=\"Article\" data-gtm-custom-categorie=\"navigation\" data-gtm-custom-action=\"crossclick\" data-gtm-custom-label=\"Contextuel\" data-gtm-event=\"customEventSPE\" data-fig-domain=\"LEFIGARO\" target=\"_blank\" rel=\"noopener\">S\u00e9bastien Delogu<\/a>, lui-m\u00eame chauffeur de taxi de profession, qui avait d\u00e9nonc\u00e9 \u00abune agression d\u2019une violence inou\u00efe\u00bb. En mai dernier, en marge d\u2019une\u00a0<a href=\"http:\/\/www.lefigaro.fr\/marseille\/marseille-un-vtc-fonce-sur-plusieurs-personnes-en-marge-d-une-manifestation-de-taxis-20250520\" data-fig-type=\"NewsFlash\" data-gtm-custom-categorie=\"navigation\" data-gtm-custom-action=\"crossclick\" data-gtm-custom-label=\"Contextuel\" data-gtm-event=\"customEventSPE\" data-fig-domain=\"LEFIGARO\" target=\"_blank\" rel=\"noopener\">manifestation de taxis<\/a>\u00a0dans le centre-ville de Marseille, plusieurs d\u2019entre eux avaient \u00e9t\u00e9 bless\u00e9s par un chauffeur VTC qui les avait renvers\u00e9s \u00e0 l\u2019extr\u00e9mit\u00e9 du cours Lieutaud dans le 6e arrondissement de la cit\u00e9 phoc\u00e9enne.<\/p>\n<p class=\"fig-paragraph\">L\u2019homme avait ensuite pris la fuite, avant de se rendre finalement au commissariat de police. Lundi, il compara\u00eetra \u00e0 14 heures devant la 12e chambre du tribunal correctionnel de Marseille. Sur le banc des parties civiles se trouvent trois chauffeurs de taxi qui participaient \u00e0 la manifestation ce jour-l\u00e0. Le plus lourdement bless\u00e9 des trois, un chauffeur de taxi de 33 ans, a \u00e9t\u00e9 atteint aux cervicales, \u00e0 l\u2019\u00e9paule et aux jambes, pour une interruption totale de travail (ITT) de 21 jours.<\/p>\n<p>                                    <a class=\"fig-a11y-skip a11y-hidden\" href=\"#fig-a11y-skip-main-inarticle\"><br \/>\n        Passer la publicit\u00e9<br \/>\n    <\/a><\/p>\n<p class=\"fig-paragraph\">Le second, un homme de 41 ans \u00e9galement chauffeur de taxi, a \u00e9t\u00e9 bless\u00e9 notamment \u00e0 l\u2019\u00e9paule gauche, au genou gauche et souffre d\u2019une fracture dentaire, pour une ITT de 10 jours. \u00c2g\u00e9e de 37 ans, la troisi\u00e8me victime, compagne du taxi \u00e2g\u00e9 de 31 ans, entend faire valoir devant le tribunal son pr\u00e9judice psychologique. \u00abMes clients attendent d\u2019\u00eatre reconnus comme victime \u00e0 la hauteur de la gravit\u00e9 des faits\u00bb, insiste l\u2019avocat des parties civiles, Me Marc-Andr\u00e9 Ceccaldi.<\/p>\n<p>Jets d\u2019\u0153uf<\/p>\n<p class=\"fig-paragraph\">L\u2019incident s\u2019\u00e9tait produit alors que le chauffeur VTC avait re\u00e7u des jets d\u2019\u0153uf. \u00abMon client s\u2019est senti agress\u00e9 et menac\u00e9, rapporte Me Philippe Chaudon, l\u2019avocat de ce dernier. Il s\u2019est retrouv\u00e9 l\u00e0 compl\u00e8tement par hasard. Il venait de poser des clients \u00e0 la fin d\u2019une course. Il a entendu que des manifestants disaient\u00a0: \u201cOn va se le faire\u201d (sic). Il a re\u00e7u des \u0153ufs sur sa voiture et sur son visage car la vitre \u00e9tait ouverte. Ensuite, il a \u00e9t\u00e9 pris de panique et de peur. Mais il n\u2019y a aucune animosit\u00e9 d\u2019une profession par rapport \u00e0 une autre.\u00bb<\/p>\n<p class=\"fig-paragraph\">\u00abTous les \u00e9l\u00e9ments montrent qu\u2019il y avait une intention d\u2019attenter \u00e0 ceux qu\u2019il avait estim\u00e9 \u00eatre le groupe de lanceurs d\u2019\u0153ufs, r\u00e9torque Me Marc-Andr\u00e9 Ceccaldi. Mais il n\u2019\u00e9tait pas dans une posture de d\u00e9fense. Il \u00e9tait entour\u00e9 de policiers de partout. Il a dirig\u00e9 ses roues vers mes clients, donc ce n\u2019est pas une maladresse. Et ensuite, il a pris la fuite.\u00bb<\/p>\n<p class=\"fig-paragraph\">Selon l\u2019avocat des victimes, le pr\u00e9venu a m\u00eame tent\u00e9 d\u2019effacer les preuves de son geste. \u00abJuste apr\u00e8s les faits, il est vite all\u00e9 faire r\u00e9parer sa voiture chez un carrossier, rapporte Me Ceccaldi. Il y a une volont\u00e9 de camoufler les choses, ce qui est la preuve de la conscience d\u2019un geste qui n\u2019est pas qu\u2019un accident de la route d\u00fb \u00e0 une mauvaise ma\u00eetrise du v\u00e9hicule.\u00bb Le chauffeur Uber a d\u00e9j\u00e0 plusieurs condamnations \u00e0 son casier pour des faits anciens relatifs \u00e0 des affaires de vols et d\u2019escroquerie selon Me Ceccaldi.<\/p>\n<p class=\"fig-paragraph\">\u00abEt la propri\u00e9t\u00e9 de son v\u00e9hicule demeure assez incertaine, poursuit l\u2019avocat. Son compte Uber aurait \u00e9t\u00e9 bloqu\u00e9, de sorte que son aptitude \u00e0 faire du transport professionnel est discutable.\u00bb \u00abMon client est compl\u00e8tement abattu et d\u00e9sol\u00e9, affirme Me Chaudon. Il est dans une position de remords et suit un psychologue depuis les faits. C\u2019est un homme qui est chauffeur VTC depuis une dizaine d\u2019ann\u00e9es et qui est tr\u00e8s estim\u00e9e au sein de cette communaut\u00e9.\u00bb Le pr\u00e9venu encourt jusqu\u2019\u00e0 cinq ans de prison.<\/p>\n","protected":false},"excerpt":{"rendered":"Un chauffeur VTC est accus\u00e9 de violences avec arme pour avoir fonc\u00e9 sur plusieurs chauffeurs de taxi avec&hellip;\n","protected":false},"author":2,"featured_media":225984,"comment_status":"","ping_status":"","sticky":false,"template":"","format":"standard","meta":{"footnotes":""},"categories":[2814],"tags":[1111,11,1777,674,1011,27,884,12,2694,882,25,13430,13016,9699],"class_list":{"0":"post-225983","1":"post","2":"type-post","3":"status-publish","4":"format-standard","5":"has-post-thumbnail","7":"category-marseille","8":"tag-actu","9":"tag-actualites","10":"tag-eu","11":"tag-europe","12":"tag-fr","13":"tag-france","14":"tag-marseille","15":"tag-news","16":"tag-proces","17":"tag-provence-alpes-cote-dazur","18":"tag-republique-francaise","19":"tag-taxi","20":"tag-uber","21":"tag-vtc"},"share_on_mastodon":{"url":"https:\/\/pubeurope.com\/@fr\/114795789850159506","error":""},"_links":{"self":[{"href":"https:\/\/www.europesays.com\/fr\/wp-json\/wp\/v2\/posts\/225983","targetHints":{"allow":["GET"]}}],"collection":[{"href":"https:\/\/www.europesays.com\/fr\/wp-json\/wp\/v2\/posts"}],"about":[{"href":"https:\/\/www.europesays.com\/fr\/wp-json\/wp\/v2\/types\/post"}],"author":[{"embeddable":true,"href":"https:\/\/www.europesays.com\/fr\/wp-json\/wp\/v2\/users\/2"}],"replies":[{"embeddable":true,"href":"https:\/\/www.europesays.com\/fr\/wp-json\/wp\/v2\/comments?post=225983"}],"version-history":[{"count":0,"href":"https:\/\/www.europesays.com\/fr\/wp-json\/wp\/v2\/posts\/225983\/revisions"}],"wp:featuredmedia":[{"embeddable":true,"href":"https:\/\/www.europesays.com\/fr\/wp-json\/wp\/v2\/media\/225984"}],"wp:attachment":[{"href":"https:\/\/www.europesays.com\/fr\/wp-json\/wp\/v2\/media?parent=225983"}],"wp:term":[{"taxonomy":"category","embeddable":true,"href":"https:\/\/www.europesays.com\/fr\/wp-json\/wp\/v2\/categories?post=225983"},{"taxonomy":"post_tag","embeddable":true,"href":"https:\/\/www.europesays.com\/fr\/wp-json\/wp\/v2\/tags?post=225983"}],"curies":[{"name":"wp","href":"https:\/\/api.w.org\/{rel}","templated":true}]}}