{"id":225985,"date":"2025-07-04T15:58:12","date_gmt":"2025-07-04T15:58:12","guid":{"rendered":"https:\/\/www.europesays.com\/fr\/225985\/"},"modified":"2025-07-04T15:58:12","modified_gmt":"2025-07-04T15:58:12","slug":"beaurepaire-le-club-oasis-celebre-la-fin-de-la-saison","status":"publish","type":"post","link":"https:\/\/www.europesays.com\/fr\/225985\/","title":{"rendered":"Beaurepaire. Le club Oasis c\u00e9l\u00e8bre la fin de la saison"},"content":{"rendered":"<p>Malgr\u00e9 la chaleur estivale, le club Oasis \u00e0 Beaurepaire a tenu \u00e0 marquer la fin de sa saison en organisant un pique-nique ce mardi 1er \u00a0juillet. Au vu de la canicule, ils ont pr\u00e9f\u00e9r\u00e9 organiser l\u2019\u00e9v\u00e9nement \u00e0 la salle Oasis afin d\u2019offrir un cadre plus frais et plus confortable aux participants. Le club fermera ses portes le 15\u00a0juillet pour la pause estivale. La reprise des activit\u00e9s est pr\u00e9vue pour le mardi 12\u00a0ao\u00fbt.<\/p>\n","protected":false},"excerpt":{"rendered":"Malgr\u00e9 la chaleur estivale, le club Oasis \u00e0 Beaurepaire a tenu \u00e0 marquer la fin de sa saison&hellip;\n","protected":false},"author":2,"featured_media":225986,"comment_status":"","ping_status":"","sticky":false,"template":"","format":"standard","meta":{"footnotes":""},"categories":[1889],"tags":[1111,11,2430,36460,117,1687,111,1777,674,1011,27,2428,12,25],"class_list":{"0":"post-225985","1":"post","2":"type-post","3":"status-publish","4":"format-standard","5":"has-post-thumbnail","7":"category-lyon","8":"tag-actu","9":"tag-actualites","10":"tag-auvergne-rhone-alpes","11":"tag-beaurepaire","12":"tag-bievre","13":"tag-culture-loisirs","14":"tag-edition-vienne-roussillon","15":"tag-eu","16":"tag-europe","17":"tag-fr","18":"tag-france","19":"tag-lyon","20":"tag-news","21":"tag-republique-francaise"},"share_on_mastodon":{"url":"https:\/\/pubeurope.com\/@fr\/114795793821811440","error":""},"_links":{"self":[{"href":"https:\/\/www.europesays.com\/fr\/wp-json\/wp\/v2\/posts\/225985","targetHints":{"allow":["GET"]}}],"collection":[{"href":"https:\/\/www.europesays.com\/fr\/wp-json\/wp\/v2\/posts"}],"about":[{"href":"https:\/\/www.europesays.com\/fr\/wp-json\/wp\/v2\/types\/post"}],"author":[{"embeddable":true,"href":"https:\/\/www.europesays.com\/fr\/wp-json\/wp\/v2\/users\/2"}],"replies":[{"embeddable":true,"href":"https:\/\/www.europesays.com\/fr\/wp-json\/wp\/v2\/comments?post=225985"}],"version-history":[{"count":0,"href":"https:\/\/www.europesays.com\/fr\/wp-json\/wp\/v2\/posts\/225985\/revisions"}],"wp:featuredmedia":[{"embeddable":true,"href":"https:\/\/www.europesays.com\/fr\/wp-json\/wp\/v2\/media\/225986"}],"wp:attachment":[{"href":"https:\/\/www.europesays.com\/fr\/wp-json\/wp\/v2\/media?parent=225985"}],"wp:term":[{"taxonomy":"category","embeddable":true,"href":"https:\/\/www.europesays.com\/fr\/wp-json\/wp\/v2\/categories?post=225985"},{"taxonomy":"post_tag","embeddable":true,"href":"https:\/\/www.europesays.com\/fr\/wp-json\/wp\/v2\/tags?post=225985"}],"curies":[{"name":"wp","href":"https:\/\/api.w.org\/{rel}","templated":true}]}}