{"id":225989,"date":"2025-07-04T16:01:11","date_gmt":"2025-07-04T16:01:11","guid":{"rendered":"https:\/\/www.europesays.com\/fr\/225989\/"},"modified":"2025-07-04T16:01:11","modified_gmt":"2025-07-04T16:01:11","slug":"ile-de-france-les-baignades-en-marne-et-en-seine-remplaceront-elles-les-piscines-dans-20-ans","status":"publish","type":"post","link":"https:\/\/www.europesays.com\/fr\/225989\/","title":{"rendered":"Ile-de-France\u00a0: les baignades en Marne et en Seine remplaceront-elles les piscines dans 20 ans\u00a0?"},"content":{"rendered":"\n<p>Une mani\u00e8re pour les Parisiens d\u2019affronter le r\u00e9chauffement climatique mais aussi de \u201crenouer avec le pass\u00e9\u201d apr\u00e8s un si\u00e8cle d\u2019abandon de leur fleuve au profit des seuls bateaux, selon cet enseignant \u00e0 l\u2019Ecole des hautes \u00e9tudes en sciences sociales (EHESS).<\/p>\n<p>A quoi ressemblaient les baignades dans la Seine autrefois ?<\/p>\n<p>Les premiers bassins am\u00e9nag\u00e9s dans le fleuve, qui sont les premi\u00e8res piscines, sont apparus \u00e0 la fin du XVIIIe si\u00e8cle avec la cr\u00e9ation des bains Deligny en face de la place de la Concorde, pour faire une \u00e9cole de natation. Ils \u00e9taient fr\u00e9quent\u00e9s par une client\u00e8le de luxe dont le duc d\u2019Orl\u00e9ans. On pouvait d\u00e9poser ses bijoux dans des coffres ! Au XIXe existaient aussi les bains populaires +\u00e0 quatre sous+, avec simples piquets comme le montrent les dessins de Daumier. On s\u2019y baignait pour le loisir, sans savoir vraiment nager, ou se laver. En parall\u00e8le, la m\u00e9decine commence \u00e0 s\u2019int\u00e9resser aux bienfaits de l\u2019eau froide et cherche \u00e0 rapprocher les gens de l\u2019eau. C\u2019est au m\u00eame moment d\u2019ailleurs que l\u2019aristocratie s\u2019approche du littoral.<\/p>\n<p>Pourquoi est-on sorti de la Seine ?<\/p>\n<p>Les premi\u00e8res interdictions de baignade, qui tombent au milieu du XIXe si\u00e8cle, \u00e9taient li\u00e9es aux m\u0153urs, beaucoup se baignaient nus. Ainsi qu\u2019\u00e0 la s\u00e9curit\u00e9, avec le d\u00e9veloppement du trafic fluvial.<\/p>\n<p>Les Parisiens commencent \u00e0 sortir de la Seine d\u00e8s la fin du XIXe si\u00e8cle, en m\u00eame temps que les piscines se construisent hors du fleuve. Ils continuent n\u00e9anmoins \u00e0 piquer des t\u00eates dans la Marne ou la Seine jusqu\u2019au milieu du XXe si\u00e8cle, en dehors de la capitale.<\/p>\n<p>En 1923, un arr\u00eat\u00e9 interdit d\u00e9finitivement la baignade en pleine eau dans tout le d\u00e9partement de la Seine. A aucun moment il n\u2019invoque la qualit\u00e9 de l\u2019eau. La question ne surgit qu\u2019a partir des ann\u00e9es 1970 dans les d\u00e9crets d\u2019interdiction visant la Marne.<\/p>\n<p>Cette prise de conscience de la pollution est concomitante avec le d\u00e9veloppement des piscines, o\u00f9 l\u2019eau est plus propre.\u00a0La construction des voies sur berges parisiennes a coup\u00e9 l\u2019acc\u00e8s au fleuve et \u00e0 partir de l\u00e0, on n\u2019a plus touch\u00e9 \u00e0 l\u2019eau.<\/p>\n<p>Quand a commenc\u00e9 la r\u00e9appropriation ?<\/p>\n<p>Le mouvement \u00e9cologiste de reconqu\u00eate des rivi\u00e8res urbaines a commenc\u00e9 avec le nettoyage de l\u2019Elbe dans les ann\u00e9es 1990, \u00e0 la r\u00e9unification de l\u2019Allemagne. Le fleuve \u00e9tait immonde, il fallait le rendre baignable. Pour des raisons politiques surtout car il passait entre les deux Etats.<\/p>\n<p>Au d\u00e9but des ann\u00e9es 2000, le Suisse Roberto Epple a lanc\u00e9 le \u201cBig Jump\u201d, rendez-vous o\u00f9 on se jette \u00e0 l\u2019eau \u00e0 travers l\u2019Europe pour recr\u00e9er un lien entre les citoyens et leurs rivi\u00e8res, retrouver cette culture perdue de l\u2019eau. Et revendiquer une d\u00e9pollution des fleuves, dans une volont\u00e9 de renaturation des villes fluviales.<\/p>\n<p>A Paris, les Jeux olympiques ont \u00e9t\u00e9 un formidable acc\u00e9l\u00e9rateur de d\u00e9pollution.<\/p>\n<p>Les Parisiens ne vont-ils pas continuer \u00e0 pr\u00e9f\u00e9rer les piscines \u00e0 la Seine ?<\/p>\n<p>Les piscines publiques fran\u00e7aises, construites pour la plupart avant les chocs p\u00e9troliers, sont pour la plupart trop \u00e9nergivores et obsol\u00e8tes, comme l\u2019a point\u00e9 la Cour des comptes. Certes des efforts sont faits pour la construction de nouveaux bassins, mais le stock des piscines existantes \u2013 environ 5 000 \u2013 n\u2019est pas un mod\u00e8le d\u2019avenir. Dans 20 ou 30 ans, on risque de consid\u00e9rer que le fait de se baigner en maillot de bain dans une eau chaude en plein hiver est tr\u00e8s anti\u00e9cologique, sans compter les p\u00e9nuries d\u2019eau \u00e0 venir.<\/p>\n<p>A Paris, d\u00e8s qu\u2019il fait chaud les bassins sont litt\u00e9ralement bond\u00e9s. Donc on fait comment pour se rafra\u00eechir, alors qu\u2019on pr\u00e9dit des \u00e9t\u00e9s \u00e0 bient\u00f4t 50 degr\u00e9s ?<\/p>\n<p>La baignade dans la Seine peut donc drainer pas mal de monde, je pense m\u00eame que \u00e7a peut vite d\u00e9border. Il suffit de voir la foule dans le bassin de la Villette aux beaux jours pour s\u2019en rendre compte. Mais \u00e7a n\u2019est pas une solution miracle car d\u2019ici quelques d\u00e9cennies, le d\u00e9bit de la Seine va baisser, il y aura beaucoup moins d\u2019eau et la pollution augmentera.<\/p>\n<p>Lire aussi :<\/p><\/p>\n","protected":false},"excerpt":{"rendered":"Une mani\u00e8re pour les Parisiens d\u2019affronter le r\u00e9chauffement climatique mais aussi de \u201crenouer avec le pass\u00e9\u201d apr\u00e8s un&hellip;\n","protected":false},"author":2,"featured_media":225990,"comment_status":"","ping_status":"","sticky":false,"template":"","format":"standard","meta":{"footnotes":""},"categories":[1592],"tags":[1111,11,15109,1777,674,1011,27,662,3996,5281,12650,12,626,36461,316,1800,18674,5140,25],"class_list":{"0":"post-225989","1":"post","2":"type-post","3":"status-publish","4":"format-standard","5":"has-post-thumbnail","7":"category-ile-de-france","8":"tag-actu","9":"tag-actualites","10":"tag-baignade","11":"tag-eu","12":"tag-europe","13":"tag-fr","14":"tag-france","15":"tag-ile-de-france","16":"tag-jeux-olympiques","17":"tag-la-villette","18":"tag-marne","19":"tag-news","20":"tag-paris","21":"tag-parisien","22":"tag-politique","23":"tag-pollution","24":"tag-qualite-de-leau","25":"tag-rechauffement-climatique","26":"tag-republique-francaise"},"share_on_mastodon":{"url":"https:\/\/pubeurope.com\/@fr\/114795805624993037","error":""},"_links":{"self":[{"href":"https:\/\/www.europesays.com\/fr\/wp-json\/wp\/v2\/posts\/225989","targetHints":{"allow":["GET"]}}],"collection":[{"href":"https:\/\/www.europesays.com\/fr\/wp-json\/wp\/v2\/posts"}],"about":[{"href":"https:\/\/www.europesays.com\/fr\/wp-json\/wp\/v2\/types\/post"}],"author":[{"embeddable":true,"href":"https:\/\/www.europesays.com\/fr\/wp-json\/wp\/v2\/users\/2"}],"replies":[{"embeddable":true,"href":"https:\/\/www.europesays.com\/fr\/wp-json\/wp\/v2\/comments?post=225989"}],"version-history":[{"count":0,"href":"https:\/\/www.europesays.com\/fr\/wp-json\/wp\/v2\/posts\/225989\/revisions"}],"wp:featuredmedia":[{"embeddable":true,"href":"https:\/\/www.europesays.com\/fr\/wp-json\/wp\/v2\/media\/225990"}],"wp:attachment":[{"href":"https:\/\/www.europesays.com\/fr\/wp-json\/wp\/v2\/media?parent=225989"}],"wp:term":[{"taxonomy":"category","embeddable":true,"href":"https:\/\/www.europesays.com\/fr\/wp-json\/wp\/v2\/categories?post=225989"},{"taxonomy":"post_tag","embeddable":true,"href":"https:\/\/www.europesays.com\/fr\/wp-json\/wp\/v2\/tags?post=225989"}],"curies":[{"name":"wp","href":"https:\/\/api.w.org\/{rel}","templated":true}]}}