{"id":225999,"date":"2025-07-04T16:06:09","date_gmt":"2025-07-04T16:06:09","guid":{"rendered":"https:\/\/www.europesays.com\/fr\/225999\/"},"modified":"2025-07-04T16:06:09","modified_gmt":"2025-07-04T16:06:09","slug":"la-russie-premier-pays-a-reconnaitre-le-regime-des-talibans","status":"publish","type":"post","link":"https:\/\/www.europesays.com\/fr\/225999\/","title":{"rendered":"La Russie, premier pays \u00e0 reconna\u00eetre le r\u00e9gime des talibans"},"content":{"rendered":"<p><strong>ANALYSE <\/strong>&#8211; Depuis leur retour au pouvoir, en 2021, les islamistes \u00e9taient des parias. Mais les digues diplomatiques commencent \u00e0 se fissurer.<\/p>\n<p class=\"fig-paragraph\">Ils couraient apr\u00e8s depuis pr\u00e8s de quatre ans. Jeudi, les\u00a0<a href=\"http:\/\/www.lefigaro.fr\/international\/afghanistan-la-russie-devient-le-premier-pays-a-reconnaitre-officiellement-le-regime-taliban-20250703\" data-fig-type=\"NewsFlash\" data-gtm-custom-categorie=\"navigation\" data-gtm-custom-action=\"crossclick\" data-gtm-custom-label=\"Contextuel\" data-gtm-event=\"customEventSPE\" data-fig-domain=\"LEFIGARO\" rel=\"nofollow noopener\" target=\"_blank\">talibans\u00a0<\/a>afghans ont arrach\u00e9 une premi\u00e8re victoire dans leur qu\u00eate de l\u00e9gitimit\u00e9 internationale\u00a0: la reconnaissance par un \u00c9tat. Et pas n\u2019importe lequel. Lors d\u2019un entretien \u00e0 Kaboul avec le chef de la diplomatie talibane, Amir Khan Muttaqi, \u00ab\u00a0l\u2019ambassadeur russe a officialis\u00e9 la d\u00e9cision du gouvernement de Russie de reconna\u00eetre l\u2019\u00c9mirat islamique d\u2019Afghanistan\u00a0\u00bb, a indiqu\u00e9 la th\u00e9ocratie dans un communiqu\u00e9.<\/p>\n<p class=\"fig-paragraph\">Cette mesure intervient alors que les talibans s\u2019activent pour exister dans le concert des nations. Ils ont envoy\u00e9 des repr\u00e9sentants \u00e0 la derni\u00e8re conf\u00e9rence pour le climat, la\u00a0<a href=\"http:\/\/www.lefigaro.fr\/sciences\/cop29-pourquoi-la-chine-est-elle-toujours-rattachee-aux-pays-en-developpement-20241124\" data-fig-type=\"Article\" data-gtm-custom-categorie=\"navigation\" data-gtm-custom-action=\"crossclick\" data-gtm-custom-label=\"Contextuel\" data-gtm-event=\"customEventSPE\" data-fig-domain=\"LEFIGARO\" rel=\"nofollow noopener\" target=\"_blank\">COP29<\/a>, \u00e0 Bakou, en novembre 2024. Ils ont multipli\u00e9 les rencontres politiques de haut niveau avec la Chine et les r\u00e9publiques d\u2019Asie centrale. L\u2019Inde, qui veut \u00e9viter un afflux de combattants djihadistes venus d\u2019Afghanistan au Cachemire indien, th\u00e9\u00e2tre r\u00e9gulier d\u2019attentats, a \u00e9tabli des contacts diplomatiques. Son secr\u00e9taire d\u2019\u00c9tat aux Affaires\u2026<\/p>\n<p class=\"fig-premium-paywall__infos\">\n        Cet article est r\u00e9serv\u00e9 aux abonn\u00e9s.        Il vous reste 78% \u00e0 d\u00e9couvrir.\n    <\/p>\n<p>                <img  data- alt=\"Le Figaro\" class=\"fig-img--complete fig-img\"\/><\/p>\n<p class=\"fig-premium-paywall__title\">Vous avez envie de lire la suite ?<\/p>\n<p class=\"fig-premium-paywall__subtitle\">D\u00e9bloquez tous les articles imm\u00e9diatement.<\/p>\n<p class=\"fig-premium-paywall__connect\">\n                D\u00e9j\u00e0 abonn\u00e9\u00a0?                <a class=\"fig-premium-paywall__connect-link\" href=\"https:\/\/connect.lefigaro.fr\/login?client=horizon_web&amp;type=main&amp;redirect_uri=https%3A%2F%2Fwww.lefigaro.fr%2Finternational%2Fla-russie-premier-pays-a-reconnaitre-le-regime-des-talibans-20250704\" data-js-gtm=\"{&quot;customCategorie&quot;: &quot;conversion&quot;, &quot;customAction&quot;: &quot;before_Landing_Connexion_paywall_auto&quot;, &quot;customLabel&quot;: &quot;bGVmaWdhcm8uZnJfXzFmMDU4ZDVkLTg0ZjItNjYzYy05OTY2LTA1MTAxZmYxYzNlM19fQXJ0aWNsZQ==_La Russie, premier pays \u00e0 reconna\u00eetre le r\u00e9gime des talibans_522&quot;, &quot;customIDSPE&quot;: &quot;bGVmaWdhcm8uZnJfXzFmMDU4ZDVkLTg0ZjItNjYzYy05OTY2LTA1MTAxZmYxYzNlM19fQXJ0aWNsZQ==&quot;, &quot;event&quot;: &quot;customEventSPE&quot;}\" rel=\"nofollow noopener\" target=\"_blank\"><br \/>\n                    Connectez-vous<br \/>\n                <\/a>\n            <\/p>\n","protected":false},"excerpt":{"rendered":"ANALYSE &#8211; Depuis leur retour au pouvoir, en 2021, les islamistes \u00e9taient des parias. Mais les digues diplomatiques&hellip;\n","protected":false},"author":2,"featured_media":226000,"comment_status":"","ping_status":"","sticky":false,"template":"","format":"standard","meta":{"footnotes":""},"categories":[1591],"tags":[11,598,1887,36462,12,1885,1886,132],"class_list":{"0":"post-225999","1":"post","2":"type-post","3":"status-publish","4":"format-standard","5":"has-post-thumbnail","7":"category-russie","8":"tag-actualites","9":"tag-afghanistan","10":"tag-federation-de-russie","11":"tag-islamiste","12":"tag-news","13":"tag-russia","14":"tag-russian-federation","15":"tag-russie"},"share_on_mastodon":{"url":"https:\/\/pubeurope.com\/@fr\/114795825286118015","error":""},"_links":{"self":[{"href":"https:\/\/www.europesays.com\/fr\/wp-json\/wp\/v2\/posts\/225999","targetHints":{"allow":["GET"]}}],"collection":[{"href":"https:\/\/www.europesays.com\/fr\/wp-json\/wp\/v2\/posts"}],"about":[{"href":"https:\/\/www.europesays.com\/fr\/wp-json\/wp\/v2\/types\/post"}],"author":[{"embeddable":true,"href":"https:\/\/www.europesays.com\/fr\/wp-json\/wp\/v2\/users\/2"}],"replies":[{"embeddable":true,"href":"https:\/\/www.europesays.com\/fr\/wp-json\/wp\/v2\/comments?post=225999"}],"version-history":[{"count":0,"href":"https:\/\/www.europesays.com\/fr\/wp-json\/wp\/v2\/posts\/225999\/revisions"}],"wp:featuredmedia":[{"embeddable":true,"href":"https:\/\/www.europesays.com\/fr\/wp-json\/wp\/v2\/media\/226000"}],"wp:attachment":[{"href":"https:\/\/www.europesays.com\/fr\/wp-json\/wp\/v2\/media?parent=225999"}],"wp:term":[{"taxonomy":"category","embeddable":true,"href":"https:\/\/www.europesays.com\/fr\/wp-json\/wp\/v2\/categories?post=225999"},{"taxonomy":"post_tag","embeddable":true,"href":"https:\/\/www.europesays.com\/fr\/wp-json\/wp\/v2\/tags?post=225999"}],"curies":[{"name":"wp","href":"https:\/\/api.w.org\/{rel}","templated":true}]}}