{"id":226001,"date":"2025-07-04T16:07:10","date_gmt":"2025-07-04T16:07:10","guid":{"rendered":"https:\/\/www.europesays.com\/fr\/226001\/"},"modified":"2025-07-04T16:07:10","modified_gmt":"2025-07-04T16:07:10","slug":"merz-et-trump-ont-discute-de-lacquisition-par-lallemagne-de-systemes-patriot-destines-a-lukraine-04-07-2025-a-1738","status":"publish","type":"post","link":"https:\/\/www.europesays.com\/fr\/226001\/","title":{"rendered":"Merz et Trump ont discut\u00e9 de l&rsquo;acquisition par l&rsquo;Allemagne de syst\u00e8mes Patriot destin\u00e9s \u00e0 l&rsquo;Ukraine &#8211; 04\/07\/2025 \u00e0 17:38"},"content":{"rendered":"<p>\n (Actualis\u00e9 avec appel Merz\/Trump)\n<\/p>\n<p>\n Le chancelier allemand<br \/>\nFriedrich Merz a discut\u00e9 jeudi par t\u00e9l\u00e9phone avec le pr\u00e9sident<br \/>\nam\u00e9ricain Donald Trump de l&rsquo;offre de son pays d&rsquo;acheter des<br \/>\nsyst\u00e8mes de d\u00e9fense a\u00e9rienne Patriot pour les transf\u00e9rer \u00e0<br \/>\nl&rsquo;Ukraine, a d\u00e9clar\u00e9 vendredi un porte-parole du gouvernement<br \/>\nallemand, confirmant une information du Spiegel.\n<\/p>\n<p>\n Selon le porte-parole, Friedrich Merz a pris<br \/>\nl&rsquo;initiative de l&rsquo;appel pour promouvoir les livraisons d&rsquo;armes \u00e0<br \/>\nl&rsquo;Ukraine, alors que les \u00c9tats-Unis ont interrompu\n<\/p>\n<p>\n mercredi\n<\/p>\n<p>\n certaines livraisons \u00e0 Kyiv.\n<\/p>\n<p>\n \u00ab\u00a0Il existe plusieurs moyens de combler ce manque de<br \/>\nPatriot\u00a0\u00bb, avait indiqu\u00e9 plus t\u00f4t le porte-parole, ajoutant<br \/>\nqu&rsquo;une option envisag\u00e9e est d\u2019acheter les syst\u00e8mes aux<br \/>\n\u00c9tats-Unis, puis de les transmettre \u00e0 l\u2019Ukraine.\n<\/p>\n<p>\n Le ministre allemand de la D\u00e9fense, Boris Pistorius, se<br \/>\nrendra prochainement \u00e0 Washington pour s\u2019entretenir avec son<br \/>\nhomologue am\u00e9ricain, a pr\u00e9cis\u00e9 un porte-parole du minist\u00e8re de<br \/>\nla D\u00e9fense.\n<\/p>\n<p>\n \u00ab\u00a0Les Patriot seront bien entendu \u00e0 l\u2019ordre du jour\u00a0\u00bb, a-t-il<br \/>\nd\u00e9clar\u00e9.\n<\/p>\n<p>\n Boris Pistorius a \u00e9mis l&rsquo;id\u00e9e d&rsquo;acheter des syst\u00e8mes Patriot<br \/>\net de garantir leur acheminement rapide vers l&rsquo;Ukraine en<br \/>\ncontournant les proc\u00e9dures industrielles habituelles, qui<br \/>\nprennent du temps.\n<\/p>\n<p>\n (Ludwig Burger et Miranda Murray, version fran\u00e7aise No\u00e9mie<br \/>\nNaudin et Etienne Breban, \u00e9dit\u00e9 par Augustin Turpin)<\/p>\n","protected":false},"excerpt":{"rendered":"(Actualis\u00e9 avec appel Merz\/Trump) Le chancelier allemand Friedrich Merz a discut\u00e9 jeudi par t\u00e9l\u00e9phone avec le pr\u00e9sident am\u00e9ricain&hellip;\n","protected":false},"author":2,"featured_media":2486,"comment_status":"","ping_status":"","sticky":false,"template":"","format":"standard","meta":{"footnotes":""},"categories":[1590],"tags":[400,11,398,408,405,1777,674,403,402,399,404,12,401,406,220,407],"class_list":{"0":"post-226001","1":"post","2":"type-post","3":"status-publish","4":"format-standard","5":"has-post-thumbnail","7":"category-ukraine","8":"tag-action-cac-40","9":"tag-actualites","10":"tag-bourse-de-paris","11":"tag-boursorama","12":"tag-cotations","13":"tag-eu","14":"tag-europe","15":"tag-indices-devises","16":"tag-investir","17":"tag-investissement","18":"tag-marche-boursier","19":"tag-news","20":"tag-sicav","21":"tag-trackers","22":"tag-ukraine","23":"tag-warrants"},"share_on_mastodon":{"url":"https:\/\/pubeurope.com\/@fr\/114795829272197387","error":""},"_links":{"self":[{"href":"https:\/\/www.europesays.com\/fr\/wp-json\/wp\/v2\/posts\/226001","targetHints":{"allow":["GET"]}}],"collection":[{"href":"https:\/\/www.europesays.com\/fr\/wp-json\/wp\/v2\/posts"}],"about":[{"href":"https:\/\/www.europesays.com\/fr\/wp-json\/wp\/v2\/types\/post"}],"author":[{"embeddable":true,"href":"https:\/\/www.europesays.com\/fr\/wp-json\/wp\/v2\/users\/2"}],"replies":[{"embeddable":true,"href":"https:\/\/www.europesays.com\/fr\/wp-json\/wp\/v2\/comments?post=226001"}],"version-history":[{"count":0,"href":"https:\/\/www.europesays.com\/fr\/wp-json\/wp\/v2\/posts\/226001\/revisions"}],"wp:featuredmedia":[{"embeddable":true,"href":"https:\/\/www.europesays.com\/fr\/wp-json\/wp\/v2\/media\/2486"}],"wp:attachment":[{"href":"https:\/\/www.europesays.com\/fr\/wp-json\/wp\/v2\/media?parent=226001"}],"wp:term":[{"taxonomy":"category","embeddable":true,"href":"https:\/\/www.europesays.com\/fr\/wp-json\/wp\/v2\/categories?post=226001"},{"taxonomy":"post_tag","embeddable":true,"href":"https:\/\/www.europesays.com\/fr\/wp-json\/wp\/v2\/tags?post=226001"}],"curies":[{"name":"wp","href":"https:\/\/api.w.org\/{rel}","templated":true}]}}