{"id":226013,"date":"2025-07-04T16:14:11","date_gmt":"2025-07-04T16:14:11","guid":{"rendered":"https:\/\/www.europesays.com\/fr\/226013\/"},"modified":"2025-07-04T16:14:11","modified_gmt":"2025-07-04T16:14:11","slug":"harcelement-moral-lex-deputee-laetitia-avia-de-nouveau-condamnee-en-appel-mediapart","status":"publish","type":"post","link":"https:\/\/www.europesays.com\/fr\/226013\/","title":{"rendered":"Harc\u00e8lement moral : l\u2019ex-d\u00e9put\u00e9e Laetitia Avia de nouveau condamn\u00e9e en appel &#8211; Mediapart"},"content":{"rendered":"<ol>\n<li><a href=\"https:\/\/news.google.com\/rss\/articles\/CBMivgFBVV95cUxQS082bGVfRDVXcGlnSjMxUHhoODZXcEFOWGhOS0Z3WTg0SnAyYmYtX1c3MU51ZjRaRmVycDdfZl93SGZsOWljUnhwZFFOTVJySVd1UUxiZkFiTUxFblRxSXRyUG9jWnZOZ1g3eGRBeFNNSFRLWnBzUXdWTlQ2M01YY0ljUkFpa21rN3FHRlV1NVRBWTNxUVB5elRNVmhEcEJxRFFRbjdFaVNpdzlZaDFodzJDZG1DbDBueHdmTGt3?oc=5\" target=\"_blank\" rel=\"noopener\">Harc\u00e8lement moral : l\u2019ex-d\u00e9put\u00e9e Laetitia Avia de nouveau condamn\u00e9e en appel<\/a>&nbsp;&nbsp;Mediapart<\/li>\n<li><a href=\"https:\/\/news.google.com\/rss\/articles\/CBMilwJBVV95cUxNb0ZTVFZxd0psMFc5djNXOFV2WWFlUFVUV3ZUN2VQZXpCTXRVY2ZYdmVWZnRWXy1RWmlTblJhalh0QXZvWlU2NWdEcVRUT0VYcDF6WmNoZlZ3RHdsLWlTSllRY3JsR1ROWGljNmdPazl3Y3FVTmtpMk9VTk1FRVJ0VzFEcEwzSUxPaUIwRFh5YjR6REdjdGZkdFJfOVBObXZhZjRzV3E1cU4ydVgydVJGTUFYT08zYU5KZE5vbkFXSUZOaVM0Rks1bXVELTg5a01zRWZzNUZpa044VUJKX1dHNVRZUmZTOV9oQk1TeEFpWDUxZE9ydEJXQmdaSlE2X0gzTXlZWlJoOVpMdnFIWFJqN1JWcU1Gdlk?oc=5\" target=\"_blank\" rel=\"noopener\">Laetitia Avia condamn\u00e9e en appel \u00e0 six mois de prison avec sursis et deux ans d\u2019in\u00e9ligibilit\u00e9 pour harc\u00e8lement moral<\/a>&nbsp;&nbsp;Le Monde.fr<\/li>\n<li><a href=\"https:\/\/news.google.com\/rss\/articles\/CBMi3gFBVV95cUxNcGItYXFwNFVRRzlEdzJTZXY3THBUWGtpby1xeXNZcnJMQ2xNZ3BIT0c2cEp2SzVrVG5xMHh5UFNPMXJUT3hrcWpRUGEtTC1Ka1ExRnRxWG45UHRuQkZzSHhTM0QzMndxWFBYdzM1TkY2V3FVVWFXTmFrQ2FxTUQyczVHS1U1Y3dNU092ekJKbU1IS0pJYkFkUDFpSzhucDZvREp0cV9xNVdQd3kyV2NmZEh4YzVWWHNQeEVEczREME9Ra3VZTVdJdGx4RkVYZjVvVUdWWm9SUVdzU21kMVE?oc=5\" target=\"_blank\" rel=\"noopener\">Justice. Harc\u00e8lement moral : la peine de l&rsquo;ex-d\u00e9put\u00e9e macroniste L\u00e6titia Avia confirm\u00e9e en appel<\/a>&nbsp;&nbsp;Le Dauphin\u00e9 Lib\u00e9r\u00e9<\/li>\n<li><a href=\"https:\/\/news.google.com\/rss\/articles\/CBMi_gFBVV95cUxQenpteXo2VlVWMi04MnBlaE5ucjBPNHZ2ZFI5ZW90d1ZpWFhCaEVqTHJjNEhDU3BGQjM0WmdTSF9tNmtBUGs4TExZenphampxY1NJOVhrNGVaZGNfc1ZlWi05VWlRMTVRbzJCOTlhLXQzT2ZNYk1TUWlpVVJzRGtzX0xTdUtYcU9vT0F6ZmJBbWlFTFdNT2EwZWFsWWcwNFlrLVFGR1lzMnZSWDEyLWRsbDNNRjlWQ3dYTnRnZVNUd19aMDNsc3lienhrU1ExeHo0WHNOUjl1cjJQQkdzbEc1VF85ZUdnTlNwYXYzazczcHI3M080Q2x2NUNaaGFtUQ?oc=5\" target=\"_blank\" rel=\"noopener\">Quatre collaborateurs avaient port\u00e9 plainte : l\u2019ancienne d\u00e9put\u00e9e Laetitia Avia condamn\u00e9e en appel pour harc\u00e8lement moral<\/a>&nbsp;&nbsp;L&rsquo;Ind\u00e9pendant<\/li>\n<li><a href=\"https:\/\/news.google.com\/rss\/articles\/CBMi0AFBVV95cUxQVmRzdk5MdHhHUlgwY2cwZWxrcDdfNE8ySW50dGVJd2dtdFBDdGxfZ0d6TmFySkM0M2lxRjBFNU5KeE1uTE84QVVWZEdfLWFFTnpOYlJBQzdDQ1NXaHAtSXlYNENpbDkxWldlMEExNldTalV4ZHJCZ0xBbG9OLXdXVURyalJ2dld4dFhNamlpN2ItUWxnRTZUa01FSTJRSEZYUmxra1d3TFk3eGRwTTZBWTI3dVZRUXBCRmJ6eGRZWEFLNWMtWmU1NkJyb3ZXb05j?oc=5\" target=\"_blank\" rel=\"noopener\">L\u2019ex-d\u00e9put\u00e9e Laetitia Avia de nouveau condamn\u00e9e pour harc\u00e8lement moral en appel<\/a>&nbsp;&nbsp;Sud Ouest<\/li>\n<\/ol>\n","protected":false},"excerpt":{"rendered":"Harc\u00e8lement moral : l\u2019ex-d\u00e9put\u00e9e Laetitia Avia de nouveau condamn\u00e9e en appel&nbsp;&nbsp;Mediapart Laetitia Avia condamn\u00e9e en appel \u00e0 six&hellip;\n","protected":false},"author":2,"featured_media":226014,"comment_status":"","ping_status":"","sticky":false,"template":"","format":"standard","meta":{"footnotes":""},"categories":[2],"tags":[11,1011,27,28741,36467,36468,12,1050,25],"class_list":{"0":"post-226013","1":"post","2":"type-post","3":"status-publish","4":"format-standard","5":"has-post-thumbnail","7":"category-actualites","8":"tag-actualites","9":"tag-fr","10":"tag-france","11":"tag-harcelement-moral","12":"tag-laetitia-avia","13":"tag-lrem","14":"tag-news","15":"tag-parlement","16":"tag-republique-francaise"},"share_on_mastodon":{"url":"https:\/\/pubeurope.com\/@fr\/114795856782790590","error":""},"_links":{"self":[{"href":"https:\/\/www.europesays.com\/fr\/wp-json\/wp\/v2\/posts\/226013","targetHints":{"allow":["GET"]}}],"collection":[{"href":"https:\/\/www.europesays.com\/fr\/wp-json\/wp\/v2\/posts"}],"about":[{"href":"https:\/\/www.europesays.com\/fr\/wp-json\/wp\/v2\/types\/post"}],"author":[{"embeddable":true,"href":"https:\/\/www.europesays.com\/fr\/wp-json\/wp\/v2\/users\/2"}],"replies":[{"embeddable":true,"href":"https:\/\/www.europesays.com\/fr\/wp-json\/wp\/v2\/comments?post=226013"}],"version-history":[{"count":0,"href":"https:\/\/www.europesays.com\/fr\/wp-json\/wp\/v2\/posts\/226013\/revisions"}],"wp:featuredmedia":[{"embeddable":true,"href":"https:\/\/www.europesays.com\/fr\/wp-json\/wp\/v2\/media\/226014"}],"wp:attachment":[{"href":"https:\/\/www.europesays.com\/fr\/wp-json\/wp\/v2\/media?parent=226013"}],"wp:term":[{"taxonomy":"category","embeddable":true,"href":"https:\/\/www.europesays.com\/fr\/wp-json\/wp\/v2\/categories?post=226013"},{"taxonomy":"post_tag","embeddable":true,"href":"https:\/\/www.europesays.com\/fr\/wp-json\/wp\/v2\/tags?post=226013"}],"curies":[{"name":"wp","href":"https:\/\/api.w.org\/{rel}","templated":true}]}}