{"id":226017,"date":"2025-07-04T16:16:10","date_gmt":"2025-07-04T16:16:10","guid":{"rendered":"https:\/\/www.europesays.com\/fr\/226017\/"},"modified":"2025-07-04T16:16:10","modified_gmt":"2025-07-04T16:16:10","slug":"les-golfeurs-biterrois-promus-en-troisieme-division-apres-leur-sacre-au-championnat-de-france","status":"publish","type":"post","link":"https:\/\/www.europesays.com\/fr\/226017\/","title":{"rendered":"Les golfeurs biterrois promus en troisi\u00e8me division apr\u00e8s leur sacre au championnat de France"},"content":{"rendered":"<p>\n                                                                \u00c0 Eauze, dans le Gers, les golfeurs de B\u00e9ziers Saint-Thomas ont r\u00e9alis\u00e9 un v\u00e9ritable exploit, validant leur accession dans le top 100 fran\u00e7ais de leur cat\u00e9gorie.\n                            <\/p>\n<p>Fin juin, l\u2019\u00e9quipe Mid Amateur (+\u00a025 ans) \u00c9lite de B\u00e9ziers Saint-Thomas avait rendez-vous\u00a0sur le golf d\u2019Eauze Grand Armagnac, dans le Gers, pour les\u00a0championnats de France de quatri\u00e8me division cat\u00e9gorie Mid Amateur. Elle y a affront\u00e9\u00a0les\u00a015 meilleures \u00e9quipes de l\u2019Occitanie et de l\u2019Aquitaine.<\/p>\n<p>Apr\u00e8s une phase de qualification plus ou moins r\u00e9ussie lors des deux premiers jours, les Biterrois ont termin\u00e9 en cinqui\u00e8me position, validant ainsi leur ticket\u00a0pour les phases finales. Un seul objectif en t\u00eate\u00a0: la mont\u00e9e en troisi\u00e8me division\u00a0! Emmen\u00e9e par les capitaines St\u00e9phane Soum\u00a0et Jonathan Brique, l\u2019\u00e9quipe a d\u2019abord r\u00e9ussi un premier exploit contre le\u00a0Pau Golf Club, le plus ancien golf du continent Europ\u00e9en, en s\u2019imposant 5-2.<\/p>\n<p>Une victoire au bout du suspense<\/p>\n<p>Le lendemain, en finale, ils affrontaient le second golf de Pau Artiguelouve, sorti en 1re position lors de la phase de qualification. Comme la veille, les matchs en double se sont termin\u00e9s\u00a0par une parfaite \u00e9galit\u00e9 avec un match gagn\u00e9 et un match perdu. Et ils ont fait la diff\u00e9rence au bout du suspense, au terme du 5e et dernier match, sur le dernier trou, et un dernier putt de Lionel Chabert, qui leur a permis d\u2019arracher la victoire \u00e0 la surprise g\u00e9n\u00e9rale.<\/p>\n<p>Une \u00e9norme joie et un exploit de taille pour cette \u00e9quipe Mid Amateur, qui signe son troisi\u00e8me succ\u00e8s de la saison, dans des conditions de chaleur extr\u00eame. Elle \u00e9voluera donc d\u00e8s l\u2019an prochain au niveau sup\u00e9rieur, la D3, et int\u00e8gre le top 100 des \u00e9quipes de golf fran\u00e7aises dans sa cat\u00e9gorie.<\/p>\n","protected":false},"excerpt":{"rendered":"\u00c0 Eauze, dans le Gers, les golfeurs de B\u00e9ziers Saint-Thomas ont r\u00e9alis\u00e9 un v\u00e9ritable exploit, validant leur accession&hellip;\n","protected":false},"author":2,"featured_media":226018,"comment_status":"","ping_status":"","sticky":false,"template":"","format":"standard","meta":{"footnotes":""},"categories":[1418],"tags":[1011,27,1472,60],"class_list":{"0":"post-226017","1":"post","2":"type-post","3":"status-publish","4":"format-standard","5":"has-post-thumbnail","7":"category-golf","8":"tag-fr","9":"tag-france","10":"tag-golf","11":"tag-sports"},"share_on_mastodon":{"url":"https:\/\/pubeurope.com\/@fr\/114795864661958609","error":""},"_links":{"self":[{"href":"https:\/\/www.europesays.com\/fr\/wp-json\/wp\/v2\/posts\/226017","targetHints":{"allow":["GET"]}}],"collection":[{"href":"https:\/\/www.europesays.com\/fr\/wp-json\/wp\/v2\/posts"}],"about":[{"href":"https:\/\/www.europesays.com\/fr\/wp-json\/wp\/v2\/types\/post"}],"author":[{"embeddable":true,"href":"https:\/\/www.europesays.com\/fr\/wp-json\/wp\/v2\/users\/2"}],"replies":[{"embeddable":true,"href":"https:\/\/www.europesays.com\/fr\/wp-json\/wp\/v2\/comments?post=226017"}],"version-history":[{"count":0,"href":"https:\/\/www.europesays.com\/fr\/wp-json\/wp\/v2\/posts\/226017\/revisions"}],"wp:featuredmedia":[{"embeddable":true,"href":"https:\/\/www.europesays.com\/fr\/wp-json\/wp\/v2\/media\/226018"}],"wp:attachment":[{"href":"https:\/\/www.europesays.com\/fr\/wp-json\/wp\/v2\/media?parent=226017"}],"wp:term":[{"taxonomy":"category","embeddable":true,"href":"https:\/\/www.europesays.com\/fr\/wp-json\/wp\/v2\/categories?post=226017"},{"taxonomy":"post_tag","embeddable":true,"href":"https:\/\/www.europesays.com\/fr\/wp-json\/wp\/v2\/tags?post=226017"}],"curies":[{"name":"wp","href":"https:\/\/api.w.org\/{rel}","templated":true}]}}