{"id":226019,"date":"2025-07-04T16:18:14","date_gmt":"2025-07-04T16:18:14","guid":{"rendered":"https:\/\/www.europesays.com\/fr\/226019\/"},"modified":"2025-07-04T16:18:14","modified_gmt":"2025-07-04T16:18:14","slug":"alban-placines-va-bien-signer-en-pro-d2","status":"publish","type":"post","link":"https:\/\/www.europesays.com\/fr\/226019\/","title":{"rendered":"Alban Placines va bien signer en Pro D2"},"content":{"rendered":"<p style=\"text-align: justify;\"><strong>TRANSFERTS \u2013 Selon le <a href=\"https:\/\/www.rugbyrama.fr\/2025\/07\/04\/transferts-pro-d2-laborde-placines-lotrian-les-dernieres-informations-du-mercato-a-biarritz-12805948.php\" rel=\"nofollow noopener\" target=\"_blank\">Midi Olympique<\/a>, Alban Placines (Stade Toulousain) devrait s\u2019engager avec le Biarritz Olympique dans les jours \u00e0 venir.<\/strong><\/p>\n<p style=\"text-align: justify;\">De nouveau <strong>champion de<\/strong> <strong>France<\/strong> avec le <a href=\"https:\/\/dicodusport.fr\/blog\/transferts-stade-toulousain-2025-arrivees-departs-et-prolongations\/\" rel=\"nofollow noopener\" target=\"_blank\"><strong>Stade<\/strong> <strong>Toulousain<\/strong><\/a> il y a quelques jours, <strong>Alban<\/strong> <strong>Placines<\/strong> sait depuis plusieurs mois qu\u2019il vit ces derniers instants dans la <strong>Ville<\/strong> <strong>Rose<\/strong>. \u00c0 32 ans et apr\u00e8s sept saisons au club, le flankeur s\u2019est donc mis en qu\u00eate d\u2019un nouveau challenge pour poursuivre sa carri\u00e8re au plus haut niveau.<\/p>\n<p>\nAlban Placines finalement au BO\n<\/p>\n<p style=\"text-align: justify;\">Annonc\u00e9 au <strong>Biarritz<\/strong> <strong>Olympique<\/strong> il y a plusieurs mois, l\u2019op\u00e9ration ne s\u2019est pas faite dans un premier temps. Le club basque avait pr\u00e9f\u00e9r\u00e9 finaliser l\u2019arriv\u00e9e d\u2019un autre flankeur d\u2019exp\u00e9rience, <strong>R\u00e9mi<\/strong> <strong>Bourdeau<\/strong>. <strong>Alban<\/strong> <strong>Placines<\/strong> s\u2019est donc tourn\u00e9 vers d\u2019autres clubs et \u00e9tait proche de s\u2019engager avec <strong>Dax<\/strong>, il y a quelques semaines. Mais un accord n\u2019a pas pu \u00eatre trouv\u00e9.<\/p>\n<p style=\"text-align: justify;\">Alors que le BO a r\u00e9ussi \u00e0 sauver sa peau en <strong>Pro<\/strong> <strong>D2<\/strong>, les dirigeants du club sont revenus \u00e0 la charge pour tenter de convaincre le joueur form\u00e9 au club. Et sauf retournement de situation, <strong>Alban<\/strong> <strong>Placines<\/strong> devrait bien s\u2019engager avec le BO dans les jours \u00e0 venir. Un accord est tout proche d\u2019\u00eatre trouv\u00e9 et cela devrait donc \u00eatre un retour aux sources pour le joueur de 32 ans.<\/p>\n<p>\u00c0 lire aussi<br \/>\n<a href=\"https:\/\/dicodusport.fr\/blog\/finale-top-14-le-stade-toulousain-decroche-un-24eme-bouclier-de-brennus-apres-sa-victoire-en-prolongations-face-a-lubb\/\" class=\"vlp-link\" title=\"Finale Top 14 : Le Stade Toulousain d\u00e9croche un 24\u00e8me Bouclier de Brennus apr\u00e8s sa victoire en prolongations face \u00e0 l&#039;UBB\" rel=\"nofollow noopener\" target=\"_blank\"><img loading=\"lazy\" decoding=\"async\" style=\"max-width: 792px;\" width=\"792\" height=\"445\" class=\"attachment-800x445 size-800x445 perfmatters-lazy\" alt=\"Finale Top 14 Le Stade Toulousain d\u00e9croche un 24\u00e8me Bouclier de Brennus apr\u00e8s sa victoire en prolongations face \u00e0 l'UBB\" src=\"https:\/\/www.europesays.com\/fr\/wp-content\/uploads\/2025\/07\/Finale-Top-14-Le-Stade-Toulousain-decroche-un-24eme-Bouclier-de-Brennus-apres-sa-victoire-en-prolong.png\"  data-\/><\/p>\n<p>Finale Top 14 : Le Stade Toulousain d\u00e9croche un 24\u00e8me Bouclier de Brennus apr\u00e8s sa victoire en prolongations face \u00e0 l&rsquo;UBB<\/p>\n<p>Dans une finale d&rsquo;anthologie, le Stade Toulousain vient \u00e0 bout de l&rsquo;Union Bordeaux-B\u00e8gles.<\/p>\n<p>Lire l&rsquo;article<\/p>\n<p>dicodusport.fr<\/p>\n","protected":false},"excerpt":{"rendered":"TRANSFERTS \u2013 Selon le Midi Olympique, Alban Placines (Stade Toulousain) devrait s\u2019engager avec le Biarritz Olympique dans les&hellip;\n","protected":false},"author":2,"featured_media":226020,"comment_status":"","ping_status":"","sticky":false,"template":"","format":"standard","meta":{"footnotes":""},"categories":[1416],"tags":[2113,1011,27,479,1468,60,477],"class_list":{"0":"post-226019","1":"post","2":"type-post","3":"status-publish","4":"format-standard","5":"has-post-thumbnail","7":"category-rugby","8":"tag-breve","9":"tag-fr","10":"tag-france","11":"tag-rugby","12":"tag-rugby-football","13":"tag-sports","14":"tag-transferts-rugby"},"share_on_mastodon":{"url":"https:\/\/pubeurope.com\/@fr\/114795872832380943","error":""},"_links":{"self":[{"href":"https:\/\/www.europesays.com\/fr\/wp-json\/wp\/v2\/posts\/226019","targetHints":{"allow":["GET"]}}],"collection":[{"href":"https:\/\/www.europesays.com\/fr\/wp-json\/wp\/v2\/posts"}],"about":[{"href":"https:\/\/www.europesays.com\/fr\/wp-json\/wp\/v2\/types\/post"}],"author":[{"embeddable":true,"href":"https:\/\/www.europesays.com\/fr\/wp-json\/wp\/v2\/users\/2"}],"replies":[{"embeddable":true,"href":"https:\/\/www.europesays.com\/fr\/wp-json\/wp\/v2\/comments?post=226019"}],"version-history":[{"count":0,"href":"https:\/\/www.europesays.com\/fr\/wp-json\/wp\/v2\/posts\/226019\/revisions"}],"wp:featuredmedia":[{"embeddable":true,"href":"https:\/\/www.europesays.com\/fr\/wp-json\/wp\/v2\/media\/226020"}],"wp:attachment":[{"href":"https:\/\/www.europesays.com\/fr\/wp-json\/wp\/v2\/media?parent=226019"}],"wp:term":[{"taxonomy":"category","embeddable":true,"href":"https:\/\/www.europesays.com\/fr\/wp-json\/wp\/v2\/categories?post=226019"},{"taxonomy":"post_tag","embeddable":true,"href":"https:\/\/www.europesays.com\/fr\/wp-json\/wp\/v2\/tags?post=226019"}],"curies":[{"name":"wp","href":"https:\/\/api.w.org\/{rel}","templated":true}]}}