{"id":226021,"date":"2025-07-04T16:19:09","date_gmt":"2025-07-04T16:19:09","guid":{"rendered":"https:\/\/www.europesays.com\/fr\/226021\/"},"modified":"2025-07-04T16:19:09","modified_gmt":"2025-07-04T16:19:09","slug":"parry-battue-au-troisieme-tour-deja-plus-une-francaise-en-lice","status":"publish","type":"post","link":"https:\/\/www.europesays.com\/fr\/226021\/","title":{"rendered":"Parry battue au troisi\u00e8me tour, d\u00e9j\u00e0 plus une Fran\u00e7aise en lice"},"content":{"rendered":"<p>Diane Parry, 118e mondiale, a \u00e9t\u00e9 \u00e9limin\u00e9e jeudi au 3e tour de Wimbledon. Le mill\u00e9sime 2025 est mauvais chez les Bleues.<\/p>\n<p class=\"fig-paragraph\">Derni\u00e8re Fran\u00e7aise en lice dans le tableau f\u00e9minin de Wimbledon,\u00a0<a href=\"https:\/\/www.lefigaro.fr\/sports\/tennis\/wimbledon\/en-direct-wimbledon-monfils-mannarino-parry-les-francais-e-s-revent-de-poursuivre-leur-aventure-20250704\" data-fig-type=\"Live\" data-gtm-custom-categorie=\"navigation\" data-gtm-custom-action=\"crossclick\" data-gtm-custom-label=\"Contextuel\" data-gtm-event=\"customEventSPE\" data-fig-domain=\"LEFIGARO\" rel=\"nofollow noopener\" target=\"_blank\">Diane Parry (118e mondiale) a \u00e9t\u00e9 \u00e9limin\u00e9e vendredi<\/a>\u00a0au troisi\u00e8me tour par la Britannique Sonay Kartal (51e), qui atteint \u00e0 23 ans son premier huiti\u00e8me de finale en Grand Chelem.<\/p>\n<p class=\"fig-paragraph\">Sur le court N.1, la droiti\u00e8re tricolore de 22 ans est bien entr\u00e9e dans la partie et a men\u00e9 4-2 dans le premier set avant de se faire d\u00e9breaker et de s&rsquo;incliner 6-4, 6-2 en un peu moins d&rsquo;une heure et demie.<\/p>\n<p>                                    <a class=\"fig-a11y-skip a11y-hidden\" href=\"#fig-a11y-skip-main-inarticle\"><br \/>\n        Passer la publicit\u00e9<br \/>\n    <\/a><\/p>\n<p>Une mauvaise habitude pour les Fran\u00e7aises<\/p>\n<p class=\"fig-paragraph\">Kartal affrontera au prochain tour la Russe Anastasia Pavlyuchenkova (50e) qui a priv\u00e9 la quadruple laur\u00e9ate en Grand Chelem Naomi Osaka (53e) d&rsquo;un premier huiti\u00e8me de finale sur le gazon de Wimbledon. Issue cette ann\u00e9e des qualifications, Parry avait d\u00e9j\u00e0 atteint le troisi\u00e8me tour du troisi\u00e8me Grand Chelem de la saison lors de sa premi\u00e8re participation, en 2022.<\/p>\n<p class=\"fig-paragraph\">Les deux autres Fran\u00e7aises pr\u00e9sentes dans le tableau final, Varvara Gracheva (92e) et la qualifi\u00e9e Elsa Jacquemot (113e), se sont inclin\u00e9es respectivement au premier et au deuxi\u00e8me tours. En 2024, aucune joueuse bleue ne s&rsquo;\u00e9tait hiss\u00e9e au troisi\u00e8me tour \u00e0 Wimbledon. Derni\u00e8res Fran\u00e7aises en lice parmi les six dans le tableau final, Caroline Garcia, Varvara Gracheva et Clara Burel s&rsquo;\u00e9taient toutes inclin\u00e9es au deuxi\u00e8me tour.<\/p>\n","protected":false},"excerpt":{"rendered":"Diane Parry, 118e mondiale, a \u00e9t\u00e9 \u00e9limin\u00e9e jeudi au 3e tour de Wimbledon. Le mill\u00e9sime 2025 est mauvais&hellip;\n","protected":false},"author":2,"featured_media":226022,"comment_status":"","ping_status":"","sticky":false,"template":"","format":"standard","meta":{"footnotes":""},"categories":[1415],"tags":[47,4169,105,2199,1011,27,25011,1114,35225,1960,1980,60,1467,4173,4170],"class_list":{"0":"post-226021","1":"post","2":"type-post","3":"status-publish","4":"format-standard","5":"has-post-thumbnail","7":"category-tennis","8":"tag-actualite","9":"tag-atp","10":"tag-djokovic","11":"tag-federer","12":"tag-fr","13":"tag-france","14":"tag-grand-chelem","15":"tag-infos","16":"tag-murray","17":"tag-nadal","18":"tag-resultats","19":"tag-sports","20":"tag-tennis","21":"tag-wimbledon","22":"tag-wta"},"share_on_mastodon":{"url":"https:\/\/pubeurope.com\/@fr\/114795876370484227","error":""},"_links":{"self":[{"href":"https:\/\/www.europesays.com\/fr\/wp-json\/wp\/v2\/posts\/226021","targetHints":{"allow":["GET"]}}],"collection":[{"href":"https:\/\/www.europesays.com\/fr\/wp-json\/wp\/v2\/posts"}],"about":[{"href":"https:\/\/www.europesays.com\/fr\/wp-json\/wp\/v2\/types\/post"}],"author":[{"embeddable":true,"href":"https:\/\/www.europesays.com\/fr\/wp-json\/wp\/v2\/users\/2"}],"replies":[{"embeddable":true,"href":"https:\/\/www.europesays.com\/fr\/wp-json\/wp\/v2\/comments?post=226021"}],"version-history":[{"count":0,"href":"https:\/\/www.europesays.com\/fr\/wp-json\/wp\/v2\/posts\/226021\/revisions"}],"wp:featuredmedia":[{"embeddable":true,"href":"https:\/\/www.europesays.com\/fr\/wp-json\/wp\/v2\/media\/226022"}],"wp:attachment":[{"href":"https:\/\/www.europesays.com\/fr\/wp-json\/wp\/v2\/media?parent=226021"}],"wp:term":[{"taxonomy":"category","embeddable":true,"href":"https:\/\/www.europesays.com\/fr\/wp-json\/wp\/v2\/categories?post=226021"},{"taxonomy":"post_tag","embeddable":true,"href":"https:\/\/www.europesays.com\/fr\/wp-json\/wp\/v2\/tags?post=226021"}],"curies":[{"name":"wp","href":"https:\/\/api.w.org\/{rel}","templated":true}]}}