{"id":226031,"date":"2025-07-04T16:25:09","date_gmt":"2025-07-04T16:25:09","guid":{"rendered":"https:\/\/www.europesays.com\/fr\/226031\/"},"modified":"2025-07-04T16:25:09","modified_gmt":"2025-07-04T16:25:09","slug":"isabelle-morini-bosc-veuve-ses-premieres-et-deroutantes-confidences-sur-les-obseques-de-son-mari","status":"publish","type":"post","link":"https:\/\/www.europesays.com\/fr\/226031\/","title":{"rendered":"Isabelle Morini-Bosc veuve : ses premi\u00e8res et d\u00e9routantes confidences sur les obs\u00e8ques de son mari"},"content":{"rendered":"<p>On les a tant vus ensemble dans <strong data-start=\"32\" data-end=\"40\">TPMP<\/strong>, complices au d\u00e9tour d\u2019un fou rire,<br \/>\nmain dans la main sur les plateaux de <strong data-start=\"115\" data-end=\"121\">C8<\/strong>\u2026 Jusqu\u2019\u00e0 ce que la vie mette fin \u00e0 une<br \/>\nhistoire commenc\u00e9e il y a <strong data-start=\"187\" data-end=\"197\">47\u202fans<\/strong>. Le <strong data-start=\"202\" data-end=\"217\">7\u202fmars 2025<\/strong>, Isabelle Morini\u2011Bosc a perdu son mari,<br \/>\n<a href=\"https:\/\/www.closermag.fr\/people\/isabelle-morini-bosc-veuve-ces-dispositions-prises-par-son-mari-avant-sa-mort-3526294\" target=\"_blank\" rel=\"noopener\"><br \/>\nAlain Morini<\/a>, emport\u00e9 \u00e0 <strong data-start=\"286\" data-end=\"296\">73\u202fans<\/strong>, apr\u00e8s une longue lutte contre des probl\u00e8mes<br \/>\nde sant\u00e9. Il a souffert d&rsquo;un AVC quelques ann\u00e9es plus t\u00f4t, suivi<br \/>\nd\u2019une leuc\u00e9mie d\u00e9tect\u00e9e vers 2019, dont les traitements se sont<br \/>\nr\u00e9v\u00e9l\u00e9s lourds.<\/p>\n<p data-start=\"337\" data-end=\"412\">\nDepuis leur union en <strong data-start=\"96\" data-end=\"104\">1978<\/strong>, \u00e0 22 ans, Isabelle et Alain Morini ne<br \/>\ns&rsquo;\u00e9taient plus quitt\u00e9s. Ensemble, ils ont construit un foyer, \u00e9lev\u00e9<br \/>\nun fils, <strong data-start=\"191\" data-end=\"204\">Guillaume<\/strong><br \/>\n(n\u00e9 en <strong data-start=\"212\" data-end=\"220\">1990<\/strong>),<br \/>\ning\u00e9nieur et \u00e9crivain aujourd\u2019hui discret sur la sc\u00e8ne<br \/>\nm\u00e9diatique.<br \/>\nLa douleur de son deuil avait \u00e9t\u00e9 partag\u00e9e en direct dans<br \/>\n<strong data-start=\"50\" data-end=\"58\">TPMP<\/strong>, o\u00f9<br \/>\n<strong data-start=\"63\" data-end=\"80\">Cyril Hanouna<\/strong> a<br \/>\nsalu\u00e9 \u00ab\u00a0un homme adorable\u00a0\u00bb\u00a0 et rappel\u00e9 combien Alain admirait<br \/>\nl\u2019\u00e9mission.<br \/>\nLe chroniqueur <strong data-start=\"15\" data-end=\"32\">Gilles<br \/>\nVerdez<\/strong> lui avait rendu hommage avec \u00e9motion, \u00e9voquant son<br \/>\nintelligence et sa finesse d\u2019esprit.\u00a0<\/p>\n<p>Isabelle Morini-Bosc veuve :<br \/>\nses premi\u00e8res et d\u00e9routantes confidences sur les obs\u00e8ques de son<br \/>\nmari<\/p>\n<p data-start=\"571\" data-end=\"650\">\nLes <a href=\"https:\/\/www.closermag.fr\/people\/isabelle-morini-bosc-en-deuil-aux-obseques-de-son-mari-alain-son-choix-vestimentaire-est-audacieux-3527238\" target=\"_blank\" rel=\"noopener\"><br \/>\nobs\u00e8ques d&rsquo;Alain Morini<\/a> ont eu lieu le <strong data-start=\"28\" data-end=\"39\">14\u202fmars<\/strong>, \u00e0 <strong data-start=\"43\" data-end=\"51\">14\u202fh<\/strong>, en l\u2019\u00e9glise des Abrets\u2011en\u2011Dauphin\u00e9 (Is\u00e8re),<br \/>\navant une inhumation dans le caveau familial, croisant les larmes<br \/>\n\u00e9mues et le recueillement de ses proches. Mais le voile de la<br \/>\n<a href=\"https:\/\/www.closermag.fr\/people\/isabelle-morini-bosc-retablit-la-verite-sur-la-mort-de-son-mari-atteint-dune-leucemie-3541337\" target=\"_blank\" rel=\"noopener\"><br \/>\nrumeur<\/a> est tomb\u00e9 peu \u00e0 peu. Contrairement aux premi\u00e8res<br \/>\nannonces, ce n\u2019est pas la leuc\u00e9mie qui aurait caus\u00e9 le d\u00e9c\u00e8s<br \/>\nd\u2019Alain. Dans une interview donn\u00e9e fin avril, Isabelle a expliqu\u00e9<br \/>\nque, malgr\u00e9 les op\u00e9rations cardiaques lourdes, \u00ab\u00a0\u202fc\u2019est le c\u0153ur qui<br \/>\nn\u2019a pas tenu. Les deux op\u00e9rations \u00e0 c\u0153ur ouvert ont rat\u00e9\u00a0\u00bb malgr\u00e9<br \/>\nune am\u00e9lioration progressive, quand il continuait \u00e0 faire des mots<br \/>\nfl\u00e9ch\u00e9s et des sudokus.<\/p>\n<p data-start=\"571\" data-end=\"650\">Invit\u00e9e du \u00ab\u00a0Jet de Luxe\u00a0\u00bb,<br \/>\nIsabelle Morini-Bosc a fait de d\u00e9routantes confidences sur les<br \/>\nobs\u00e8ques de son mari. \u00ab\u00a0Les gens pensaient que y&rsquo;avait Cyril aux<br \/>\nobs\u00e8ques et Mireille Marc. Ils ont fait envoy\u00e9 de tr\u00e8s belles<br \/>\ncouronnes (&#8230;) Il y avait plus de 40 bouquets. Comme ils pensaient<br \/>\nqu&rsquo;ils \u00e9taient l\u00e0, on a eu une protection polici\u00e8re. Du coup il y a<br \/>\neu des paparazzis&#8230; Le pr\u00eate a remerci\u00e9 Cyril qui n&rsquo;\u00e9tait pas l\u00e0.<br \/>\nTout m&rsquo;a touch\u00e9e. <strong>C&rsquo;\u00e9tait le deuxi\u00e8me s\u00e9isme puisque mon<br \/>\nbeau-fr\u00e8re \u00e9tait mort quinze jours avant et j&rsquo;ai perdu un neuveu<br \/>\nsurdou\u00e9<\/strong>.\u00a0\u00bb a confi\u00e9 la journaliste.<\/p>\n<p>Isabelle Morini-Bosc veuve : ces signes apr\u00e8s la mort de son<br \/>\nmari<\/p>\n<p data-start=\"571\" data-end=\"650\">La derni\u00e8re fois que la veuve a<br \/>\nvu son mari, il \u00e9tait transport\u00e9 en urgence \u00e0 l&rsquo;h\u00f4pital Foch.<br \/>\n\u00ab\u00a0<strong>Ce n&rsquo;\u00e9tait pas les meilleures 48h de ma vie. Mon mari<br \/>\nsouffrait et il n&rsquo;\u00e9tait plus conscient, et les gens venaient me<br \/>\ndemander des selfies.<\/strong>\u00a0\u00bb a ajout\u00e9 Isabelle Morini-Bosc.<br \/>\nEt de conclure : \u00ab\u00a0<strong>Quand il est mort, il a fait beau<br \/>\ntoute la semaine, et lui et moi on adorait la neige. Il a commenc\u00e9<br \/>\n\u00e0 neiger au moment des obs\u00e8ques alors qu&rsquo;on \u00e9tait mi-mars. On voit<br \/>\nles signes qu&rsquo;on veut voir. On avait le sentiment qu&rsquo;il \u00e9tait avec<br \/>\nnous.<\/strong>\u00ab\u00a0<\/p>\n","protected":false},"excerpt":{"rendered":"On les a tant vus ensemble dans TPMP, complices au d\u00e9tour d\u2019un fou rire, main dans la main&hellip;\n","protected":false},"author":2,"featured_media":226032,"comment_status":"","ping_status":"","sticky":false,"template":"","format":"standard","meta":{"footnotes":""},"categories":[1359],"tags":[548,58,59,1011,27,16182,973,729],"class_list":{"0":"post-226031","1":"post","2":"type-post","3":"status-publish","4":"format-standard","5":"has-post-thumbnail","7":"category-people","8":"tag-article-simple","9":"tag-divertissement","10":"tag-entertainment","11":"tag-fr","12":"tag-france","13":"tag-isabelle-morini-bosc","14":"tag-people","15":"tag-yout_video"},"share_on_mastodon":{"url":"https:\/\/pubeurope.com\/@fr\/114795900095940419","error":""},"_links":{"self":[{"href":"https:\/\/www.europesays.com\/fr\/wp-json\/wp\/v2\/posts\/226031","targetHints":{"allow":["GET"]}}],"collection":[{"href":"https:\/\/www.europesays.com\/fr\/wp-json\/wp\/v2\/posts"}],"about":[{"href":"https:\/\/www.europesays.com\/fr\/wp-json\/wp\/v2\/types\/post"}],"author":[{"embeddable":true,"href":"https:\/\/www.europesays.com\/fr\/wp-json\/wp\/v2\/users\/2"}],"replies":[{"embeddable":true,"href":"https:\/\/www.europesays.com\/fr\/wp-json\/wp\/v2\/comments?post=226031"}],"version-history":[{"count":0,"href":"https:\/\/www.europesays.com\/fr\/wp-json\/wp\/v2\/posts\/226031\/revisions"}],"wp:featuredmedia":[{"embeddable":true,"href":"https:\/\/www.europesays.com\/fr\/wp-json\/wp\/v2\/media\/226032"}],"wp:attachment":[{"href":"https:\/\/www.europesays.com\/fr\/wp-json\/wp\/v2\/media?parent=226031"}],"wp:term":[{"taxonomy":"category","embeddable":true,"href":"https:\/\/www.europesays.com\/fr\/wp-json\/wp\/v2\/categories?post=226031"},{"taxonomy":"post_tag","embeddable":true,"href":"https:\/\/www.europesays.com\/fr\/wp-json\/wp\/v2\/tags?post=226031"}],"curies":[{"name":"wp","href":"https:\/\/api.w.org\/{rel}","templated":true}]}}