{"id":226033,"date":"2025-07-04T16:26:09","date_gmt":"2025-07-04T16:26:09","guid":{"rendered":"https:\/\/www.europesays.com\/fr\/226033\/"},"modified":"2025-07-04T16:26:09","modified_gmt":"2025-07-04T16:26:09","slug":"larchitecte-qui-a-renove-le-premier-etage-de-la-tour-eiffel-choisi-pour-construire-un-musee-du-cirque-dans-une-ancienne-caserne","status":"publish","type":"post","link":"https:\/\/www.europesays.com\/fr\/226033\/","title":{"rendered":"L&rsquo;architecte qui a r\u00e9nov\u00e9 le premier \u00e9tage de la Tour Eiffel choisi pour construire un mus\u00e9e du cirque dans une ancienne caserne"},"content":{"rendered":"<p class=\"article__intro\">La ville de Ch\u00e2lons-en-Champagne (Marne) a livr\u00e9 ce vendredi 4 juillet les contours de son futur mus\u00e9e du cirque. Ambitieux, ouvert \u00e0 tous, ce mus\u00e9e doit ouvrir en 2029 et co\u00fbtera 32 millions d&rsquo;euros. L&rsquo;architecte choisi a pr\u00e9cis\u00e9 les contours du projet. <\/p>\n<p>\n      L&rsquo;essentiel du jour : notre s\u00e9lection exclusive\n    <\/p>\n<p>\n      Chaque jour, notre r\u00e9daction vous r\u00e9serve le meilleur de l&rsquo;info r\u00e9gionale. Une s\u00e9lection rien que pour vous, pour rester en lien avec vos r\u00e9gions.\n    <\/p>\n<p>    France T\u00e9l\u00e9visions utilise votre adresse e-mail afin de vous envoyer la newsletter \u00ab\u00a0L&rsquo;essentiel du jour : notre s\u00e9lection exclusive\u00a0\u00bb. Vous pouvez vous d\u00e9sinscrire \u00e0 tout moment via le lien en bas de cette newsletter. <a target=\"_blank\" href=\"https:\/\/www.francetelevisions.fr\/groupe\/confidentialite\/politique-de-confidentialite\/politique-de-confidentialite-de-france-televisions-6503\" rel=\"nofollow noopener\">Notre politique de confidentialit\u00e9<\/a><\/p>\n<p>Elle se r\u00eavait en capitale du champagne, ce sera finalement la capitale du cirque. La ville de Ch\u00e2lons-en-Champagne (Marne) a officialis\u00e9 le 4 juillet son vaste projet de mus\u00e9e du cirque attendu pour 2029. Elle qui accueille d\u00e9j\u00e0 <a target=\"_blank\" rel=\"noopener noreferrer nofollow\" href=\"https:\/\/lepalc.fr\/qui-sommes-nous.html\">le p\u00f4le national du cirque<\/a>, le PALC, renforce d\u00e9sormais cette identit\u00e9 circassienne.<\/p>\n<p>Sur 103 candidatures, un cabinet d&rsquo;architecte parisien a \u00e9t\u00e9 retenu pour construire ce gigantesque mus\u00e9e. D&rsquo;ici 2029, Alain Moatti sera le chef d&rsquo;orchestre de la construction de cet \u00e9tablissement qui se veut unique au monde. Un projet ambitieux pour retrouver ou r\u00e9v\u00e9ler une nouvelle identit\u00e9 pour cette ville situ\u00e9e \u00e0 moins d&rsquo;une heure de Reims. \u00ab\u00a0C&rsquo;est n\u00e9 d&rsquo;une rencontre entre un lieu et un programme\u00a0\u00bb. L&rsquo;architecte choisi ne connaissait pas cette ville, aujourd&rsquo;hui d\u00e9sert\u00e9e par les militaires, jadis nombreux dans les casernes.<\/p>\n<p>Ce futur mus\u00e9e du cirque veut offrir un espace vivant de spectacle d\u00e9di\u00e9 au cirque avec des artistes \u00e0 l&rsquo;int\u00e9rieur. \u00ab\u00a0C&rsquo;est unique, car on allie mus\u00e9e et lieu de vie artistique\u00a0\u00bb, pr\u00e9cise l&rsquo;architecte. Le b\u00e2timent se veut \u00ab\u00a0iconique\u00a0\u00bb. \u00c0 la fois ouvert et entour\u00e9 de grands rideaux blancs qui ferment le volume du b\u00e2timent. Un hommage \u00e0 Picasso, et au spectacle, pour \u00e9chapper \u00e0 l&rsquo;apesanteur. Le gabarit du mus\u00e9e r\u00e9pondra aux autres b\u00e2timents du site, une ancienne caserne militaire. L&rsquo;acoustique sera \u00e9galement un point fort du mus\u00e9e.<\/p>\n<p>Un mus\u00e9e unique au monde selon les promoteurs du lieu. \u00ab\u00a0Il y aura une collection extraordinaire avec une visite dynamique. Car le corps du visiteur sera engag\u00e9, il d\u00e9couvrira les arts du cirque de la loge \u00e0 l&rsquo;\u00e9quilibriste. C&rsquo;est un d\u00e9fi de cr\u00e9er ce genre de mus\u00e9e. Les mus\u00e9es qui existent sont conventionnels. La sc\u00e9nographie sera pens\u00e9e pour \u00eatre vivante\u00a0\u00bb, selon les architectes du projet. L&rsquo;enjeu d&rsquo;un lieu comme celui-ci, c&rsquo;est que le visiteur ait envie de rester et de partager son \u00e9motion.<\/p>\n<p>L&rsquo;architecte a dans son palmar\u00e8s le r\u00e9am\u00e9nagement d&rsquo;un pavillon au premier \u00e9tage de la Tour Eiffel \u00e0 Paris. Avec des contraintes monumentales sur une surface totale de 4260 m2. Gage de s\u00e9rieux pour la ville de Ch\u00e2lons qui souhaite par ce projet, illustrer son renouveau, tourn\u00e9 vers la culture et les arts du cirque. Elle accueille d\u00e9j\u00e0 le centre national des arts du cirque.<\/p>\n<p>La facture d&rsquo;un tel projet est \u00e9lev\u00e9e : 32 millions d&rsquo;euros. Livraison en 2029, si tout va bien. \u00ab\u00a0On a voulu trois fonctions : patrimoniale, cr\u00e9ation et diffusion, pr\u00e9cise le maire de Ch\u00e2lons-en-Champagne. On souhaite m\u00e9langer ces fonctions, pour une approche diff\u00e9rente. On m\u00eale l&rsquo;histoire et la cr\u00e9ation. Le spectateur pourra d\u00e9couvrir des \u0153uvres \u00e0 la fois historiques et actuelles\u00a0\u00bb. Le festival Furie \u00e9volue des arts de la rue vers le cirque. Notre volont\u00e9 avec la R\u00e9gion et l&rsquo;Etat c&rsquo;est d&rsquo;aller plus loin et associer l&rsquo;ensemble de la population du secteur avec une dimension de cirque social, d&rsquo;\u00e9ducation, et d&rsquo;amateurs. Avec la possibilit\u00e9 des accueils des artistes, les loger&#8230;<\/p>\n<p>Les habitants de la r\u00e9gion seront aussi invit\u00e9s \u00e0 vivre cette identit\u00e9 circassienne, esp\u00e8re l&rsquo;\u00e9lu local. D&rsquo;o\u00f9 la volont\u00e9 d&rsquo;une programmation populaire et d&rsquo;en faire un lieu d&rsquo;excellence. Le nouveau b\u00e2timent devra \u00eatre la proue du projet. Une dizaine d&#8217;emplois seront cr\u00e9\u00e9s pour faire fonctionner le site. Cela va g\u00e9n\u00e9rer en revanche de l\u2019activit\u00e9 \u00e9conomique, assure le maire. Les travaux doivent commencer au d\u00e9but de l&rsquo;ann\u00e9e 2028.<\/p>\n","protected":false},"excerpt":{"rendered":"La ville de Ch\u00e2lons-en-Champagne (Marne) a livr\u00e9 ce vendredi 4 juillet les contours de son futur mus\u00e9e du&hellip;\n","protected":false},"author":2,"featured_media":226034,"comment_status":"","ping_status":"","sticky":false,"template":"","format":"standard","meta":{"footnotes":""},"categories":[1358],"tags":[1348,1384,1385,1386,58,59,1011,27],"class_list":{"0":"post-226033","1":"post","2":"type-post","3":"status-publish","4":"format-standard","5":"has-post-thumbnail","7":"category-arts-et-design","8":"tag-arts","9":"tag-arts-and-design","10":"tag-arts-et-design","11":"tag-design","12":"tag-divertissement","13":"tag-entertainment","14":"tag-fr","15":"tag-france"},"share_on_mastodon":{"url":"https:\/\/pubeurope.com\/@fr\/114795904172833793","error":""},"_links":{"self":[{"href":"https:\/\/www.europesays.com\/fr\/wp-json\/wp\/v2\/posts\/226033","targetHints":{"allow":["GET"]}}],"collection":[{"href":"https:\/\/www.europesays.com\/fr\/wp-json\/wp\/v2\/posts"}],"about":[{"href":"https:\/\/www.europesays.com\/fr\/wp-json\/wp\/v2\/types\/post"}],"author":[{"embeddable":true,"href":"https:\/\/www.europesays.com\/fr\/wp-json\/wp\/v2\/users\/2"}],"replies":[{"embeddable":true,"href":"https:\/\/www.europesays.com\/fr\/wp-json\/wp\/v2\/comments?post=226033"}],"version-history":[{"count":0,"href":"https:\/\/www.europesays.com\/fr\/wp-json\/wp\/v2\/posts\/226033\/revisions"}],"wp:featuredmedia":[{"embeddable":true,"href":"https:\/\/www.europesays.com\/fr\/wp-json\/wp\/v2\/media\/226034"}],"wp:attachment":[{"href":"https:\/\/www.europesays.com\/fr\/wp-json\/wp\/v2\/media?parent=226033"}],"wp:term":[{"taxonomy":"category","embeddable":true,"href":"https:\/\/www.europesays.com\/fr\/wp-json\/wp\/v2\/categories?post=226033"},{"taxonomy":"post_tag","embeddable":true,"href":"https:\/\/www.europesays.com\/fr\/wp-json\/wp\/v2\/tags?post=226033"}],"curies":[{"name":"wp","href":"https:\/\/api.w.org\/{rel}","templated":true}]}}