{"id":226037,"date":"2025-07-04T16:28:19","date_gmt":"2025-07-04T16:28:19","guid":{"rendered":"https:\/\/www.europesays.com\/fr\/226037\/"},"modified":"2025-07-04T16:28:19","modified_gmt":"2025-07-04T16:28:19","slug":"joel-cash-sur-son-avenir-dans-tout-le-monde-veut-prendre-sa-place-video","status":"publish","type":"post","link":"https:\/\/www.europesays.com\/fr\/226037\/","title":{"rendered":"Jo\u00ebl cash sur son avenir dans Tout le monde veut prendre sa place (VIDEO)"},"content":{"rendered":"<p>Arriv\u00e9 en janvier dernier dans le fauteuil rouge de Tout le monde veut prendre sa place, Jo\u00ebl a \u00e9voqu\u00e9 sans d\u00e9tour son \u00e9limination du jeu de Cyril F\u00e9raud ce vendredi 4 juillet.<\/p>\n<p>Depuis janvier, Jo\u00ebl fait un sans-faute dans <a href=\"https:\/\/www.programme-tv.net\/news\/tv\/378881-joel-tout-le-monde-veut-prendre-sa-place-devoile-le-champion-des-12-coups-de-midi-quil-reve-daffronter-et-ce-nest-pas-emilien\/\" data-api-deeplink=\"teleloisirs:\/\/news\/378881\" target=\"_blank\" rel=\"noopener\">Tout le monde veut prendre sa place<\/a>. Le 29 juin dernier, le candidat a remport\u00e9 sa 153e victoire, s&rsquo;inscrivant \u00e0 la deuxi\u00e8me place des champions de l\u2019histoire du jeu t\u00e9l\u00e9 de France 2. L&rsquo;ancien conducteur de TGV<a href=\"https:\/\/www.programme-tv.net\/news\/tv\/382184-tout-le-monde-veut-prendre-sa-place-joel-touche-et-surpris-par-les-compliments-de-julien-le-deuxieme-plus-grand-champion-du-jeu-quil-vient-de-depasser\/\" data-api-deeplink=\"teleloisirs:\/\/news\/382184\" target=\"_blank\" rel=\"noopener\"> est ainsi parvenu \u00e0 d\u00e9passer un autre champion : Julien.<\/a> Ce vendredi 4 juillet, Jo\u00ebl est une nouvelle fois parvenu \u00e0 conserver le fauteuil rouge de Tout le monde veut prendre sa place face \u00e0 six candidats. Il comptabilise d\u00e9sormais dans sa cagnotte 158 600 euros en 159 victoires.<\/p>\n<p>\u00ab\u00a0Ce sera la derni\u00e8re fois. C&rsquo;est comme \u00e7a\u00a0\u00bb : Jo\u00ebl \u00e9voque son avenir dans Tout le monde veut prendre sa place<\/p>\n<p>Un sans-faute, mais jusqu&rsquo;\u00e0 quand ? \u00ab\u00a0Hier, en finale, il a r\u00e9ussi le Grand Chelem, c&rsquo;est-\u00e0-dire les 30 points, que des questions &lsquo;cash&rsquo;. \u00c7a, c&rsquo;est des victoires qui ont un go\u00fbt particulier\u00a0\u00bb, a lanc\u00e9 Cyril F\u00e9raud, <a href=\"https:\/\/www.programme-tv.net\/news\/tv\/382631-le-meme-succes-que-100-logique-cyril-feraud-evoque-le-nouveau-jeu-familial-qu-il-animera-a-la-rentree-sur-france-2\/\" data-api-deeplink=\"teleloisirs:\/\/news\/382631\" target=\"_blank\" rel=\"noopener\">qui animera un nouveau jeu familial \u00e0 la rentr\u00e9e<\/a>. Face \u00e0 l&rsquo;animateur, le champion actuel a alors \u00e9voqu\u00e9 son avenir dans le jeu. \u00ab\u00a0Oui, \u00e7a fait plaisir. Pour l&rsquo;ego, c&rsquo;est sympa\u00a0\u00bb, a d\u00e9clar\u00e9 Jo\u00ebl avant d&rsquo;ajouter : \u00ab\u00a0Les gens s&rsquo;imaginent que c&rsquo;est facile, mais non. C&rsquo;est jamais facile. On remet le titre en jeu. Il y a toujours de l&rsquo;enjeu. Il faut gagner\u00a0\u00bb. \u00ab\u00a0Quand vous quittez le fauteuil, justement, pour venir jouer la finale, vous vous dites, il y a quand m\u00eame une chance que je ne le r\u00e9cup\u00e8re pas ?\u00a0\u00bb, a demand\u00e9 l&rsquo;animateur. Ce \u00e0 quoi le champion a r\u00e9pondu sans d\u00e9tour : <b>\u00ab\u00a0Bien s\u00fbr, c&rsquo;est peut-\u00eatre la derni\u00e8re fois. Et un moment, ce sera la derni\u00e8re fois. C&rsquo;est comme \u00e7a\u00a0\u00bb. <\/b><\/p>\n<p>                        Jo\u00ebl compliment\u00e9 par le deuxi\u00e8me plus grand champion de Tout le monde veut prendre sa place<\/p>\n<p>Le 29 juin, <a href=\"https:\/\/www.programme-tv.net\/news\/tv\/382184-tout-le-monde-veut-prendre-sa-place-joel-touche-et-surpris-par-les-compliments-de-julien-le-deuxieme-plus-grand-champion-du-jeu-quil-vient-de-depasser\/\" data-api-deeplink=\"teleloisirs:\/\/news\/382184\" target=\"_blank\" rel=\"noopener\">Jo\u00ebl a re\u00e7u les compliments de Julien<\/a>, d\u00e9sormais troisi\u00e8me plus grand champion du jeu. \u00ab\u00a0Je suis tr\u00e8s content de lui c\u00e9der la place, a-t-il commenc\u00e9. D\u2019une part parce que je suis \u00e9pat\u00e9 de son niveau de culture dans des domaines tr\u00e8s vari\u00e9s. Et, ce qui ne g\u00e2che rien, je le trouve depuis le d\u00e9but \u00e9minemment sympathique\u00a0\u00bb, a-t-il d\u00e9clar\u00e9 au t\u00e9l\u00e9phone avant d&rsquo;ajouter : \u00ab\u00a0Et d\u2019avoir un champion dont on se dit quand on le voit qu\u2019on irait bien boire un coup avec lui, ce n\u2019est pas d\u00e9sagr\u00e9able.\u00a0\u00bb<\/p>\n","protected":false},"excerpt":{"rendered":"Arriv\u00e9 en janvier dernier dans le fauteuil rouge de Tout le monde veut prendre sa place, Jo\u00ebl a&hellip;\n","protected":false},"author":2,"featured_media":226038,"comment_status":"","ping_status":"","sticky":false,"template":"","format":"standard","meta":{"footnotes":""},"categories":[1356],"tags":[244,12119,58,59,1011,27,594,14497,252,12120,1364,1421],"class_list":{"0":"post-226037","1":"post","2":"type-post","3":"status-publish","4":"format-standard","5":"has-post-thumbnail","7":"category-television","8":"tag-commentaire","9":"tag-cyril-fu00e9raud","10":"tag-divertissement","11":"tag-entertainment","12":"tag-fr","13":"tag-france","14":"tag-france-2","15":"tag-jou00ebl-tout-le-monde-veut-prendre-sa-place","16":"tag-television","17":"tag-tout-le-monde-veut-prendre-sa-place","18":"tag-tv","19":"tag-zap"},"share_on_mastodon":{"url":"https:\/\/pubeurope.com\/@fr\/114795911947032435","error":""},"_links":{"self":[{"href":"https:\/\/www.europesays.com\/fr\/wp-json\/wp\/v2\/posts\/226037","targetHints":{"allow":["GET"]}}],"collection":[{"href":"https:\/\/www.europesays.com\/fr\/wp-json\/wp\/v2\/posts"}],"about":[{"href":"https:\/\/www.europesays.com\/fr\/wp-json\/wp\/v2\/types\/post"}],"author":[{"embeddable":true,"href":"https:\/\/www.europesays.com\/fr\/wp-json\/wp\/v2\/users\/2"}],"replies":[{"embeddable":true,"href":"https:\/\/www.europesays.com\/fr\/wp-json\/wp\/v2\/comments?post=226037"}],"version-history":[{"count":0,"href":"https:\/\/www.europesays.com\/fr\/wp-json\/wp\/v2\/posts\/226037\/revisions"}],"wp:featuredmedia":[{"embeddable":true,"href":"https:\/\/www.europesays.com\/fr\/wp-json\/wp\/v2\/media\/226038"}],"wp:attachment":[{"href":"https:\/\/www.europesays.com\/fr\/wp-json\/wp\/v2\/media?parent=226037"}],"wp:term":[{"taxonomy":"category","embeddable":true,"href":"https:\/\/www.europesays.com\/fr\/wp-json\/wp\/v2\/categories?post=226037"},{"taxonomy":"post_tag","embeddable":true,"href":"https:\/\/www.europesays.com\/fr\/wp-json\/wp\/v2\/tags?post=226037"}],"curies":[{"name":"wp","href":"https:\/\/api.w.org\/{rel}","templated":true}]}}