{"id":226043,"date":"2025-07-04T16:31:09","date_gmt":"2025-07-04T16:31:09","guid":{"rendered":"https:\/\/www.europesays.com\/fr\/226043\/"},"modified":"2025-07-04T16:31:09","modified_gmt":"2025-07-04T16:31:09","slug":"burn-lines-cest-quoi-cette-nouvelle-tendance-tiktok-dangereuse-qui-consiste-a-se-bruler-la-peau-pour-bronzer","status":"publish","type":"post","link":"https:\/\/www.europesays.com\/fr\/226043\/","title":{"rendered":"\u00ab Burn lines \u00bb : c\u2019est quoi cette nouvelle tendance TikTok dangereuse, qui consiste \u00e0 se br\u00fbler la peau pour bronzer"},"content":{"rendered":"<p class=\"paragraph text_align_left lp-f-body-02\">Un nouveau challenge alarmant sur TikTok. Apr\u00e8s le <a href=\"https:\/\/www.leparisien.fr\/societe\/une-americaine-de-19-ans-meurt-en-suivant-une-tendance-tiktok-qui-consiste-a-inhaler-du-spray-pour-clavier-dordinateur-07-06-2025-QYQJ5KHCCBARRI7KB5NENCQ7NU.php\" target=\"_blank\" rel=\"noreferrer nofollow noopener\">spray pour clavier d\u2019ordinateurs<\/a>, le \u00ab <a href=\"https:\/\/www.leparisien.fr\/faits-divers\/le-blackout-challenge-pointe-du-doigt-apres-la-mort-dun-garcon-de-12-ans-en-angleterre-01-07-2025-TZZRUHLK7BGKJM4XBRIHKIC7JQ.php\" target=\"_blank\" rel=\"noreferrer nofollow noopener\">blackout challenge<\/a> \u00bb, ou encore le \u00ab face taping \u00bb, une nouvelle tendance non sans danger a fait son apparition sur le r\u00e9seau social chinois : avoir des \u00ab Burn lines \u00bb.<\/p>\n<p class=\"paragraph text_align_left lp-f-body-02\">Cette nouvelle \u00ab trend \u00bb consiste \u00e0 se provoquer intentionnellement des br\u00fblures sur la peau pour voir appara\u00eetre des traces de <a href=\"https:\/\/www.leparisien.fr\/societe\/sante\/vacances-dete-coup-de-soleil-cabines-uv-et-gelules-permettent-ils-de-mieux-bronzer-16-07-2024-QDWNRXA3QZG6LHJMPPQPTNMZOQ.php\" target=\"_blank\" rel=\"noreferrer nofollow noopener\">bronzage<\/a> sur son son corps. Si la plupart des gens aiment para\u00eetre bronz\u00e9s, de nombreux utilisateurs, en particulier des jeunes filles, glorifient les marques de bronzage et encouragent une exposition irresponsable au soleil pour obtenir un \u00ab look br\u00fbl\u00e9e \u00bb.<\/p>\n<p>Une \u00ab routine de bronzage \u00bb<\/p>\n<p class=\"paragraph text_align_left lp-f-body-02\">Pour y parvenir, elles s\u2019exposent au soleil de mani\u00e8re irresponsable lorsque l\u2019indice UV est \u00e9lev\u00e9, bien souvent en appliquant de l\u2019huile auto-bronzante, alors que leur peau n\u2019y est visiblement pas pr\u00e9par\u00e9e. Elles n\u2019h\u00e9sitent pas ensuite \u00e0 partager sur TikTok leur \u00ab routine de bronzage \u00bb, comme le fait de sortir lorsque l\u2019indice UV est compris entre 7 et 11, et se montrent satisfaites de leurs coups de soleil qu\u2019elles qualifient de \u00ab bronzage en attente \u00bb.<\/p>\n<p class=\"paragraph text_align_left lp-f-body-02\">Face \u00e0 ce ph\u00e9nom\u00e8ne dangereux pour la peau, la Fondation des Br\u00fbl\u00e9s, une association belge, a tenu \u00e0 rappeler que cette pratique n\u2019est pas sans risque. \u00ab Les br\u00fblures ne sont pas une forme d\u2019art, mais des blessures graves aux cons\u00e9quences \u00e0 vie \u00bb, pr\u00e9vient Stefaan Lauwaert, administrateur d\u00e9l\u00e9gu\u00e9 de la Fondation des Br\u00fbl\u00e9s cit\u00e9 par <a href=\"https:\/\/www.lalibre.be\/belgique\/societe\/2025\/07\/03\/la-fondation-des-brules-met-en-garde-contre-une-trend-inquietante-sur-tiktok-de-nombreux-jeunes-se-brulent-avec-des-burn-lines-videos-MLHOCJUIYJAIFCRL2CH3BWHVEE\/\" target=\"_blank\" rel=\"noreferrer nofollow noopener\">La Libre<\/a>. \u00ab Nous devons prendre ce comportement au s\u00e9rieux et encadrer les jeunes avant que cela ne d\u00e9g\u00e9n\u00e8re \u00bb, poursuit-il.<\/p>\n<p class=\"paragraph text_align_left lp-f-body-02\">En effet, une exposition au soleil irresponsable \u00ab provoque des coups de soleil, un vieillissement pr\u00e9matur\u00e9, des allergies et, dans les cas les plus graves, des <a href=\"https:\/\/www.leparisien.fr\/societe\/sante\/lobjectif-reduire-la-mortalite-de-cette-maladie-quand-des-robots-aident-a-deceler-des-cancers-de-la-peau-29-09-2024-T2DTDX6H7FDCDJGLMARYW7MBGQ.php\" target=\"_blank\" rel=\"noreferrer nofollow noopener\">cancers<\/a> \u00bb, alerte le minist\u00e8re de la Sant\u00e9. \u00ab Pour les yeux, des l\u00e9sions graves peuvent appara\u00eetre \u00e0 court terme comme une ophtalmie ou \u00e0 plus long terme, comme la cataracte ou les d\u00e9g\u00e9n\u00e9rescences de la r\u00e9tine \u00bb, rappelle \u00e9galement le site du minist\u00e8re.<\/p>\n<p>Attention au cancer de la peau<\/p>\n<p class=\"paragraph text_align_left lp-f-body-02\">\u00ab Ce comportement est dangereux car les jeunes s\u2019exposent volontairement aux rayons UV nocifs et s\u2019exposent ainsi \u00e0 un risque accru de d\u00e9velopper un cancer de la peau \u00bb, commentait aupr\u00e8s d\u2019<a href=\"https:\/\/www.abc.net.au\/news\/2025-01-04\/dangerous-tiktok-tanning-uv-levels-trend\/104776700\" target=\"_blank\" rel=\"noreferrer nofollow noopener\">ABC<\/a> l\u2019Australien Mark Nevin, PDG du Cancer Council, lorsque la tendance a touch\u00e9 l\u2019Australie en d\u00e9but d\u2019ann\u00e9e. Dans ce pays o\u00f9 la culture glorifie le bronzage, le gouvernement a lanc\u00e9 une campagne baptis\u00e9e \u00ab <a href=\"https:\/\/www.cancer.org.au\/end-the-trend\" target=\"_blank\" rel=\"noreferrer nofollow noopener\">End The Trend<\/a> \u00bb, qui appelait les Australiens \u00e0 cesser de banaliser le bronzage via cette tendance.<\/p>\n<p class=\"paragraph text_align_left lp-f-body-02\">En effet, la visibilit\u00e9 sur <a href=\"https:\/\/www.leparisien.fr\/societe\/famille\/y-a-t-il-un-probleme-specifique-a-tiktok-pourquoi-les-deputes-enquetent-sur-les-derives-du-reseau-social-27-03-2025-U4TBHTCY4VEBBCEI2BHUHELOCM.php\" target=\"_blank\" rel=\"noreferrer nofollow noopener\">TikTok<\/a> d\u2019une telle tendance favorise sa diffusion rapide et expose le jeune public \u00e0 ces dangers en banalisant le ph\u00e9nom\u00e8ne.<\/p>\n<p class=\"paragraph text_align_left lp-f-body-02\">Pour mettre fin \u00e0 cette tendance, la Fondation des Br\u00fbl\u00e9s propose aux parents des enfants concern\u00e9s de parler avec les jeunes de leur comportement en ligne, d\u2019activer le contr\u00f4le parental sur TikTok et d\u2019\u00eatre vigilant quant aux signes d\u2019automutilation chez leurs enfants.<\/p>\n","protected":false},"excerpt":{"rendered":"Un nouveau challenge alarmant sur TikTok. Apr\u00e8s le spray pour clavier d\u2019ordinateurs, le \u00ab blackout challenge \u00bb, ou&hellip;\n","protected":false},"author":2,"featured_media":226044,"comment_status":"","ping_status":"","sticky":false,"template":"","format":"standard","meta":{"footnotes":""},"categories":[10],"tags":[1011,27,72,71,104],"class_list":{"0":"post-226043","1":"post","2":"type-post","3":"status-publish","4":"format-standard","5":"has-post-thumbnail","7":"category-sante","8":"tag-fr","9":"tag-france","10":"tag-health","11":"tag-sante","12":"tag-societe"},"share_on_mastodon":{"url":"https:\/\/pubeurope.com\/@fr\/114795923593307147","error":""},"_links":{"self":[{"href":"https:\/\/www.europesays.com\/fr\/wp-json\/wp\/v2\/posts\/226043","targetHints":{"allow":["GET"]}}],"collection":[{"href":"https:\/\/www.europesays.com\/fr\/wp-json\/wp\/v2\/posts"}],"about":[{"href":"https:\/\/www.europesays.com\/fr\/wp-json\/wp\/v2\/types\/post"}],"author":[{"embeddable":true,"href":"https:\/\/www.europesays.com\/fr\/wp-json\/wp\/v2\/users\/2"}],"replies":[{"embeddable":true,"href":"https:\/\/www.europesays.com\/fr\/wp-json\/wp\/v2\/comments?post=226043"}],"version-history":[{"count":0,"href":"https:\/\/www.europesays.com\/fr\/wp-json\/wp\/v2\/posts\/226043\/revisions"}],"wp:featuredmedia":[{"embeddable":true,"href":"https:\/\/www.europesays.com\/fr\/wp-json\/wp\/v2\/media\/226044"}],"wp:attachment":[{"href":"https:\/\/www.europesays.com\/fr\/wp-json\/wp\/v2\/media?parent=226043"}],"wp:term":[{"taxonomy":"category","embeddable":true,"href":"https:\/\/www.europesays.com\/fr\/wp-json\/wp\/v2\/categories?post=226043"},{"taxonomy":"post_tag","embeddable":true,"href":"https:\/\/www.europesays.com\/fr\/wp-json\/wp\/v2\/tags?post=226043"}],"curies":[{"name":"wp","href":"https:\/\/api.w.org\/{rel}","templated":true}]}}