{"id":226046,"date":"2025-07-04T16:33:10","date_gmt":"2025-07-04T16:33:10","guid":{"rendered":"https:\/\/www.europesays.com\/fr\/226046\/"},"modified":"2025-07-04T16:33:10","modified_gmt":"2025-07-04T16:33:10","slug":"la-nouvelle-version-dintervilles-a-decu-les-telespectateurs-cest-un-massacre","status":"publish","type":"post","link":"https:\/\/www.europesays.com\/fr\/226046\/","title":{"rendered":"La nouvelle version d'\u00a0\u00bbIntervilles\u00a0\u00bb a d\u00e9\u00e7u les t\u00e9l\u00e9spectateurs: \u00ab\u00a0C&rsquo;est un massacre\u00a0\u00bb"},"content":{"rendered":"<p class=\"ap-StoryElement ap-StoryElement--mb js-paywall-target ap-StoryText\">Pour France T\u00e9l\u00e9visions, ce <a href=\"https:\/\/www.lalibre.be\/culture\/medias-tele\/2022\/11\/16\/nagui-va-relancer-intervilles-sur-france-2-XQVB3BSMJJANXOSUJPD55J4XCU\/\" target=\"_blank\" rel=\"nofollow noopener\">retour <\/a>est donc une r\u00e9ussite. Mais, du c\u00f4t\u00e9 des t\u00e9l\u00e9spectateurs, ce sentiment n&rsquo;est pas vraiment partag\u00e9. Sur X, les internautes ont clairement partag\u00e9 leur d\u00e9ception face \u00e0 la nouvelle version d&rsquo;Intervilles pr\u00e9sent\u00e9e par Nagui et son \u00e9quipe, \u00e0 savoir Bruno Guillon, Yoann Riou, Val\u00e9rie B\u00e8gue, Magali Ripoll et Camille Cerf. Si beaucoup regrettent l&rsquo;ancien g\u00e9n\u00e9rique de l&rsquo;\u00e9mission ou encore l&rsquo;absence de la vachette, ils sont \u00e9galement nombreux \u00e0 ne pas avoir \u00e9t\u00e9 convaincu par le nouveau d\u00e9cor du jeu t\u00e9l\u00e9, le comparant notamment au \u00ab\u00a0d\u00e9cor d&rsquo;une kermesse de village\u00a0\u00bb. \u00ab\u00a0Grosse d\u00e9ception des t\u00e9l\u00e9spectateurs pour le grand retour d&rsquo;Intervilles qui \u00ab\u00a0ressemble plus a une f\u00eate de village lowcost\u00a0\u00bb qu&rsquo;\u00e0 une production digne de France T\u00e9l\u00e9visions\u00a0\u00bb, peut-on \u00e9galement lire sur le r\u00e9seau social.<\/p>\n<p class=\"ap-StoryElement ap-StoryElement--mb ap-StoryText\">Pour nombreux d&rsquo;entre eux, c&rsquo;\u00e9tait mieux avant ! \u00ab\u00a0Mon dieu que c&rsquo;est ringard la version 2025 d&rsquo;Intervilles ! \u00c7a a sa place sur Gulli, pas sur France 2\u00a0\u00bb, \u00ab\u00a0Alors oui, on retrouve un peu l&rsquo;\u00e9nergie du vrai Intervilles, tout n&rsquo;est pas n\u00e9gatif. Mais bordel \u00e7a manque de rythme, de vachette, de piscine, de shalala, de show, de test \u00e9preuves par Bruno, Nagui &amp; les filles, puis \u00e7a manque d&rsquo;un vrai cadre iconique comme des ar\u00e8nes\u2026\u00a0\u00bb, \u00ab\u00a0Le France T\u00e9l\u00e9visions des ann\u00e9es 2000, je kiffais ! Je kiffais mon enfance ! O\u00f9 sont pass\u00e9es ces \u00e9missions de qualit\u00e9s et le Intervilles des ann\u00e9es 2000 ? La t\u00e9l\u00e9 est vide, les \u00e9missions sont moroses, FTV me d\u00e9\u00e7oit, les audiences pour l&rsquo;Intervilles 2025 seront catastrophiques\u00a0\u00bb, \u00ab\u00a0\u00c9videmment, c&rsquo;\u00e9tait \u00e0 pr\u00e9voir, c&rsquo;est un massacre. On dirait les r\u00e9p\u00e9titions. Nagui a encore d\u00e9truit un projet qui aurait pu cartonner en n&rsquo;y changeant rien\u00a0\u00bb, lit-on sur X.<\/p>\n<p><a href=\"https:\/\/www.lalibre.be\/culture\/medias-tele\/2025\/01\/03\/nagui-poursuit-son-engagement-contre-le-retour-des-vachettes-dans-intervilles-jen-ai-vu-une-mourir-sur-le-plateau-YSO2KRMFGVHYVABXHTQJ6JOEFA\/\" target=\"_blank\" rel=\"noopener noreferrer nofollow\" class=\"ap-StoryInterstitialLink ap-StoryElement ap-StoryElement--mb\">Nagui poursuit son engagement contre le retour des vachettes dans Intervilles : \u00ab\u00a0j&rsquo;en ai vu une mourir sur le plateau\u00a0\u00bb<\/a><\/p>\n<p class=\"ap-StoryElement ap-StoryElement--mb ap-StoryText\">Enfin, l&rsquo;\u00e9quipe de pr\u00e9sentateurs n&rsquo;a pas non plus rencontr\u00e9 un grand succ\u00e8s aupr\u00e8s des plus nostalgiques. \u00ab\u00a0Ils sont incapables de donner une impulsion au jeu ! On voit qu&rsquo;ils n&rsquo;y croient pas ! Les candidats des villes ne les int\u00e9ressent pas ! Ce sont des bobos parisiens qui cachetonnent ! Quelle nullit\u00e9 !\u00a0\u00bb, peut-on, par exemple, lire sur X.<\/p>\n<p class=\"ap-StoryElement ap-StoryElement--mb ap-StoryText\">Les t\u00e9l\u00e9spectateurs seront-ils aussi nombreux derri\u00e8re le petit \u00e9cran pour le deuxi\u00e8me num\u00e9ro de cette nouvelle mouture ? R\u00e9ponse jeudi prochain.<\/p>\n","protected":false},"excerpt":{"rendered":"Pour France T\u00e9l\u00e9visions, ce retour est donc une r\u00e9ussite. Mais, du c\u00f4t\u00e9 des t\u00e9l\u00e9spectateurs, ce sentiment n&rsquo;est pas&hellip;\n","protected":false},"author":2,"featured_media":226047,"comment_status":"","ping_status":"","sticky":false,"template":"","format":"standard","meta":{"footnotes":""},"categories":[8],"tags":[58,59,1011,27,28148,10477,252],"class_list":{"0":"post-226046","1":"post","2":"type-post","3":"status-publish","4":"format-standard","5":"has-post-thumbnail","7":"category-divertissement","8":"tag-divertissement","9":"tag-entertainment","10":"tag-fr","11":"tag-france","12":"tag-intervilles","13":"tag-nagui","14":"tag-television"},"share_on_mastodon":{"url":"https:\/\/pubeurope.com\/@fr\/114795931618689185","error":""},"_links":{"self":[{"href":"https:\/\/www.europesays.com\/fr\/wp-json\/wp\/v2\/posts\/226046","targetHints":{"allow":["GET"]}}],"collection":[{"href":"https:\/\/www.europesays.com\/fr\/wp-json\/wp\/v2\/posts"}],"about":[{"href":"https:\/\/www.europesays.com\/fr\/wp-json\/wp\/v2\/types\/post"}],"author":[{"embeddable":true,"href":"https:\/\/www.europesays.com\/fr\/wp-json\/wp\/v2\/users\/2"}],"replies":[{"embeddable":true,"href":"https:\/\/www.europesays.com\/fr\/wp-json\/wp\/v2\/comments?post=226046"}],"version-history":[{"count":0,"href":"https:\/\/www.europesays.com\/fr\/wp-json\/wp\/v2\/posts\/226046\/revisions"}],"wp:featuredmedia":[{"embeddable":true,"href":"https:\/\/www.europesays.com\/fr\/wp-json\/wp\/v2\/media\/226047"}],"wp:attachment":[{"href":"https:\/\/www.europesays.com\/fr\/wp-json\/wp\/v2\/media?parent=226046"}],"wp:term":[{"taxonomy":"category","embeddable":true,"href":"https:\/\/www.europesays.com\/fr\/wp-json\/wp\/v2\/categories?post=226046"},{"taxonomy":"post_tag","embeddable":true,"href":"https:\/\/www.europesays.com\/fr\/wp-json\/wp\/v2\/tags?post=226046"}],"curies":[{"name":"wp","href":"https:\/\/api.w.org\/{rel}","templated":true}]}}