{"id":226050,"date":"2025-07-04T16:35:10","date_gmt":"2025-07-04T16:35:10","guid":{"rendered":"https:\/\/www.europesays.com\/fr\/226050\/"},"modified":"2025-07-04T16:35:10","modified_gmt":"2025-07-04T16:35:10","slug":"niel-et-riner-deboutes-le-coq-sportif-va-etre-repris-par-lhomme-daffaires-franco-suisse-dan-mamane-liberation","status":"publish","type":"post","link":"https:\/\/www.europesays.com\/fr\/226050\/","title":{"rendered":"Niel et Riner d\u00e9bout\u00e9s, le Coq sportif va \u00eatre repris par l\u2019homme d\u2019affaires franco-suisse Dan Mamane \u2013 Lib\u00e9ration"},"content":{"rendered":"<p class=\"sc-ksZaOG ehjQrN text-element\">C\u2019est finalement Dan Mamane, homme d\u2019affaires franco-suisse install\u00e9 \u00e0 Duba\u00ef et connu pour ses op\u00e9rations de reprise d\u2019entreprises en difficult\u00e9, qui va reprendre le Coq sportif. Le tribunal des affaires \u00e9conomiques de Paris a tranch\u00e9 ce vendredi 4\u00a0juillet entre les deux offres visant \u00e0 pr\u00e9server la marque tricolore de v\u00eatements de sport, qui a r\u00e9cemment <a href=\"https:\/\/www.liberation.fr\/lifestyle\/mode\/jo-de-paris-2024-cocarde-cool-pour-les-tenues-des-athletes-francais-20240116_6NL2OKLF5NFTTDIFX45VRTZIYQ\/\" target=\"_blank\" rel=\"noreferrer nofollow noopener\" title=\"https:\/\/www.liberation.fr\/lifestyle\/mode\/jo-de-paris-2024-cocarde-cool-pour-les-tenues-des-athletes-francais-20240116_6NL2OKLF5NFTTDIFX45VRTZIYQ\/\">habill\u00e9 la d\u00e9l\u00e9gation fran\u00e7aise lors des Jeux olympiques<\/a> de Paris. L\u2019entreprise fond\u00e9e en\u00a01882 et ses quelque 360 salari\u00e9s, dont 150 dans <a href=\"https:\/\/www.liberation.fr\/lifestyle\/mode\/dans-laube-le-coq-sportif-se-remplume-20220323_FFK4BNPRLVGYBBMIKD52DT5U6Q\/\" target=\"_blank\" rel=\"noreferrer nofollow noopener\" title=\"https:\/\/www.liberation.fr\/lifestyle\/mode\/dans-laube-le-coq-sportif-se-remplume-20220323_FFK4BNPRLVGYBBMIKD52DT5U6Q\/\">son usine de Romilly-sur-Seine (Aube)<\/a>, \u00e9taient en p\u00e9ril. Entre 60 et 70\u00a0millions d\u2019euros de dettes, 28,2\u00a0millions d\u2019euros de pertes en\u00a02023 (le dernier r\u00e9sultat connu), un litige avec la F\u00e9d\u00e9ration fran\u00e7aise de rugby qui lui r\u00e9clame 5,3\u00a0millions\u2026 Le tableau est sombre. Aujourd\u2019hui d\u00e9tenu par l\u2019entreprise suisse Airesis, <a href=\"https:\/\/w&lt;\/p&gt;&lt;\/div&gt;&lt;\/article&gt;&lt;\/div&gt;&lt;div data-fusion-lazy-id=\" f0f8vgvlad832fw=\"\" rel=\"nofollow\"><\/p>\n","protected":false},"excerpt":{"rendered":"C\u2019est finalement Dan Mamane, homme d\u2019affaires franco-suisse install\u00e9 \u00e0 Duba\u00ef et connu pour ses op\u00e9rations de reprise d\u2019entreprises&hellip;\n","protected":false},"author":2,"featured_media":226051,"comment_status":"","ping_status":"","sticky":false,"template":"","format":"standard","meta":{"footnotes":""},"categories":[6],"tags":[35,33,34,1011,27,1227],"class_list":{"0":"post-226050","1":"post","2":"type-post","3":"status-publish","4":"format-standard","5":"has-post-thumbnail","7":"category-economie","8":"tag-business","9":"tag-economie","10":"tag-economy","11":"tag-fr","12":"tag-france","13":"tag-horizontal"},"share_on_mastodon":{"url":"https:\/\/pubeurope.com\/@fr\/114795939346358204","error":""},"_links":{"self":[{"href":"https:\/\/www.europesays.com\/fr\/wp-json\/wp\/v2\/posts\/226050","targetHints":{"allow":["GET"]}}],"collection":[{"href":"https:\/\/www.europesays.com\/fr\/wp-json\/wp\/v2\/posts"}],"about":[{"href":"https:\/\/www.europesays.com\/fr\/wp-json\/wp\/v2\/types\/post"}],"author":[{"embeddable":true,"href":"https:\/\/www.europesays.com\/fr\/wp-json\/wp\/v2\/users\/2"}],"replies":[{"embeddable":true,"href":"https:\/\/www.europesays.com\/fr\/wp-json\/wp\/v2\/comments?post=226050"}],"version-history":[{"count":0,"href":"https:\/\/www.europesays.com\/fr\/wp-json\/wp\/v2\/posts\/226050\/revisions"}],"wp:featuredmedia":[{"embeddable":true,"href":"https:\/\/www.europesays.com\/fr\/wp-json\/wp\/v2\/media\/226051"}],"wp:attachment":[{"href":"https:\/\/www.europesays.com\/fr\/wp-json\/wp\/v2\/media?parent=226050"}],"wp:term":[{"taxonomy":"category","embeddable":true,"href":"https:\/\/www.europesays.com\/fr\/wp-json\/wp\/v2\/categories?post=226050"},{"taxonomy":"post_tag","embeddable":true,"href":"https:\/\/www.europesays.com\/fr\/wp-json\/wp\/v2\/tags?post=226050"}],"curies":[{"name":"wp","href":"https:\/\/api.w.org\/{rel}","templated":true}]}}