{"id":226054,"date":"2025-07-04T16:37:09","date_gmt":"2025-07-04T16:37:09","guid":{"rendered":"https:\/\/www.europesays.com\/fr\/226054\/"},"modified":"2025-07-04T16:37:09","modified_gmt":"2025-07-04T16:37:09","slug":"un-enorme-dos-dane-devient-la-risee-des-reseaux-sociaux","status":"publish","type":"post","link":"https:\/\/www.europesays.com\/fr\/226054\/","title":{"rendered":"Un \u00e9norme dos d\u2019\u00e2ne devient la ris\u00e9e des r\u00e9seaux sociaux"},"content":{"rendered":"<p>Un ralentisseur XXL fait sensation sur les <a href=\"https:\/\/www.20minutes.fr\/dossier\/reseaux_sociaux\" class=\"color-ultramarine c-link\" rel=\"nofollow noopener\" target=\"_blank\">r\u00e9seaux sociaux<\/a> depuis le week-end dernier. L\u2019ouvrage, install\u00e9 \u00e0 Golfe-Juan, pr\u00e8s de <a href=\"https:\/\/www.20minutes.fr\/dossier\/cannes\" class=\"color-ultramarine c-link\" rel=\"nofollow noopener\" target=\"_blank\">Cannes<\/a>, aurait \u00e9t\u00e9 rep\u00e9r\u00e9 par un internaute stup\u00e9fait, qui a post\u00e9 une vid\u00e9o sur TikTok accompagn\u00e9e de la l\u00e9gende\u00a0: \u00ab\u00a0POV\u00a0: tu vois le plus gros dos d\u2019\u00e2ne que t\u2019as jamais vu de ta vie\u00a0\u00bb, <a href=\"ttps:\/\/www.nicematin.com\/debat\/-pov-tu-vois-le-plus-gros-dos-d-ane-que-tu-as-jamais-vu-de-ta-vie-cet-amenagement-routier-tourne-en-derision-sur-les-reseaux-sociaux-992203\" rel=\"nofollow noopener\" target=\"_blank\" class=\"color-ultramarine c-link\">rapporte Nice Matin.<\/a><\/p>\n<p>La publication, relay\u00e9e sur X, cumule pr\u00e8s de 130.000 likes et des centaines de commentaires ironiques. <a href=\"https:\/\/www.bfmtv.com\/cote-d-azur\/un-dos-d-ane-de-45-centimetres-de-haut-fait-bondir-les-automobilistes-sur-la-cote-d-azur_AV-202507020528.html\" rel=\"nofollow noopener\" target=\"_blank\" class=\"color-ultramarine c-link\">Selon BFMTV<\/a>, le dos-d\u2019\u00e2ne mesurerait environ 45 centim\u00e8tres de haut, soit bien au-dessus des recommandations officielles en France, qui fixent un maximum \u00e0 10 centim\u00e8tres pour les coussins berlinois et 6 \u00e0 10\u00a0cm pour les ralentisseurs classiques.<\/p>\n<p class=\"mb-xxl@xs color-ultramarine font-weight-semi-bold@xs font-source-serif-pro heading-s@xs\">L\u2019acc\u00e8s \u00e0 ce contenu a \u00e9t\u00e9 bloqu\u00e9 afin de respecter votre choix de consentement<\/p>\n<p class=\"mb-m@xs text-l@xs\">En cliquant sur\u00ab J\u2019accepte \u00bb, vous acceptez le d\u00e9p\u00f4t de cookies par des services externes et aurez ainsi acc\u00e8s aux contenus de nos partenaires.<\/p>\n<p class=\"mb-xl@xs text-s@xs\">Plus d\u2019informations sur la page<a href=\"https:\/\/www.20minutes.fr\/gestion-cookies\" class=\"mx-xxs@xs color-ultramarine\" rel=\"nofollow noopener\" target=\"_blank\">Politique de gestion des cookies<\/a><\/p>\n<p>J\u2019accepte<\/p>\n<p>Contact\u00e9e par la cha\u00eene d\u2019info, la mairie affirme que l\u2019installation est conforme \u00e0 la r\u00e9glementation en vigueur sur cette portion de route. Il s\u2019agirait en effet d\u2019un autopont, install\u00e9 pour pallier la faiblesse structurelle de la route. Malgr\u00e9 cela, l\u2019ouvrage est devenu un m\u00e8me local, certains internautes comparant la mont\u00e9e \u00e0 celle de l\u2019Everest.<\/p>\n","protected":false},"excerpt":{"rendered":"Un ralentisseur XXL fait sensation sur les r\u00e9seaux sociaux depuis le week-end dernier. L\u2019ouvrage, install\u00e9 \u00e0 Golfe-Juan, pr\u00e8s&hellip;\n","protected":false},"author":2,"featured_media":226055,"comment_status":"","ping_status":"","sticky":false,"template":"","format":"standard","meta":{"footnotes":""},"categories":[4],"tags":[47,11,10786,1011,27,1757,12,25,938,209,104],"class_list":{"0":"post-226054","1":"post","2":"type-post","3":"status-publish","4":"format-standard","5":"has-post-thumbnail","7":"category-france","8":"tag-actualite","9":"tag-actualites","10":"tag-code-de-la-route","11":"tag-fr","12":"tag-france","13":"tag-insolite","14":"tag-news","15":"tag-republique-francaise","16":"tag-reseaux-sociaux","17":"tag-route","18":"tag-societe"},"share_on_mastodon":{"url":"https:\/\/pubeurope.com\/@fr\/114795947261046988","error":""},"_links":{"self":[{"href":"https:\/\/www.europesays.com\/fr\/wp-json\/wp\/v2\/posts\/226054","targetHints":{"allow":["GET"]}}],"collection":[{"href":"https:\/\/www.europesays.com\/fr\/wp-json\/wp\/v2\/posts"}],"about":[{"href":"https:\/\/www.europesays.com\/fr\/wp-json\/wp\/v2\/types\/post"}],"author":[{"embeddable":true,"href":"https:\/\/www.europesays.com\/fr\/wp-json\/wp\/v2\/users\/2"}],"replies":[{"embeddable":true,"href":"https:\/\/www.europesays.com\/fr\/wp-json\/wp\/v2\/comments?post=226054"}],"version-history":[{"count":0,"href":"https:\/\/www.europesays.com\/fr\/wp-json\/wp\/v2\/posts\/226054\/revisions"}],"wp:featuredmedia":[{"embeddable":true,"href":"https:\/\/www.europesays.com\/fr\/wp-json\/wp\/v2\/media\/226055"}],"wp:attachment":[{"href":"https:\/\/www.europesays.com\/fr\/wp-json\/wp\/v2\/media?parent=226054"}],"wp:term":[{"taxonomy":"category","embeddable":true,"href":"https:\/\/www.europesays.com\/fr\/wp-json\/wp\/v2\/categories?post=226054"},{"taxonomy":"post_tag","embeddable":true,"href":"https:\/\/www.europesays.com\/fr\/wp-json\/wp\/v2\/tags?post=226054"}],"curies":[{"name":"wp","href":"https:\/\/api.w.org\/{rel}","templated":true}]}}