{"id":226056,"date":"2025-07-04T16:38:08","date_gmt":"2025-07-04T16:38:08","guid":{"rendered":"https:\/\/www.europesays.com\/fr\/226056\/"},"modified":"2025-07-04T16:38:08","modified_gmt":"2025-07-04T16:38:08","slug":"un-phare-pour-la-francophonie-le-recordman-de-qpuc-dezingue-sa-deprogrammation-le-huffpost","status":"publish","type":"post","link":"https:\/\/www.europesays.com\/fr\/226056\/","title":{"rendered":"\u00ab Un phare pour la francophonie \u00bb : le recordman de \u00ab QPUC \u00bb d\u00e9zingue sa d\u00e9programmation &#8211; Le HuffPost"},"content":{"rendered":"<ol>\n<li><a href=\"https:\/\/news.google.com\/rss\/articles\/CBMi_gFBVV95cUxOQlZGYkFQWS1qUnM1c0xOMVZSa3NZcVRqNTBrai1tTTlsMHVWWDNJN2ZQUWxvaWdMQ1VGWW9YQUJvVVJwaTNVQUVzRm1XcVYzSkNXY2pXVzBpNnBtb2E2dWRRVjUyUzJQd2RUOFozbnVvT0FkUmJOWnpoWHB3b002Y1pidnZkNmhmWFdLOVh5NWFqWWFaMWpkR3RVcXFReVB1SjM2UkswMDJzYzNLMGN2WmpVTklBWEJPdEdSZUhuazhJMDN3TUVGQVJVOHlyVjNoM3ZSZElHRW4wSlA5RHk3anNKVEdYS1h5Z3lyOTMyWHNETTJURDVPeWQ3cml4UQ?oc=5\" target=\"_blank\" rel=\"nofollow noopener\">\u00ab Un phare pour la francophonie \u00bb : le recordman de \u00ab QPUC \u00bb d\u00e9zingue sa d\u00e9programmation<\/a>&nbsp;&nbsp;Le HuffPost<\/li>\n<li><a href=\"https:\/\/news.google.com\/rss\/articles\/CBMi_wFBVV95cUxQVkhhYjE4LWw4dHdzRlJCMFBNdUtTVXpHYkY0QXUweFp0Y0JVc0NpRk5udkN4WEZNVXRsM2syMUc4U3JIRlJHODhxb3premQ4cHpRbDVIbmw4QzE2QUFid2JrdkszSFdrQmVjcmFwSGZNTjFMQzV4TkY0azdrdzgzMVp1VXB6MmRFSnZJYmowSVlmUWIyUmxXVnlSQ2RpSWdxS0lsTEVPWVdWOU83N1RMMU1uNDZJYXdqeWdGTW1vUVNRQklZVm53RGtlczFYTjZtMXJyRTNXZlczcmxwN3pKa0NLb2RlYVYyOWI4WjJjREFONXZvQkp2OHF4U2hOVkU?oc=5\" target=\"_blank\" rel=\"nofollow noopener\">22 d\u00e9put\u00e9s s&rsquo;insurgent de la disparition de \u00ab\u00a0Questions pour un Champion\u00a0\u00bb: \u00ab\u00a0Dingue de se mobiliser pour \u00e7a\u00a0\u00bb<\/a>&nbsp;&nbsp;RMC<\/li>\n<li><a href=\"https:\/\/news.google.com\/rss\/articles\/CBMilgJBVV95cUxNbzM1UmNnUFJyaXQ3Sm15ZmplTTg4a0o0YmVXOC1kczRSZXZDb1E2OVowdHNwMG9EbEYtZlJoNzdycjQ5cnJfN01iSWZaX1FCR3Vkbl9Oekg3ekQ1Tjh3amV3VThwR2VTdlRUMW9rbG1nS2lLMEdHNWx1dXFlNHl1YkRfMFh2NHpHQnNOUXFUSkczMDhCN3J3QjdRQXZMQ19RVDFBXzU2YUNUV2RqM2FWOVZrYWVhaXFicnNLRWZVS3NxaVFnMGdSaEljdVFTWWtrSmF3U3ozU0YwcF9DSWlKenhobG9CLWg0Y1l2SWlFZVU2RlNpckVldmF6czhfMXZDWkk2UGZrRlpKejRhMTF1WS1JU2Nfdw?oc=5\" target=\"_blank\" rel=\"nofollow noopener\">\u00ab C\u2019est une grande famille. Chacun y va de son id\u00e9e \u00bb : les clubs bretons \u00ab Questions pour un champion \u00bb se mobilisent pour sauver l\u2019\u00e9mission<\/a>&nbsp;&nbsp;Le T\u00e9l\u00e9gramme<\/li>\n<li><a href=\"https:\/\/news.google.com\/rss\/articles\/CBMi3wFBVV95cUxOQUx6Q3hzb3hoZ0pFdjdRVG9RV1RUOWdfQmRYRlFSVW90ODhtMThLcXVWTnBiOTc2U3B1VE5pQk9UdFhXU21jaFA4X3lrLU53U1I1ekZ6clNpUkdTUUJUNnlCdTB4ZDZGSnY5LWtFbHhsQk8zR29JbE16Qzc1WXdjZXZjaklVRTFuWjA2VTkxT3dvWTVxYUdRMFFpbWVETnZjLU1OWXBFX1FKcUIwUm5DSkhQZmh3eFI3UkhDZXhLX3NqeGd1OHVjaUlCQmYtYUVtUGt0MVRBN015STVHWjY4?oc=5\" target=\"_blank\" rel=\"nofollow noopener\">Des d\u00e9put\u00e9s disent leur \u00ab \u00e9motion \u00bb apr\u00e8s l\u2019arr\u00eat de \u00ab Questions pour un champion \u00bb<\/a>&nbsp;&nbsp;20 Minutes<\/li>\n<li><a href=\"https:\/\/news.google.com\/rss\/articles\/CBMi_wFBVV95cUxPOFljcVZkQjZ6aGhfRGVtYnAyRmxzSV9Jd2xpUW9zU1pTYnNIMEEyMlBsb3F1TVlCY3pXeFpIeXJxSm9XYWFvOWNNRTZoMmE2V2tCN1piZGtHTEZqZmxOYXU5aUlGMmNyY0pDY1RDRDFiajcxMmdzYmFHbldaZ2pSYkFoTFpqem1JZ3M0Um9zWkg1N0FCanZRYzViRGVKWXlNMEhSRVNrNkM4dmhqTWZsZE9wdzVqM196ekw2d1dMVC1TeTRiM3M5OE91ckY1RV84WXVfU0FxNnBtZUYwTzVtTkRMYVMwR3Z4VzBCX0c1ZFNUUzhBUDdoVWFnZ0FwNjQ?oc=5\" target=\"_blank\" rel=\"nofollow noopener\">\u00ab Questions pour un champion \u00bb rel\u00e9gu\u00e9e : \u00ab Une volont\u00e9 d\u00e9guis\u00e9e de faire dispara\u00eetre l\u2019\u00e9mission \u00bb<\/a>&nbsp;&nbsp;Ouest-France<\/li>\n<\/ol>\n","protected":false},"excerpt":{"rendered":"\u00ab Un phare pour la francophonie \u00bb : le recordman de \u00ab QPUC \u00bb d\u00e9zingue sa d\u00e9programmation&nbsp;&nbsp;Le HuffPost&hellip;\n","protected":false},"author":2,"featured_media":1445,"comment_status":"","ping_status":"","sticky":false,"template":"","format":"standard","meta":{"footnotes":""},"categories":[2],"tags":[11,1011,27,12],"class_list":{"0":"post-226056","1":"post","2":"type-post","3":"status-publish","4":"format-standard","5":"has-post-thumbnail","7":"category-actualites","8":"tag-actualites","9":"tag-fr","10":"tag-france","11":"tag-news"},"share_on_mastodon":{"url":"https:\/\/pubeurope.com\/@fr\/114795951178158618","error":""},"_links":{"self":[{"href":"https:\/\/www.europesays.com\/fr\/wp-json\/wp\/v2\/posts\/226056","targetHints":{"allow":["GET"]}}],"collection":[{"href":"https:\/\/www.europesays.com\/fr\/wp-json\/wp\/v2\/posts"}],"about":[{"href":"https:\/\/www.europesays.com\/fr\/wp-json\/wp\/v2\/types\/post"}],"author":[{"embeddable":true,"href":"https:\/\/www.europesays.com\/fr\/wp-json\/wp\/v2\/users\/2"}],"replies":[{"embeddable":true,"href":"https:\/\/www.europesays.com\/fr\/wp-json\/wp\/v2\/comments?post=226056"}],"version-history":[{"count":0,"href":"https:\/\/www.europesays.com\/fr\/wp-json\/wp\/v2\/posts\/226056\/revisions"}],"wp:featuredmedia":[{"embeddable":true,"href":"https:\/\/www.europesays.com\/fr\/wp-json\/wp\/v2\/media\/1445"}],"wp:attachment":[{"href":"https:\/\/www.europesays.com\/fr\/wp-json\/wp\/v2\/media?parent=226056"}],"wp:term":[{"taxonomy":"category","embeddable":true,"href":"https:\/\/www.europesays.com\/fr\/wp-json\/wp\/v2\/categories?post=226056"},{"taxonomy":"post_tag","embeddable":true,"href":"https:\/\/www.europesays.com\/fr\/wp-json\/wp\/v2\/tags?post=226056"}],"curies":[{"name":"wp","href":"https:\/\/api.w.org\/{rel}","templated":true}]}}