{"id":226057,"date":"2025-07-04T16:39:11","date_gmt":"2025-07-04T16:39:11","guid":{"rendered":"https:\/\/www.europesays.com\/fr\/226057\/"},"modified":"2025-07-04T16:39:11","modified_gmt":"2025-07-04T16:39:11","slug":"elle-tente-de-derober-pour-pres-de-1200-euros-de-marchandises-au-supermarche","status":"publish","type":"post","link":"https:\/\/www.europesays.com\/fr\/226057\/","title":{"rendered":"elle tente de d\u00e9rober pour pr\u00e8s de 1200 euros de marchandises au supermarch\u00e9"},"content":{"rendered":"<p>Il avait probablement rep\u00e9r\u00e9 son attitude suspecte dans les rayons de ce supermarch\u00e9 implant\u00e9 \u00e0 Villars.<\/p>\n<p>Et, au moment o\u00f9 cette femme a franchi les caisses sans payer ce qu\u2019elle transportait, le vigile est intervenu et a stopp\u00e9 sa course vers la sortie du magasin. Et le moins que l\u2019on puisse \u00e9crire, c\u2019est que cette intervention a \u00e9t\u00e9 efficace.<\/p>\n<p>  Des cartes de Playstation et un appareil \u00e0 lisser les cheveux<\/p>\n<p>La cliente ind\u00e9licate a tent\u00e9 de voler pour pr\u00e8s de 1200 euros de marchandises. Selon une source polici\u00e8re, cette femme, \u00e2g\u00e9e de 33 ans et habitant Saint-Etienne, a notamment voulu d\u00e9rober des cartes de Playstation et un appareil \u00e0 lisser les cheveux.<\/p>\n<p>Ma\u00eetris\u00e9e par l\u2019agent de s\u00e9curit\u00e9, la trentenaire a ensuite \u00e9t\u00e9 interpell\u00e9e par les forces de police et plac\u00e9e en garde \u00e0 vue. \u00c0 l\u2019issue, elle s\u2019est vue notifier une convocation devant le tribunal correctionnel de Saint-Etienne au cours des prochaines semaines.<\/p>\n","protected":false},"excerpt":{"rendered":"Il avait probablement rep\u00e9r\u00e9 son attitude suspecte dans les rayons de ce supermarch\u00e9 implant\u00e9 \u00e0 Villars. Et, au&hellip;\n","protected":false},"author":2,"featured_media":226058,"comment_status":"","ping_status":"","sticky":false,"template":"","format":"standard","meta":{"footnotes":""},"categories":[9653],"tags":[1111,11,2430,271,272,7539,1777,674,274,107,1011,27,3367,12,25,4001,9664,104,10246],"class_list":{"0":"post-226057","1":"post","2":"type-post","3":"status-publish","4":"format-standard","5":"has-post-thumbnail","7":"category-saint-etienne","8":"tag-actu","9":"tag-actualites","10":"tag-auvergne-rhone-alpes","11":"tag-crime","12":"tag-delit-et-contravention","13":"tag-edition-loire-sud","14":"tag-eu","15":"tag-europe","16":"tag-faits-divers-justice","17":"tag-fil-info","18":"tag-fr","19":"tag-france","20":"tag-loire","21":"tag-news","22":"tag-republique-francaise","23":"tag-saint-etienne","24":"tag-saint-etienne-bassin","25":"tag-societe","26":"tag-villars"},"share_on_mastodon":{"url":"https:\/\/pubeurope.com\/@fr\/114795955075030744","error":""},"_links":{"self":[{"href":"https:\/\/www.europesays.com\/fr\/wp-json\/wp\/v2\/posts\/226057","targetHints":{"allow":["GET"]}}],"collection":[{"href":"https:\/\/www.europesays.com\/fr\/wp-json\/wp\/v2\/posts"}],"about":[{"href":"https:\/\/www.europesays.com\/fr\/wp-json\/wp\/v2\/types\/post"}],"author":[{"embeddable":true,"href":"https:\/\/www.europesays.com\/fr\/wp-json\/wp\/v2\/users\/2"}],"replies":[{"embeddable":true,"href":"https:\/\/www.europesays.com\/fr\/wp-json\/wp\/v2\/comments?post=226057"}],"version-history":[{"count":0,"href":"https:\/\/www.europesays.com\/fr\/wp-json\/wp\/v2\/posts\/226057\/revisions"}],"wp:featuredmedia":[{"embeddable":true,"href":"https:\/\/www.europesays.com\/fr\/wp-json\/wp\/v2\/media\/226058"}],"wp:attachment":[{"href":"https:\/\/www.europesays.com\/fr\/wp-json\/wp\/v2\/media?parent=226057"}],"wp:term":[{"taxonomy":"category","embeddable":true,"href":"https:\/\/www.europesays.com\/fr\/wp-json\/wp\/v2\/categories?post=226057"},{"taxonomy":"post_tag","embeddable":true,"href":"https:\/\/www.europesays.com\/fr\/wp-json\/wp\/v2\/tags?post=226057"}],"curies":[{"name":"wp","href":"https:\/\/api.w.org\/{rel}","templated":true}]}}