{"id":226059,"date":"2025-07-04T16:40:12","date_gmt":"2025-07-04T16:40:12","guid":{"rendered":"https:\/\/www.europesays.com\/fr\/226059\/"},"modified":"2025-07-04T16:40:12","modified_gmt":"2025-07-04T16:40:12","slug":"saint-etienne-a-chateaucreux-le-restaurant-la-romantica-a-baisse-le-rideau","status":"publish","type":"post","link":"https:\/\/www.europesays.com\/fr\/226059\/","title":{"rendered":"Saint-\u00c9tienne. \u00c0 Ch\u00e2teaucreux, le restaurant La Rom\u2019Antica a baiss\u00e9 le rideau"},"content":{"rendered":"<p>On venait s\u2019y r\u00e9galer de sp\u00e9cialit\u00e9s italiennes, d\u2019incontournables pizzas\u2026 Le restaurant de la rue Denfert-Rochereau, La Rom\u2019Antica, n\u2019est plus. Ferm\u00e9e depuis deux semaines, la client\u00e8le du quartier de Ch\u00e2teaucreux a cru un moment \u00e0 un petit acompte sur les cong\u00e9s d\u2019\u00e9t\u00e9.<\/p>\n<p>D\u00e9p\u00f4t de bilan<\/p>\n<p>Mais il n\u2019en est rien\u00a0: les g\u00e9rants de l\u2019\u00e9tablissement ont d\u00e9pos\u00e9 le bilan, La Rom\u2019Antica est en liquidation judiciaire depuis le 25\u00a0juin.<\/p>\n<p>Va-t-il \u00eatre vendu, puis repris\u00a0par un nouveau restaurateur\u00a0? La question reste sans r\u00e9ponse pour le moment, les g\u00e9rants \u00e9tant injoignables. Les 300 m2 de La Rom\u2019Antica avaient accueilli <a href=\"https:\/\/www.leprogres.fr\/economie\/2018\/03\/10\/rom-antica-les-vraies-recettes-italiennes-a-chateaucreux\" target=\"_blank\" rel=\"nofollow noopener\">leurs premiers clients en mars 2018<\/a>, dans une salle \u00ab\u00a0esprit loft\u00a0\u00bb sur deux niveaux, agr\u00e9ment\u00e9 d\u2019originales fresques faisant r\u00e9f\u00e9rence \u00e0 la Dolce Vita et \u00e0 la capitale italienne, ainsi que sur une agr\u00e9able terrasse en \u00e9t\u00e9.<\/p>\n","protected":false},"excerpt":{"rendered":"On venait s\u2019y r\u00e9galer de sp\u00e9cialit\u00e9s italiennes, d\u2019incontournables pizzas\u2026 Le restaurant de la rue Denfert-Rochereau, La Rom\u2019Antica, n\u2019est&hellip;\n","protected":false},"author":2,"featured_media":226060,"comment_status":"","ping_status":"","sticky":false,"template":"","format":"standard","meta":{"footnotes":""},"categories":[9653],"tags":[1111,11,2430,4406,33,7539,1777,674,1011,27,12,25,4001,7538],"class_list":{"0":"post-226059","1":"post","2":"type-post","3":"status-publish","4":"format-standard","5":"has-post-thumbnail","7":"category-saint-etienne","8":"tag-actu","9":"tag-actualites","10":"tag-auvergne-rhone-alpes","11":"tag-commerce-et-services","12":"tag-economie","13":"tag-edition-loire-sud","14":"tag-eu","15":"tag-europe","16":"tag-fr","17":"tag-france","18":"tag-news","19":"tag-republique-francaise","20":"tag-saint-etienne","21":"tag-saint-etienne-ville"},"share_on_mastodon":{"url":"https:\/\/pubeurope.com\/@fr\/114795958951611909","error":""},"_links":{"self":[{"href":"https:\/\/www.europesays.com\/fr\/wp-json\/wp\/v2\/posts\/226059","targetHints":{"allow":["GET"]}}],"collection":[{"href":"https:\/\/www.europesays.com\/fr\/wp-json\/wp\/v2\/posts"}],"about":[{"href":"https:\/\/www.europesays.com\/fr\/wp-json\/wp\/v2\/types\/post"}],"author":[{"embeddable":true,"href":"https:\/\/www.europesays.com\/fr\/wp-json\/wp\/v2\/users\/2"}],"replies":[{"embeddable":true,"href":"https:\/\/www.europesays.com\/fr\/wp-json\/wp\/v2\/comments?post=226059"}],"version-history":[{"count":0,"href":"https:\/\/www.europesays.com\/fr\/wp-json\/wp\/v2\/posts\/226059\/revisions"}],"wp:featuredmedia":[{"embeddable":true,"href":"https:\/\/www.europesays.com\/fr\/wp-json\/wp\/v2\/media\/226060"}],"wp:attachment":[{"href":"https:\/\/www.europesays.com\/fr\/wp-json\/wp\/v2\/media?parent=226059"}],"wp:term":[{"taxonomy":"category","embeddable":true,"href":"https:\/\/www.europesays.com\/fr\/wp-json\/wp\/v2\/categories?post=226059"},{"taxonomy":"post_tag","embeddable":true,"href":"https:\/\/www.europesays.com\/fr\/wp-json\/wp\/v2\/tags?post=226059"}],"curies":[{"name":"wp","href":"https:\/\/api.w.org\/{rel}","templated":true}]}}