{"id":226061,"date":"2025-07-04T16:41:16","date_gmt":"2025-07-04T16:41:16","guid":{"rendered":"https:\/\/www.europesays.com\/fr\/226061\/"},"modified":"2025-07-04T16:41:16","modified_gmt":"2025-07-04T16:41:16","slug":"photos-le-grand-deballage-des-commercants-sous-le-soleil","status":"publish","type":"post","link":"https:\/\/www.europesays.com\/fr\/226061\/","title":{"rendered":"Photos. Le grand d\u00e9ballage des commer\u00e7ants sous le soleil"},"content":{"rendered":"<p>\u00c0 Nancy, le soleil n\u2019est pas seul \u00e0 illuminer les rues commer\u00e7antes. Du 4 au 7 juillet, la ville s\u2019anime avec le grand d\u00e9ballage des commer\u00e7ants, une v\u00e9ritable aubaine pour les amateurs de bonnes affaires \u00e0 prix r\u00e9duits.\u00a0Pendant ces quatre jours, les boutiques sortent leurs tr\u00e9sors sur des stands abrit\u00e9s sous tonnelles, en conservent l\u2019accueil chaleureux et les conseils avis\u00e9s de leurs vendeurs. Les cr\u00e9ateurs locaux investissent aussi les rues pour exposer leurs cr\u00e9ations fait main, offrant une balade pleine de d\u00e9couvertes.<\/p>\n","protected":false},"excerpt":{"rendered":"\u00c0 Nancy, le soleil n\u2019est pas seul \u00e0 illuminer les rues commer\u00e7antes. Du 4 au 7 juillet, la&hellip;\n","protected":false},"author":2,"featured_media":226062,"comment_status":"","ping_status":"","sticky":false,"template":"","format":"standard","meta":{"footnotes":""},"categories":[9635],"tags":[1111,47,11,7782,4406,1704,1777,674,2271,1011,27,775,1702,12,25],"class_list":{"0":"post-226061","1":"post","2":"type-post","3":"status-publish","4":"format-standard","5":"has-post-thumbnail","7":"category-nancy","8":"tag-actu","9":"tag-actualite","10":"tag-actualites","11":"tag-balades-et-randonnees","12":"tag-commerce-et-services","13":"tag-edition-nancy-et-agglomeration","14":"tag-eu","15":"tag-europe","16":"tag-exposition-arts-plastiques","17":"tag-fr","18":"tag-france","19":"tag-grand-est","20":"tag-nancy","21":"tag-news","22":"tag-republique-francaise"},"share_on_mastodon":{"url":"https:\/\/pubeurope.com\/@fr\/114795962942198876","error":""},"_links":{"self":[{"href":"https:\/\/www.europesays.com\/fr\/wp-json\/wp\/v2\/posts\/226061","targetHints":{"allow":["GET"]}}],"collection":[{"href":"https:\/\/www.europesays.com\/fr\/wp-json\/wp\/v2\/posts"}],"about":[{"href":"https:\/\/www.europesays.com\/fr\/wp-json\/wp\/v2\/types\/post"}],"author":[{"embeddable":true,"href":"https:\/\/www.europesays.com\/fr\/wp-json\/wp\/v2\/users\/2"}],"replies":[{"embeddable":true,"href":"https:\/\/www.europesays.com\/fr\/wp-json\/wp\/v2\/comments?post=226061"}],"version-history":[{"count":0,"href":"https:\/\/www.europesays.com\/fr\/wp-json\/wp\/v2\/posts\/226061\/revisions"}],"wp:featuredmedia":[{"embeddable":true,"href":"https:\/\/www.europesays.com\/fr\/wp-json\/wp\/v2\/media\/226062"}],"wp:attachment":[{"href":"https:\/\/www.europesays.com\/fr\/wp-json\/wp\/v2\/media?parent=226061"}],"wp:term":[{"taxonomy":"category","embeddable":true,"href":"https:\/\/www.europesays.com\/fr\/wp-json\/wp\/v2\/categories?post=226061"},{"taxonomy":"post_tag","embeddable":true,"href":"https:\/\/www.europesays.com\/fr\/wp-json\/wp\/v2\/tags?post=226061"}],"curies":[{"name":"wp","href":"https:\/\/api.w.org\/{rel}","templated":true}]}}