{"id":226065,"date":"2025-07-04T16:43:10","date_gmt":"2025-07-04T16:43:10","guid":{"rendered":"https:\/\/www.europesays.com\/fr\/226065\/"},"modified":"2025-07-04T16:43:10","modified_gmt":"2025-07-04T16:43:10","slug":"mardis-guinguette-loto-fete-nationale-ce-qui-vous-attend-pour-ce-mois-de-juillet-a-sollies-toucas","status":"publish","type":"post","link":"https:\/\/www.europesays.com\/fr\/226065\/","title":{"rendered":"Mardis guinguette, loto, F\u00eate nationale&#8230; Ce qui vous attend pour ce mois de juillet \u00e0 Solli\u00e8s-Toucas"},"content":{"rendered":"<p>Des Mardis Guinguette musicaux et conviviaux \u00e0 la f\u00eate de la past\u00e8que, en passant par des expos photos et aquarelles, du cin\u00e9ma, des lotos, du th\u00e9\u00e2tre et bien s\u00fbr la semaine festive de la f\u00eate votive de la Saint-Christophe! Les Toucassins auront plaisir \u00e0 r\u00e9investir la Font du Thon et le th\u00e9\u00e2tre de verdure du parc Tocasso. \u00c0 vos agendas, il y en aura pour tous les go\u00fbts!<\/p>\n<p>Dimanche 6 juillet<\/p>\n<p>\u00c0 l\u2019espace Lanza (\u00e0 partir de 19 h) loto du COF (4 euros le carton, 10 euros les 3) sans inscription, entr\u00e9e libre (info au 06.12.29.84.13). <br \/>&#13;<br \/>\nF\u00eate votive de la Saint-Christophe du 8 au 15<\/p>\n<p>Mardi 8<\/p>\n<p>Mardi guinguette avec le musicien L\u00e9o des Raspigaous.<\/p>\n<p>Mercredi 9\u00a0<\/p>\n<p>\u00c0 19 h concours mixte de boule avec La Boule Toucassine (info 06.42.38.15.55).<\/p>\n<p>Jeudi 10 <\/p>\n<p>\u00c0 l\u2019espace Lanza de 20 h 30 \u00e0 23 h 30 : show cabaret dansant \u00ab Haute Tension \u00bb organis\u00e9 par le COF. Buvette et petite restauration.<\/p>\n<p>Vendredi 11 \u00e0 20h30 <\/p>\n<p>Au parc Tocasso, soir\u00e9e th\u00e9\u00e2tre avec Les Baladins et la pi\u00e8ce de Vivien Lh\u00e9raux Allez on danse.<\/p>\n<p>\u00a0<\/p>\n<p>Samedi 12 \u00e0 9h <\/p>\n<p>Visite comment\u00e9e du village avec Jean-Claude Vincent au d\u00e9part de l\u2019h\u00f4tel de ville et de 16h \u00e0 23h: soir\u00e9e cosplay \u00e0 l\u2019espace Lanza, organis\u00e9e par l\u2019association des commer\u00e7ants et artisans: K-Pop, concours cosplay, animations, stands.<\/p>\n<p>Dimanche 13 \u00e0 12h <\/p>\n<p>A\u00efoli du village avec le COF \u00e0 la Font du Thon (r\u00e9servation 06.16.16.85.90) et de 21 h \u00e0 00 h : bal du village \u00e0 l\u2019espace Lanza, organis\u00e9 par l\u2019amicale toucassine du CCFF et de la RCSC.<\/p>\n<p>Lundi 14 \u00e0 10h15 <\/p>\n<p>Comm\u00e9moration de la f\u00eate nationale sur le parvis de la mairie et \u00e0 19h \u00e0 l\u2019espace Lanza, Groupe Loving, Tribute to Coldplay (entr\u00e9e libre).<\/p>\n<p>Mardi 15 de 18h \u00e0 22h30<\/p>\n<p>Mardi guinguette avec le groupe Zouma\u00ef Aqui (entr\u00e9e libre).<\/p>\n<p>Mercredi 16 \u00e0 18h<\/p>\n<p>Exposition aquarelles de Roger Boubenec au Moulin Arnaud (jusqu\u2019au 26).<\/p>\n<p>Vendredi 18 \u00e0 20h<\/p>\n<p>Loto solidaire organis\u00e9 par l\u2019association Louis, Jules et Compagnie, r\u00e9servation obligatoire (par SMS au 06.23.88.01.13).<\/p>\n<p>Mardi 22<\/p>\n<p>Mardi guinguette au boulodrome de 18 h \u00e0 22 h 30 avec le groupe les Gamins (entr\u00e9e libre).<\/p>\n<p>Mardi 29\u00a0<\/p>\n<p>Mardi guinguette de 18 h \u00e0 22 h 30, animation musicale avec le groupe Radio Mezcal.<\/p>\n<p>Samedi 2 ao\u00fbt<\/p>\n<p>Soir\u00e9e salsa past\u00e8ques du COF au boulodrome de 18 h 30 \u00e0 23 h 30, paella sur r\u00e9servation (15 euros avec une boisson incluse).<\/p>\n","protected":false},"excerpt":{"rendered":"Des Mardis Guinguette musicaux et conviviaux \u00e0 la f\u00eate de la past\u00e8que, en passant par des expos photos&hellip;\n","protected":false},"author":2,"featured_media":226066,"comment_status":"","ping_status":"","sticky":false,"template":"","format":"standard","meta":{"footnotes":""},"categories":[9619],"tags":[1111,11,1777,674,1011,27,1393,12,882,25,2310],"class_list":{"0":"post-226065","1":"post","2":"type-post","3":"status-publish","4":"format-standard","5":"has-post-thumbnail","7":"category-toulon","8":"tag-actu","9":"tag-actualites","10":"tag-eu","11":"tag-europe","12":"tag-fr","13":"tag-france","14":"tag-loisirs","15":"tag-news","16":"tag-provence-alpes-cote-dazur","17":"tag-republique-francaise","18":"tag-toulon"},"share_on_mastodon":{"url":"https:\/\/pubeurope.com\/@fr\/114795970992876784","error":""},"_links":{"self":[{"href":"https:\/\/www.europesays.com\/fr\/wp-json\/wp\/v2\/posts\/226065","targetHints":{"allow":["GET"]}}],"collection":[{"href":"https:\/\/www.europesays.com\/fr\/wp-json\/wp\/v2\/posts"}],"about":[{"href":"https:\/\/www.europesays.com\/fr\/wp-json\/wp\/v2\/types\/post"}],"author":[{"embeddable":true,"href":"https:\/\/www.europesays.com\/fr\/wp-json\/wp\/v2\/users\/2"}],"replies":[{"embeddable":true,"href":"https:\/\/www.europesays.com\/fr\/wp-json\/wp\/v2\/comments?post=226065"}],"version-history":[{"count":0,"href":"https:\/\/www.europesays.com\/fr\/wp-json\/wp\/v2\/posts\/226065\/revisions"}],"wp:featuredmedia":[{"embeddable":true,"href":"https:\/\/www.europesays.com\/fr\/wp-json\/wp\/v2\/media\/226066"}],"wp:attachment":[{"href":"https:\/\/www.europesays.com\/fr\/wp-json\/wp\/v2\/media?parent=226065"}],"wp:term":[{"taxonomy":"category","embeddable":true,"href":"https:\/\/www.europesays.com\/fr\/wp-json\/wp\/v2\/categories?post=226065"},{"taxonomy":"post_tag","embeddable":true,"href":"https:\/\/www.europesays.com\/fr\/wp-json\/wp\/v2\/tags?post=226065"}],"curies":[{"name":"wp","href":"https:\/\/api.w.org\/{rel}","templated":true}]}}