{"id":226067,"date":"2025-07-04T16:44:17","date_gmt":"2025-07-04T16:44:17","guid":{"rendered":"https:\/\/www.europesays.com\/fr\/226067\/"},"modified":"2025-07-04T16:44:17","modified_gmt":"2025-07-04T16:44:17","slug":"5-etonnantes-creations-a-ne-pas-manquer-a-toulon-et-hyeres","status":"publish","type":"post","link":"https:\/\/www.europesays.com\/fr\/226067\/","title":{"rendered":"5 \u00e9tonnantes cr\u00e9ations \u00e0 ne pas manquer \u00e0 Toulon et Hy\u00e8res"},"content":{"rendered":"<p class=\"editor-content__paragraph\">On a fortement craint l\u2019annulation de l\u2019\u00e9v\u00e9nement. Mais la <strong>villa Noailles<\/strong>, qui doit se remettre de son endettement colossal et des accusations de d\u00e9rives dont fait l\u2019objet son ancien directeur Jean-Pierre Blanc, fait bel et bien tenir <strong>le festival Design Parade<\/strong> qu\u2019elle programme chaque ann\u00e9e pour d\u00e9fendre la jeune cr\u00e9ation. La pr\u00e9sidente Pascale Mussard, dans un discours remerciant son \u00e9quipe, a conclu qu\u2019il leur fallait d\u00e9sormais \u00ab\u00a0danser sous la pluie\u00a0\u00bb.<\/p>\n<p class=\"editor-content__paragraph\">En pr\u00e9sidents des jurys cette ann\u00e9e\u00a0: le c\u00e9l\u00e8bre Espagnol <strong>Jaime Hayon<\/strong> pour le design (\u00e0 Hy\u00e8res) et <a href=\"https:\/\/www.beauxarts.com\/grand-format\/qui-est-harry-nuriev-nouvelle-star-du-design-qui-preside-le-jury-de-la-design-parade-a-toulon\/\" target=\"_blank\" rel=\"noopener\">le tr\u00e8s branch\u00e9 <strong>Harry Nuriev<\/strong><\/a> pour l\u2019architecture d\u2019int\u00e9rieur (\u00e0 Toulon). Tous deux exposent leurs cr\u00e9ations aux c\u00f4t\u00e9s des laur\u00e9ats de l\u2019\u00e9dition pr\u00e9c\u00e9dente et, bien s\u00fbr, <strong>des finalistes en comp\u00e9tition<\/strong>, venus du monde entier. Un \u00e9v\u00e9nement incontournable que l\u2019on aimerait voir encore durer, \u00e9voluer et briller \u00e0 travers l\u2019Hexagone\u00a0!<\/p>\n<p>        \u00c0 lire aussi :<br \/>\n        <a class=\"renvoi-explicite__link\" href=\"https:\/\/www.beauxarts.com\/grand-format\/qui-est-harry-nuriev-nouvelle-star-du-design-qui-preside-le-jury-de-la-design-parade-a-toulon\/\" target=\"_blank\" rel=\"noopener\">Qui est Harry Nuriev, nouvelle star du design qui pr\u00e9side le jury de la Design Parade \u00e0 Toulon ?<\/a><\/p>\n<p>L\u2019atelier sans artiste de la talentueuse Marie Gastini<\/p>\n<p>    <img loading=\"lazy\" decoding=\"async\" class=\"image__img\" src=\"https:\/\/www.europesays.com\/fr\/wp-content\/uploads\/2025\/07\/webmarie-gastini-luc-bertrand-8-964x643.jpg\" alt=\"Exposition de Marie Gastini \u00e0 Toulon\" width=\"964\" height=\"643\"\/><\/p>\n<p>Exposition de Marie Gastini \u00e0 Toulon, 2025<\/p>\n<p>    i<\/p>\n<p class=\"editor-content__paragraph\">Le peintre vient de d\u00e9serter son atelier m\u00e9diterran\u00e9en. Il y a laiss\u00e9 <strong>ses v\u00eatements, son mat\u00e9riel et ses bougies<\/strong>. Libre \u00e0 nous d\u2019y jouer les intrus\u2026 <strong>L\u2019artiste textile Marie Gastini<\/strong>, pass\u00e9e par la maison Herm\u00e8s, a pouss\u00e9 son sc\u00e9nario jusqu\u2019\u00e0 cr\u00e9er <strong>un futon brod\u00e9<\/strong>, une douche de fortune et des <strong>pinceaux en c\u00e9ramique<\/strong> comme fossilis\u00e9s dans la gouache. Dans cette salle de l\u2019ancien \u00e9v\u00each\u00e9 de Toulon, investie pour l\u2019occasion, les murs sont couverts de pl\u00e2tre pigment\u00e9 appliqu\u00e9 \u00e0 la main\u2026 On aurait presque envie de prendre la rel\u00e8ve\u00a0!<\/p>\n<p>S\u2019endormir au printemps, la magie de Thomas Takada, laur\u00e9at \u00e0 Toulon<\/p>\n<p>    <img loading=\"lazy\" decoding=\"async\" class=\"image__img\" src=\"https:\/\/www.europesays.com\/fr\/wp-content\/uploads\/2025\/07\/webthomas-takada-luc-bertrand-1-964x1446.jpg\" alt=\"Exposition du laur\u00e9at Thomas Takada \u00e0 Toulon\" width=\"964\" height=\"1446\"\/><\/p>\n<p>Exposition du laur\u00e9at Thomas Takada \u00e0 Toulon, 2025<\/p>\n<p>    i<\/p>\n<p class=\"editor-content__paragraph\">Le <strong>jeune architecte et artiste<\/strong> a r\u00e9colt\u00e9 des <strong>centaines de v\u00e9g\u00e9taux<\/strong> (branchages, cailloux\u2026) aux alentours de la villa Noailles pour meubler sa pi\u00e8ce de l\u2019ancien \u00e9v\u00each\u00e9 de Toulon. <strong>Feuilles mortes<\/strong> en guise de drap, d\u2019abat-jour, de bureau, et m\u00eame de chaise\u00a0! Un seul mat\u00e9riau pour les structurer\u00a0: des profil\u00e9s standards m\u00e9talliques \u00e0 peine visibles qui <strong>lient industriel et fragilit\u00e9 du vivant<\/strong>. Au mur, un tableau de feuilles dispos\u00e9es avec soin et chacune dor\u00e9e \u00e0 la main\u2026 La prouesse technique de ce projet l\u2019aura men\u00e9 tout droit \u00e0 la victoire. Thomas Takada a \u00e9t\u00e9 couronn\u00e9 du <strong>Grand Prix Design Parade Toulon<\/strong>.<\/p>\n<p>De la baudruche pour des vases, par l\u2019artiste slovaque \u0160tefan Sek\u00e1\u010d<\/p>\n<p>    <img loading=\"lazy\" decoding=\"async\" class=\"image__img\" src=\"https:\/\/www.europesays.com\/fr\/wp-content\/uploads\/2025\/07\/mod02-sekac_stefan-photo-luc-bertrand-964x1446.jpg\" alt=\"Exposition de \u0160tefan Sek\u00e1\u010d \u00e0 Hy\u00e8res\" width=\"964\" height=\"1446\"\/><\/p>\n<p>Exposition de \u0160tefan Sek\u00e1\u010d \u00e0 Hy\u00e8res, 2025<\/p>\n<p>    i<\/p>\n<p class=\"editor-content__paragraph\">Iridescents et glossy, <strong>les vases de \u0160tefan Sek\u00e1\u010d<\/strong> attrapent l\u2019\u0153il par leur aspect de boudins enchev\u00eatr\u00e9s. La m\u00e9thode employ\u00e9e\u00a0? <strong>Un moule fabriqu\u00e9 \u00e0 partir de ballons de baudruche<\/strong> gonfl\u00e9s \u00e0 bloc, assembl\u00e9s et coll\u00e9s ensemble, dans lequel le dipl\u00f4m\u00e9 de l\u2019Acad\u00e9mie des beaux-arts de Bratislava <strong>coule de la porcelaine<\/strong>. Leur plasticit\u00e9 nous intrigue tout autant que la tendance qu\u2019ils incarnent\u00a0: celle <strong>du kitsch, des objets potel\u00e9s<\/strong>, des couleurs vitamin\u00e9es. L\u2019artiste dit chercher l\u2019<strong>iconicit\u00e9<\/strong>\u2026 L\u2019aurait-il trouv\u00e9e\u00a0?<\/p>\n<p>        \u00c0 lire aussi :<br \/>\n        <a class=\"renvoi-explicite__link\" href=\"https:\/\/www.beauxarts.com\/lifestyle\/8-galeries-de-design-incontournables-qui-font-vibrer-paris\/\" target=\"_blank\" rel=\"noopener\">8 galeries de design incontournables qui font vibrer Paris<\/a><\/p>\n<p>La salle de bain queer de Gregor Jahner<\/p>\n<p>    <img loading=\"lazy\" decoding=\"async\" class=\"image__img\" src=\"https:\/\/www.europesays.com\/fr\/wp-content\/uploads\/2025\/07\/web04-jahner_gregor-photo-luc-bertrand-964x643.jpg\" alt=\"Exposition de Gregor Jahner \u00e0 Hy\u00e8res\" width=\"964\" height=\"643\"\/><\/p>\n<p>Exposition de Gregor Jahner \u00e0 Hy\u00e8res, 2025<\/p>\n<p>    i<\/p>\n<p class=\"editor-content__paragraph\">C\u2019est sans doute la collection la plus audacieuse de cette \u00e9dition. Militante, d\u00e9cal\u00e9e et joyeusement queer, elle se compose d\u2019<strong>une lampe tout en rondeurs<\/strong> qui \u00e9voque l\u2019\u00e9moji p\u00eache si connot\u00e9, d\u2019un <strong>tabouret dot\u00e9 d\u2019un v\u00e9ritable piercing<\/strong> et, surtout, de<strong> toilettes rose bonbon<\/strong> dont la cuvette, vue d\u2019en haut, semble tirer la langue au conservatisme ambiant. Le <strong>designer allemand<\/strong> cherche la provoc et c\u2019est tant mieux, dans un monde o\u00f9 vont bon train les discriminations sexuelles et les exclusions sociales. Son <strong>design pop et ludique<\/strong> s\u2019insurge.<\/p>\n<p>Les lampes mi-industrielles mi-v\u00e9g\u00e9tales de Simon Dupety, laur\u00e9at \u00e0 Hy\u00e8res<\/p>\n<p>    <img loading=\"lazy\" decoding=\"async\" class=\"image__img\" src=\"https:\/\/www.europesays.com\/fr\/wp-content\/uploads\/2025\/07\/mod07-dupety_simon-photo-luc-bertrand-964x1446.jpg\" alt=\"Exposition du laur\u00e9at Simon Dupety \u00e0 Hy\u00e8res\" width=\"964\" height=\"1446\"\/><\/p>\n<p>Exposition du laur\u00e9at Simon Dupety \u00e0 Hy\u00e8res, 2025<\/p>\n<p>    i<\/p>\n<p class=\"editor-content__paragraph\">Malgr\u00e9 leur <strong>\u00e9clatante sobri\u00e9t\u00e9<\/strong>, les lampes de Simon Dupety font leur effet. Lorsque l\u2019on s\u2019en rapproche, on identifie tout de suite qu\u2019elles sont <strong>constitu\u00e9es de dizaines de cupules de glands de ch\u00eane<\/strong> qui renferment de petites LED. R\u00e9cup\u00e9r\u00e9s en for\u00eat, ces v\u00e9g\u00e9taux tr\u00e8s r\u00e9guliers sont <strong>fix\u00e9s sur d\u2019\u00e9l\u00e9gantes structures m\u00e9talliques<\/strong> qui traduisent l\u2019excellence de ce dipl\u00f4m\u00e9 des Arts D\u00e9co. Un mix entre naturel et industriel (encore) r\u00e9compens\u00e9\u00a0: serait-ce le signe d\u2019une tendance \u00e0 suivre\u00a0?<\/p>\n<p>                <a href=\"https:\/\/www.beauxarts.com\/series\/15-objets-design-aussi-cultes-quindemodables\/\" target=\"_blank\" rel=\"noopener\">Retrouvez notre s\u00e9rie d\u2019articles sur les 15 objets design aussi culte qu\u2019ind\u00e9modables !<\/a><\/p>\n<p class=\"annexe-content__subtitle\">Jusqu&rsquo;au 7 septembre 2025 \u00e0 Hy\u00e8res et jusqu&rsquo;au 1er novembre 2025 \u00e0 Toulon<\/p>\n<p>Plus d\u2019informations <a href=\"https:\/\/villanoailles.com\/\" target=\"_blank\" rel=\"noopener\">sur le site de la villa Noailles\u00a0<\/a><\/p>\n","protected":false},"excerpt":{"rendered":"On a fortement craint l\u2019annulation de l\u2019\u00e9v\u00e9nement. Mais la villa Noailles, qui doit se remettre de son endettement&hellip;\n","protected":false},"author":2,"featured_media":226068,"comment_status":"","ping_status":"","sticky":false,"template":"","format":"standard","meta":{"footnotes":""},"categories":[9619],"tags":[1111,11,1350,1396,1386,1777,674,1011,27,12,882,25,2310,36469,36470],"class_list":{"0":"post-226067","1":"post","2":"type-post","3":"status-publish","4":"format-standard","5":"has-post-thumbnail","7":"category-toulon","8":"tag-actu","9":"tag-actualites","10":"tag-architecture","11":"tag-art-contemporain","12":"tag-design","13":"tag-eu","14":"tag-europe","15":"tag-fr","16":"tag-france","17":"tag-news","18":"tag-provence-alpes-cote-dazur","19":"tag-republique-francaise","20":"tag-toulon","21":"tag-villa-noailles-hyeres","22":"tag-villa-noailles-toulon"},"share_on_mastodon":{"url":"https:\/\/pubeurope.com\/@fr\/114795974934997136","error":""},"_links":{"self":[{"href":"https:\/\/www.europesays.com\/fr\/wp-json\/wp\/v2\/posts\/226067","targetHints":{"allow":["GET"]}}],"collection":[{"href":"https:\/\/www.europesays.com\/fr\/wp-json\/wp\/v2\/posts"}],"about":[{"href":"https:\/\/www.europesays.com\/fr\/wp-json\/wp\/v2\/types\/post"}],"author":[{"embeddable":true,"href":"https:\/\/www.europesays.com\/fr\/wp-json\/wp\/v2\/users\/2"}],"replies":[{"embeddable":true,"href":"https:\/\/www.europesays.com\/fr\/wp-json\/wp\/v2\/comments?post=226067"}],"version-history":[{"count":0,"href":"https:\/\/www.europesays.com\/fr\/wp-json\/wp\/v2\/posts\/226067\/revisions"}],"wp:featuredmedia":[{"embeddable":true,"href":"https:\/\/www.europesays.com\/fr\/wp-json\/wp\/v2\/media\/226068"}],"wp:attachment":[{"href":"https:\/\/www.europesays.com\/fr\/wp-json\/wp\/v2\/media?parent=226067"}],"wp:term":[{"taxonomy":"category","embeddable":true,"href":"https:\/\/www.europesays.com\/fr\/wp-json\/wp\/v2\/categories?post=226067"},{"taxonomy":"post_tag","embeddable":true,"href":"https:\/\/www.europesays.com\/fr\/wp-json\/wp\/v2\/tags?post=226067"}],"curies":[{"name":"wp","href":"https:\/\/api.w.org\/{rel}","templated":true}]}}