{"id":226077,"date":"2025-07-04T16:49:11","date_gmt":"2025-07-04T16:49:11","guid":{"rendered":"https:\/\/www.europesays.com\/fr\/226077\/"},"modified":"2025-07-04T16:49:11","modified_gmt":"2025-07-04T16:49:11","slug":"jarrie-60-artistes-sur-scene-ce-week-end","status":"publish","type":"post","link":"https:\/\/www.europesays.com\/fr\/226077\/","title":{"rendered":"Jarrie. 60 artistes sur sc\u00e8ne ce week-end"},"content":{"rendered":"<p>La compagnie de th\u00e9\u00e2tre Les 600 cibles pr\u00e9sente au ch\u00e2teau de Bon Repos \u00e0 Jarrie son spectacle Mes Racines au bout des ailes , jou\u00e9 avec succ\u00e8s en septembre\u00a02024, ce samedi 5\u00a0juillet \u00e0 21\u00a0h et ce dimanche 6\u00a0juillet \u00e0 19\u00a0h. 60 artistes seront sur sc\u00e8ne\u00a0: 45 com\u00e9diens et 15 karat\u00e9kas. \u00c2g\u00e9s de 8 \u00e0 80 ans, ils pr\u00e9senteront cette histoire, une adaptation contemporaine de  Rom\u00e9o et Juliette de Shakespeare.<\/p>\n<p class=\"note\">Samedi 5\u00a0juillet \u00e0 21\u00a0h et dimanche 6\u00a0juillet \u00e0 19\u00a0h, au ch\u00e2teau de Bon Repos. \u00c0 partir de 6\u00a0ans. Billetterie au 06\u00a088\u00a049\u00a088\u00a093.<\/p>\n","protected":false},"excerpt":{"rendered":"La compagnie de th\u00e9\u00e2tre Les 600 cibles pr\u00e9sente au ch\u00e2teau de Bon Repos \u00e0 Jarrie son spectacle Mes&hellip;\n","protected":false},"author":2,"featured_media":226078,"comment_status":"","ping_status":"","sticky":false,"template":"","format":"standard","meta":{"footnotes":""},"categories":[9566],"tags":[1111,11,2430,1687,113,1777,674,1011,27,2731,17480,12,25,17481,3140],"class_list":{"0":"post-226077","1":"post","2":"type-post","3":"status-publish","4":"format-standard","5":"has-post-thumbnail","7":"category-grenoble","8":"tag-actu","9":"tag-actualites","10":"tag-auvergne-rhone-alpes","11":"tag-culture-loisirs","12":"tag-edition-gresivaudan-oisans","13":"tag-eu","14":"tag-europe","15":"tag-fr","16":"tag-france","17":"tag-grenoble","18":"tag-jarrie","19":"tag-news","20":"tag-republique-francaise","21":"tag-romanche","22":"tag-spectacle"},"share_on_mastodon":{"url":"https:\/\/pubeurope.com\/@fr\/114795994463564793","error":""},"_links":{"self":[{"href":"https:\/\/www.europesays.com\/fr\/wp-json\/wp\/v2\/posts\/226077","targetHints":{"allow":["GET"]}}],"collection":[{"href":"https:\/\/www.europesays.com\/fr\/wp-json\/wp\/v2\/posts"}],"about":[{"href":"https:\/\/www.europesays.com\/fr\/wp-json\/wp\/v2\/types\/post"}],"author":[{"embeddable":true,"href":"https:\/\/www.europesays.com\/fr\/wp-json\/wp\/v2\/users\/2"}],"replies":[{"embeddable":true,"href":"https:\/\/www.europesays.com\/fr\/wp-json\/wp\/v2\/comments?post=226077"}],"version-history":[{"count":0,"href":"https:\/\/www.europesays.com\/fr\/wp-json\/wp\/v2\/posts\/226077\/revisions"}],"wp:featuredmedia":[{"embeddable":true,"href":"https:\/\/www.europesays.com\/fr\/wp-json\/wp\/v2\/media\/226078"}],"wp:attachment":[{"href":"https:\/\/www.europesays.com\/fr\/wp-json\/wp\/v2\/media?parent=226077"}],"wp:term":[{"taxonomy":"category","embeddable":true,"href":"https:\/\/www.europesays.com\/fr\/wp-json\/wp\/v2\/categories?post=226077"},{"taxonomy":"post_tag","embeddable":true,"href":"https:\/\/www.europesays.com\/fr\/wp-json\/wp\/v2\/tags?post=226077"}],"curies":[{"name":"wp","href":"https:\/\/api.w.org\/{rel}","templated":true}]}}