{"id":226079,"date":"2025-07-04T16:50:13","date_gmt":"2025-07-04T16:50:13","guid":{"rendered":"https:\/\/www.europesays.com\/fr\/226079\/"},"modified":"2025-07-04T16:50:13","modified_gmt":"2025-07-04T16:50:13","slug":"grenoble-un-motard-percute-violemment-une-voiture-sa-jambe-coupee-dans-laccident","status":"publish","type":"post","link":"https:\/\/www.europesays.com\/fr\/226079\/","title":{"rendered":"Grenoble. Un motard percute violemment une voiture, sa jambe coup\u00e9e dans l&rsquo;accident"},"content":{"rendered":"<p>            Par<br \/>\n        <strong><br \/>\n            <a href=\"https:\/\/actu.fr\/auteur\/lisa-rodrigues\" title=\"Consulter tous les articles de Lisa Rodrigues\" rel=\"nofollow noopener\" target=\"_blank\">Lisa Rodrigues<\/a><br \/>\n        <\/strong><\/p>\n<p>        Publi\u00e9 le<\/p>\n<p>            4 juil. 2025 \u00e0 17h58        <\/p>\n<p>Un<strong> grave accident de la circulation<\/strong> s\u2019est produit vendredi 4 juillet 2025, boulevard Paul-Langevin \u00e0 <a href=\"https:\/\/actu.fr\/auvergne-rhone-alpes\/fontaine_38169\" rel=\"nofollow noopener\" target=\"_blank\">Fontaine<\/a>, pr\u00e8s de Grenoble.<\/p>\n<p class=\" wall-content\">Une voiture et une moto sont entr\u00e9es en collision aux alentours de 16h40, en pleine heure de pointe.<\/p>\n<p>    <a href=\"https:\/\/www.google.com\/maps\/embed?pb=!1m18!1m12!1m3!1d11247.126434426376!2d5.675492929541946!3d45.191516931116794!2m3!1f0!2f0!3f0!3m2!1i1024!2i768!4f13.1!3m3!1m2!1s0x478af308a5c9a735%3A0x7e53b9fdefa3cac8!2sBd%20Paul%20Langevin%2C%2038600%20Fontaine!5e0!3m2!1sfr!2sfr!4v1751643173946!5m2!1sfr!2sfr\" title=\"Ouvrie le lien\" rel=\"nofollow noopener\" target=\"_blank\">Cliquez ici pour visualiser le contenu<\/a><\/p>\n<p>En urgence absolue<\/p>\n<p class=\" wall-content\">Le motard, un <strong>homme \u00e2g\u00e9 de 60 ans<\/strong>, a \u00e9t\u00e9 gravement bless\u00e9 : une de ses jambes aurait \u00e9t\u00e9 <strong>sectionn\u00e9e <\/strong>dans la violence de l\u2019impact.<\/p>\n<p class=\" wall-content\">Il a \u00e9t\u00e9 \u00e9vacu\u00e9 par le SMUR en urgence absolue vers le service d\u00e9choquage du CHU de Grenoble.<\/p>\n<p>Vid\u00e9os : en ce moment sur Actu<\/p>\n<p class=\" wall-content\">Suivez toute l\u2019actualit\u00e9 de vos villes et m\u00e9dias favoris en vous inscrivant \u00e0 <a href=\"https:\/\/moncompte.actu.fr\" title=\"D\u00e9couvez Mon Actu\" rel=\"nofollow noopener\" data-trk=\"{&quot;cta&quot;:{&quot;action&quot;:&quot;https:\\\/\\\/moncompte.actu.fr&quot;,&quot;category&quot;:&quot;mon compte&quot;,&quot;from&quot;:&quot;article footer&quot;,&quot;name&quot;:&quot;Mon actu&quot;,&quot;type&quot;:&quot;cta&quot;}}\" target=\"_blank\">Mon Actu<\/a>.<\/p>\n","protected":false},"excerpt":{"rendered":"Par Lisa Rodrigues Publi\u00e9 le 4 juil. 2025 \u00e0 17h58 Un grave accident de la circulation s\u2019est produit&hellip;\n","protected":false},"author":2,"featured_media":226080,"comment_status":"","ping_status":"","sticky":false,"template":"","format":"standard","meta":{"footnotes":""},"categories":[9566],"tags":[119,1111,11,2430,1777,674,118,1011,27,2731,12,1311,25],"class_list":{"0":"post-226079","1":"post","2":"type-post","3":"status-publish","4":"format-standard","5":"has-post-thumbnail","7":"category-grenoble","8":"tag-accident","9":"tag-actu","10":"tag-actualites","11":"tag-auvergne-rhone-alpes","12":"tag-eu","13":"tag-europe","14":"tag-faits-divers","15":"tag-fr","16":"tag-france","17":"tag-grenoble","18":"tag-news","19":"tag-pompiers","20":"tag-republique-francaise"},"share_on_mastodon":{"url":"https:\/\/pubeurope.com\/@fr\/114795998370432611","error":""},"_links":{"self":[{"href":"https:\/\/www.europesays.com\/fr\/wp-json\/wp\/v2\/posts\/226079","targetHints":{"allow":["GET"]}}],"collection":[{"href":"https:\/\/www.europesays.com\/fr\/wp-json\/wp\/v2\/posts"}],"about":[{"href":"https:\/\/www.europesays.com\/fr\/wp-json\/wp\/v2\/types\/post"}],"author":[{"embeddable":true,"href":"https:\/\/www.europesays.com\/fr\/wp-json\/wp\/v2\/users\/2"}],"replies":[{"embeddable":true,"href":"https:\/\/www.europesays.com\/fr\/wp-json\/wp\/v2\/comments?post=226079"}],"version-history":[{"count":0,"href":"https:\/\/www.europesays.com\/fr\/wp-json\/wp\/v2\/posts\/226079\/revisions"}],"wp:featuredmedia":[{"embeddable":true,"href":"https:\/\/www.europesays.com\/fr\/wp-json\/wp\/v2\/media\/226080"}],"wp:attachment":[{"href":"https:\/\/www.europesays.com\/fr\/wp-json\/wp\/v2\/media?parent=226079"}],"wp:term":[{"taxonomy":"category","embeddable":true,"href":"https:\/\/www.europesays.com\/fr\/wp-json\/wp\/v2\/categories?post=226079"},{"taxonomy":"post_tag","embeddable":true,"href":"https:\/\/www.europesays.com\/fr\/wp-json\/wp\/v2\/tags?post=226079"}],"curies":[{"name":"wp","href":"https:\/\/api.w.org\/{rel}","templated":true}]}}